{"id":546417,"date":"2025-11-20T07:57:11","date_gmt":"2025-11-20T07:57:11","guid":{"rendered":"https:\/\/www.europesays.com\/fr\/546417\/"},"modified":"2025-11-20T07:57:11","modified_gmt":"2025-11-20T07:57:11","slug":"ballon-dor-france-football-africain-et-asiatique-pourquoi-le-psg-devient-un-club-unique-au-monde","status":"publish","type":"post","link":"https:\/\/www.europesays.com\/fr\/546417\/","title":{"rendered":"Ballon d\u2019or France Football, africain et asiatique\u2026 Pourquoi le PSG devient un club unique au monde"},"content":{"rendered":"<p class=\"paragraph text_align_left lp-f-body-02\">Faire ce que personne encore n\u2019avait r\u00e9alis\u00e9 et entrer de plain-pied dans la l\u00e9gende du football international. D\u2019une capitale \u00e0 l\u2019autre, de Paris \u00e0 Rabat, voil\u00e0 donc l\u2019exploit unique au monde qu\u2019<a href=\"https:\/\/www.leparisien.fr\/sports\/football\/psg\/achraf-hakimi-ballon-dor-africain-ce-trophee-cest-celui-de-tous-les-enfants-marocains-et-africains-19-11-2025-IOWIFYLHCBFYBF7XOXIP3X23OI.php\" target=\"_blank\" rel=\"noreferrer nofollow noopener\">Achraf Hakimi<\/a> aura permis au <a href=\"https:\/\/www.leparisien.fr\/sports\/football\/psg\/\" target=\"_blank\" rel=\"noreferrer nofollow noopener\">PSG<\/a> de r\u00e9aliser en d\u00e9crochant, pour la premi\u00e8re fois de sa carri\u00e8re, le troph\u00e9e de meilleur joueur africain de l\u2019ann\u00e9e mercredi soir lors de la c\u00e9r\u00e9monie des CAF Awards organis\u00e9e sur \u00ab\u00a0ses\u00a0\u00bb terres.<\/p>\n<p class=\"paragraph text_align_left lp-f-body-02\">Premier joueur marocain \u00e0 \u00eatre r\u00e9compens\u00e9 depuis Mustapha Hadji en 1998, le champion d\u2019Europe parisien a en effet permis au PSG de devenir le tout premier club de l\u2019histoire \u00e0 compter dans ses rangs le Ballon d\u2019or France Football, le \u00ab\u00a0Ballon d\u2019or\u00a0\u00bb asiatique, le \u00ab\u00a0Ballon d\u2019or\u00a0\u00bb africain ainsi que le \u00ab\u00a0Ballon d\u2019Or\u00a0\u00bb de la jeunesse si l\u2019on consid\u00e8re que le troph\u00e9e Golden-Boy remport\u00e9 par D\u00e9sir\u00e9 Dou\u00e9 peut \u00eatre consid\u00e9r\u00e9 comme tel.<\/p>\n<p class=\"paragraph text_align_left lp-f-body-02\">Le 22\u00a0septembre, pendant que ses partenaires s\u2019inclinaient (1-0) au V\u00e9lodrome dans un clasico que la m\u00e9t\u00e9o avait repouss\u00e9 de 24\u00a0heures, <a href=\"https:\/\/www.leparisien.fr\/sports\/football\/ousmane-dembele\/\" target=\"_blank\" rel=\"noreferrer nofollow noopener\">Ousmane Demb\u00e9l\u00e9<\/a> avait ainsi ouvert le bal des r\u00e9compenses individuelles en devenant, sur la sc\u00e8ne du Th\u00e9\u00e2tre du Ch\u00e2telet, le sixi\u00e8me Ballon d\u2019Or fran\u00e7ais de l\u2019histoire.<\/p>\n<p class=\"title-embed-dailymotion lp-color-text lp-f-subtitle-04\">Vid\u00e9oDemb\u00e9l\u00e9 pr\u00e9sente son Ballon d&rsquo;or \u00e0 \u00c9vreux<\/p>\n<p class=\"paragraph text_align_left lp-f-body-02\">Un sacre qui, port\u00e9 par la saison exceptionnelle du PSG sur les sc\u00e8nes nationale et internationale, n\u2019a pas tard\u00e9 \u00e0 faire des petits puisque un peu moins d\u2019un mois plus tard, le Cor\u00e9en Lee Kang-in est devenu le premier joueur du PSG \u00e0 \u00eatre \u00e9lu meilleur joueur international asiatique de l\u2019ann\u00e9e lors de la c\u00e9r\u00e9monie des \u00ab\u00a0AFC Awards\u00a0\u00bb.<\/p>\n<p>D\u00e9sir\u00e9 Dou\u00e9 futur meilleur jeune joueur d\u2019Europe<\/p>\n<p class=\"paragraph text_align_left lp-f-body-02\">Les 162 votants de la Conf\u00e9d\u00e9ration africaine de football ayant, sans surprise, \u00e9rig\u00e9 Achraf Hakimi en repr\u00e9sentant num\u00e9ro\u00a01 du continent ce mercredi, voil\u00e0 donc le PSG auteur d\u2019un Grand Chelem in\u00e9dit qui sera ponctu\u00e9 le 16\u00a0d\u00e9cembre prochain par le troph\u00e9e de meilleur jeune joueur de moins de 21\u00a0ans \u00e9voluant en Europe qui sera remis \u00e0 <a href=\"https:\/\/www.leparisien.fr\/sports\/football\/desire-doue\/\" target=\"_blank\" rel=\"noreferrer nofollow noopener\">D\u00e9sir\u00e9 Dou\u00e9.<\/a><\/p>\n<p class=\"paragraph text_align_left lp-f-body-02\">Pour donner un ordre d\u2019id\u00e9e de la performance r\u00e9alis\u00e9e par la formation dirig\u00e9e par Luis Enrique, le Paris Saint-Germain n\u2019est que le 3\u1d49 club de l\u2019histoire \u00e0 compter dans son effectif un Ballon d\u2019Or (Ousmane Demb\u00e9l\u00e9) et un Ballon d\u2019Or Africain (Achraf Hakimi) la m\u00eame ann\u00e9e.<\/p>\n<p class=\"paragraph text_align_left lp-f-body-02\">Seuls l\u2019AC Milan de George Weah, qui avait remport\u00e9 les deux troph\u00e9es en 1995, et le FC Barcelone de 2005 avec Ronaldinho (Ballon d\u2019Or) et Samuel Eto\u2019o (Ballon d\u2019Or Africain) avaient jusque-l\u00e0 r\u00e9alis\u00e9 cette performance.<\/p>\n<p class=\"paragraph text_align_left lp-f-body-02\">Mais \u00e7a, c\u2019\u00e9tait avant la cons\u00e9cration d\u2019Achraf Hakimi et du PSG. L\u2019histoire ne dit pas si le d\u00e9fenseur marocain savait, lorsqu\u2019il est mont\u00e9 sur sc\u00e8ne mercredi soir pour recevoir son prix, que sa r\u00e9compense individuelle ferait de son club un cas unique dans l\u2019histoire du football international. Mais une chose est s\u00fbre, pour lui comme Paris, cette ann\u00e9e 2025 restera \u00e0 jamais grav\u00e9e dans le marbre.<\/p>\n","protected":false},"excerpt":{"rendered":"Faire ce que personne encore n\u2019avait r\u00e9alis\u00e9 et entrer de plain-pied dans la l\u00e9gende du football international. D\u2019une&hellip;\n","protected":false},"author":2,"featured_media":546418,"comment_status":"","ping_status":"","sticky":false,"template":"","format":"standard","meta":{"footnotes":""},"categories":[4],"tags":[11,63,1011,27,12,93,25,60],"class_list":{"0":"post-546417","1":"post","2":"type-post","3":"status-publish","4":"format-standard","5":"has-post-thumbnail","7":"category-france","8":"tag-actualites","9":"tag-football","10":"tag-fr","11":"tag-france","12":"tag-news","13":"tag-psg","14":"tag-republique-francaise","15":"tag-sports"},"share_on_mastodon":{"url":"https:\/\/pubeurope.com\/@fr\/115580963805322277","error":""},"_links":{"self":[{"href":"https:\/\/www.europesays.com\/fr\/wp-json\/wp\/v2\/posts\/546417","targetHints":{"allow":["GET"]}}],"collection":[{"href":"https:\/\/www.europesays.com\/fr\/wp-json\/wp\/v2\/posts"}],"about":[{"href":"https:\/\/www.europesays.com\/fr\/wp-json\/wp\/v2\/types\/post"}],"author":[{"embeddable":true,"href":"https:\/\/www.europesays.com\/fr\/wp-json\/wp\/v2\/users\/2"}],"replies":[{"embeddable":true,"href":"https:\/\/www.europesays.com\/fr\/wp-json\/wp\/v2\/comments?post=546417"}],"version-history":[{"count":0,"href":"https:\/\/www.europesays.com\/fr\/wp-json\/wp\/v2\/posts\/546417\/revisions"}],"wp:featuredmedia":[{"embeddable":true,"href":"https:\/\/www.europesays.com\/fr\/wp-json\/wp\/v2\/media\/546418"}],"wp:attachment":[{"href":"https:\/\/www.europesays.com\/fr\/wp-json\/wp\/v2\/media?parent=546417"}],"wp:term":[{"taxonomy":"category","embeddable":true,"href":"https:\/\/www.europesays.com\/fr\/wp-json\/wp\/v2\/categories?post=546417"},{"taxonomy":"post_tag","embeddable":true,"href":"https:\/\/www.europesays.com\/fr\/wp-json\/wp\/v2\/tags?post=546417"}],"curies":[{"name":"wp","href":"https:\/\/api.w.org\/{rel}","templated":true}]}}