{"id":546421,"date":"2025-11-20T08:00:23","date_gmt":"2025-11-20T08:00:23","guid":{"rendered":"https:\/\/www.europesays.com\/fr\/546421\/"},"modified":"2025-11-20T08:00:23","modified_gmt":"2025-11-20T08:00:23","slug":"les-supporters-dun-club-amateur-insultent-larbitre-la-ffr-sanctionne","status":"publish","type":"post","link":"https:\/\/www.europesays.com\/fr\/546421\/","title":{"rendered":"Les supporters d\u2019un club amateur insultent l\u2019arbitre : La FFR sanctionne !"},"content":{"rendered":"<p>Le SA Vierzon Rugby a \u00e9t\u00e9 sanctionn\u00e9 d\u2019une amende de 500 \u20ac apr\u00e8s des insultes venant de ses supporters lors du match contre Jou\u00e9-l\u00e8s-Tours, disput\u00e9 le 9 novembre.<\/p>\n<p>Comme le rapporte <a href=\"https:\/\/www.francebleu.fr\/sports\/rugby\/vierzon-le-club-de-rugby-sanctionne-apres-des-insultes-en-tribune-envers-l-arbitre-lors-du-match-contre-joue-les-tours-1842074\" rel=\"nofollow noopener\" target=\"_blank\">Ici Touraine<\/a>, plusieurs spectateurs ont vis\u00e9 l\u2019arbitre avec des propos injurieux tels que \u00ab T\u2019as \u00e9t\u00e9 mauvais \u00bb, \u00ab t\u2019es un salaud \u00bb ou encore \u00ab il va se faire tourner par les joueurs de Jou\u00e9 dans les vestiaires \u00bb, comme mentionn\u00e9 dans le rapport d\u2019apr\u00e8s-match. Ces comportements, \u00e9loign\u00e9s des valeurs du rugby, ont provoqu\u00e9 la r\u00e9action imm\u00e9diate de la F\u00e9d\u00e9ration fran\u00e7aise de rugby, qui a d\u00e9cid\u00e9 de sanctionner le club.<\/p>\n<p>Face \u00e0 cette situation, le pr\u00e9sident vierzonnais, C\u00e9dric Nicaud, a publi\u00e9 un communiqu\u00e9 le 19 novembre pour condamner fermement ces agissements. Il rappelle que \u00ab le respect de l\u2019arbitre, des officiels de match, ainsi que de nos adversaires est un principe fondamental du rugby \u00bb.<\/p>\n<p>Lui-m\u00eame arbitre depuis 18 ans, il insiste sur l\u2019importance de prot\u00e9ger ces acteurs indispensables : \u00ab le jour o\u00f9 il n\u2019y aura plus d\u2019arbitre, il n\u2019y aura plus de rugby \u00bb. Il invite aussi les clubs et supporters \u00e0 r\u00e9agir imm\u00e9diatement lorsqu\u2019ils entendent ce type de propos, allant jusqu\u2019\u00e0 affirmer qu\u2019\u00ab il faut faire sortir ces personnes-l\u00e0 de l\u2019enceinte parce qu\u2019elles n\u2019ont pas leur place dans un stade \u00bb.<\/p>\n<p>Au-del\u00e0 du principe, le pr\u00e9sident souligne le poids financier de l\u2019amende dans la vie d\u2019un club amateur : \u00ab C\u2019est beaucoup d\u2019argent pour des clubs pour nous. On n\u2019est pas un club millionnaire. C\u2019est un transport de bus pour les gamins, un repas le dimanche midi pour les joueurs \u00bb. Cette sanction touche donc directement le fonctionnement du club et ses activit\u00e9s quotidiennes.<\/p>\n<p>Pour \u00e9viter que cela ne se reproduise, les dirigeants du SA Vierzon Rugby ont d\u00e9cid\u00e9 de prendre des mesures pr\u00e9ventives d\u00e8s le prochain match \u00e0 domicile. Des annonces seront faites au micro pour sensibiliser le public, et des banderoles seront install\u00e9es autour du terrain afin de rappeler les r\u00e8gles de respect entre supporters, joueurs et arbitres. L\u2019objectif : retrouver un climat serein, prot\u00e9ger les valeurs du rugby et emp\u00eacher toute nouvelle d\u00e9rive.<\/p>\n<p>Ce r\u00e9sum\u00e9 met en lumi\u00e8re la volont\u00e9 du club de r\u00e9agir de mani\u00e8re responsable et ferme, tout en soulignant la fragilit\u00e9 financi\u00e8re et organisationnelle des structures amateurs face \u00e0 ce type d\u2019incident.<\/p>\n","protected":false},"excerpt":{"rendered":"Le SA Vierzon Rugby a \u00e9t\u00e9 sanctionn\u00e9 d\u2019une amende de 500 \u20ac apr\u00e8s des insultes venant de ses&hellip;\n","protected":false},"author":2,"featured_media":234507,"comment_status":"","ping_status":"","sticky":false,"template":"","format":"standard","meta":{"footnotes":""},"categories":[1416],"tags":[1011,27,479,1468,60],"class_list":{"0":"post-546421","1":"post","2":"type-post","3":"status-publish","4":"format-standard","5":"has-post-thumbnail","7":"category-rugby","8":"tag-fr","9":"tag-france","10":"tag-rugby","11":"tag-rugby-football","12":"tag-sports"},"share_on_mastodon":{"url":"","error":""},"_links":{"self":[{"href":"https:\/\/www.europesays.com\/fr\/wp-json\/wp\/v2\/posts\/546421","targetHints":{"allow":["GET"]}}],"collection":[{"href":"https:\/\/www.europesays.com\/fr\/wp-json\/wp\/v2\/posts"}],"about":[{"href":"https:\/\/www.europesays.com\/fr\/wp-json\/wp\/v2\/types\/post"}],"author":[{"embeddable":true,"href":"https:\/\/www.europesays.com\/fr\/wp-json\/wp\/v2\/users\/2"}],"replies":[{"embeddable":true,"href":"https:\/\/www.europesays.com\/fr\/wp-json\/wp\/v2\/comments?post=546421"}],"version-history":[{"count":0,"href":"https:\/\/www.europesays.com\/fr\/wp-json\/wp\/v2\/posts\/546421\/revisions"}],"wp:featuredmedia":[{"embeddable":true,"href":"https:\/\/www.europesays.com\/fr\/wp-json\/wp\/v2\/media\/234507"}],"wp:attachment":[{"href":"https:\/\/www.europesays.com\/fr\/wp-json\/wp\/v2\/media?parent=546421"}],"wp:term":[{"taxonomy":"category","embeddable":true,"href":"https:\/\/www.europesays.com\/fr\/wp-json\/wp\/v2\/categories?post=546421"},{"taxonomy":"post_tag","embeddable":true,"href":"https:\/\/www.europesays.com\/fr\/wp-json\/wp\/v2\/tags?post=546421"}],"curies":[{"name":"wp","href":"https:\/\/api.w.org\/{rel}","templated":true}]}}