{"id":546422,"date":"2025-11-20T08:02:23","date_gmt":"2025-11-20T08:02:23","guid":{"rendered":"https:\/\/www.europesays.com\/fr\/546422\/"},"modified":"2025-11-20T08:02:23","modified_gmt":"2025-11-20T08:02:23","slug":"sans-trembler-litalie-rejoint-le-dernier-carre","status":"publish","type":"post","link":"https:\/\/www.europesays.com\/fr\/546422\/","title":{"rendered":"sans trembler, l\u2019Italie rejoint le dernier carr\u00e9"},"content":{"rendered":"<p>\n    L\u2019Italie s\u2019est qualifi\u00e9e en demi-finale de la Coupe Davis suite \u00e0 la victoire de Flavio Cobolli contre l\u2019Autrichien Filip Misolic (6-1, 6-3) et de Matteo Berrettini un peu plus t\u00f4t.<\/p>\n<p class=\"fig-paragraph\">L&rsquo;Italie s&rsquo;est qualifi\u00e9e facilement pour les demi-finales de la\u00a0<a href=\"http:\/\/www.lefigaro.fr\/sports\/tennis\/coupe-davis\/coupe-davis-le-premier-final-8-des-bleus-a-vire-au-fiasco-20251118\" target=\"_blank\" data-fig-type=\"NewsFlash\" rel=\"sponsored noopener\" data-gtm-custom-categorie=\"navigation\" data-gtm-custom-action=\"crossclick\" data-gtm-custom-label=\"Contextuel\" data-gtm-event=\"customEventSPE\" data-fig-domain=\"LEFIGARO\">Coupe Davis<\/a>, dont elle est double tenante du titre, apr\u00e8s avoir battu l&rsquo;Autriche 2 \u00e0 0, mercredi \u00e0 Bologne. Apr\u00e8s la victoire de\u00a0<a href=\"http:\/\/www.lefigaro.fr\/sports\/tennis\/coupe-davis\/coupe-davis-berrettini-donne-l-avantage-a-l-italie-20251119\" target=\"_blank\" data-fig-type=\"NewsFlash\" rel=\"sponsored noopener\" data-gtm-custom-categorie=\"navigation\" data-gtm-custom-action=\"crossclick\" data-gtm-custom-label=\"Contextuel\" data-gtm-event=\"customEventSPE\" data-fig-domain=\"LEFIGARO\">Matteo Berrettini\u00a0<\/a>face \u00e0 Jurij Rodionov (177e) 6-3, 7-6 (7\/4) dans le premier simple, Flavio Cobolli a apport\u00e9 le second point en disposant de Filip Misolic 6-1, 6-3. Les Italiens rencontreront en demi-finale\u00a0<a href=\"http:\/\/www.lefigaro.fr\/sports\/tennis\/une-deception-douche-froide-qu-a-pense-la-presse-apres-la-defaite-de-la-france-face-a-la-belgique-en-coupe-davis-20251119\" target=\"_blank\" data-fig-type=\"NewsFlash\" rel=\"sponsored noopener\" data-gtm-custom-categorie=\"navigation\" data-gtm-custom-action=\"crossclick\" data-gtm-custom-label=\"Contextuel\" data-gtm-event=\"customEventSPE\" data-fig-domain=\"LEFIGARO\">la Belgique, tombeuse de la France<\/a>\u00a0mardi (2-0). L&rsquo;Italie m\u00e8ne six victoires \u00e0 quatre.<\/p>\n<p class=\"fig-paragraph\">Les autres quarts de finale opposeront jeudi l&rsquo;Argentine \u00e0 l&rsquo;Allemagne et l&rsquo;Espagne \u00e0 la R\u00e9publique tch\u00e8que. Devant une salle du Super Tennis Arena de Bologne acquise \u00e0 leur cause, les Italiens, bien que priv\u00e9s de leurs t\u00eates d&rsquo;affiche\u00a0<a href=\"http:\/\/www.lefigaro.fr\/sports\/tennis\/tennis-la-statistique-irrealiste-entre-carlos-alcaraz-et-jannik-sinner-20251117\" target=\"_blank\" data-fig-type=\"NewsFlash\" rel=\"sponsored noopener\" data-gtm-custom-categorie=\"navigation\" data-gtm-custom-action=\"crossclick\" data-gtm-custom-label=\"Contextuel\" data-gtm-event=\"customEventSPE\" data-fig-domain=\"LEFIGARO\">Jannik Sinner<\/a>\u00a0(2e mondial) et Lorenzo Musetti (8e), ont tenu leur rang. Matteo Berrettini, ancien N.6 et d\u00e9sormais 56e mondial, a eu connu quelques trous d&rsquo;air pour battre le 177e Jurij Rodionov. H\u00e9ros de la victoire italienne lors du Final 8 de 2024 &#8212; il avait gagn\u00e9 le double d\u00e9cisif en quarts, puis le premier simple en demie et en finale &#8212; Berrettini a d\u00e9but\u00e9 en fanfare, par un jeu blanc sur son service.<\/p>\n<blockquote class=\"fig-quote&#10;    \">\n<p class=\"fig-quote__text\">C\u2019est tellement important pour nous<\/p>\n<p>            Berrettini\n    <\/p><\/blockquote>\n<p>                                    <a class=\"fig-a11y-skip a11y-hidden\" href=\"#fig-a11y-skip-main-inarticle\"><br \/>\n        Passer la publicit\u00e9<br \/>\n    <\/a><\/p>\n<p class=\"fig-paragraph\">Mais le modeste gaucher autrichien a jou\u00e9 cr\u00e2nement sa chance en obtenant une balle de break \u00e0 3-3, sauv\u00e9e par l&rsquo;Italien gr\u00e2ce \u00e0 un ace. Berrettini a fait le break dans la foul\u00e9e avant de remporter la premi\u00e8re manche 6-3 en 33 minutes. Dans la seconde manche, interrompue pendant pr\u00e8s d&rsquo;une demi-heure \u00e0 cause d&rsquo;un probl\u00e8me d&rsquo;\u00e9clairage, Berrettini a connu un trou noir, conc\u00e9dant pour la premi\u00e8re fois son service \u00e0 2-3 pour permettre \u00e0 Rodionov de se d\u00e9tacher 4-2 puis 5-2.<\/p>\n<p class=\"fig-paragraph\">C&rsquo;est pourtant le Romain qui est parvenu \u00e0 remporter ce second set et le match\u00a0: il a d&rsquo;abord d\u00e9break\u00e9 puis sauv\u00e9 trois balles de set \u00e0 4-5, 0-40 avec un ace et deux services gagnants, puis recoll\u00e9 \u00e0 5-5 avant de se procurer une balle de match dans le tie-break d&rsquo;une improbable vol\u00e9e r\u00e9flexe, et de conclure la partie d&rsquo;un service gagnant.<\/p>\n<p class=\"fig-paragraph\">Berrettini n&rsquo;a pas cach\u00e9 sa joie au moment de la victoire, la c\u00e9l\u00e9brant notamment avec son capitaine Filippo Volandri et le public pr\u00e9sent. \u00abC&rsquo;est tellement important pour nous. Quand vous entonnez l&rsquo;hymne national, entour\u00e9 de vos co\u00e9quipiers. Je pense \u00e0 l&rsquo;\u00e9poque o\u00f9 j&rsquo;\u00e9tais enfant et chantais devant la t\u00e9l\u00e9vision. Je me disais que ce serait tellement bien d&rsquo;\u00eatre \u00e0 cette place-l\u00e0 un jour\u00bb, a-t-il racont\u00e9 en conf\u00e9rence de presse. Apr\u00e8s ce premier combat d&rsquo;1h46, le match opposant les deux num\u00e9ros un de chaque nation n&rsquo;a m\u00e9nag\u00e9 aucun suspense. Flavio Cobolli (22e mondial) a rondement men\u00e9 son affaire face \u00e0 Filip Milosic (79e) en 1h05 (6-1, 6-3), n&rsquo;\u00e9tant jamais mis en difficult\u00e9 sur ses mises en jeu avec huit aces contre un seul pour son adversaire.<\/p>\n","protected":false},"excerpt":{"rendered":"L\u2019Italie s\u2019est qualifi\u00e9e en demi-finale de la Coupe Davis suite \u00e0 la victoire de Flavio Cobolli contre l\u2019Autrichien&hellip;\n","protected":false},"author":2,"featured_media":546423,"comment_status":"","ping_status":"","sticky":false,"template":"","format":"standard","meta":{"footnotes":""},"categories":[1415],"tags":[1011,27,452,66466,60,1467],"class_list":{"0":"post-546422","1":"post","2":"type-post","3":"status-publish","4":"format-standard","5":"has-post-thumbnail","7":"category-tennis","8":"tag-fr","9":"tag-france","10":"tag-italie","11":"tag-matteo-berrettini","12":"tag-sports","13":"tag-tennis"},"share_on_mastodon":{"url":"https:\/\/pubeurope.com\/@fr\/115580983287057300","error":""},"_links":{"self":[{"href":"https:\/\/www.europesays.com\/fr\/wp-json\/wp\/v2\/posts\/546422","targetHints":{"allow":["GET"]}}],"collection":[{"href":"https:\/\/www.europesays.com\/fr\/wp-json\/wp\/v2\/posts"}],"about":[{"href":"https:\/\/www.europesays.com\/fr\/wp-json\/wp\/v2\/types\/post"}],"author":[{"embeddable":true,"href":"https:\/\/www.europesays.com\/fr\/wp-json\/wp\/v2\/users\/2"}],"replies":[{"embeddable":true,"href":"https:\/\/www.europesays.com\/fr\/wp-json\/wp\/v2\/comments?post=546422"}],"version-history":[{"count":0,"href":"https:\/\/www.europesays.com\/fr\/wp-json\/wp\/v2\/posts\/546422\/revisions"}],"wp:featuredmedia":[{"embeddable":true,"href":"https:\/\/www.europesays.com\/fr\/wp-json\/wp\/v2\/media\/546423"}],"wp:attachment":[{"href":"https:\/\/www.europesays.com\/fr\/wp-json\/wp\/v2\/media?parent=546422"}],"wp:term":[{"taxonomy":"category","embeddable":true,"href":"https:\/\/www.europesays.com\/fr\/wp-json\/wp\/v2\/categories?post=546422"},{"taxonomy":"post_tag","embeddable":true,"href":"https:\/\/www.europesays.com\/fr\/wp-json\/wp\/v2\/tags?post=546422"}],"curies":[{"name":"wp","href":"https:\/\/api.w.org\/{rel}","templated":true}]}}