{"id":546424,"date":"2025-11-20T08:06:14","date_gmt":"2025-11-20T08:06:14","guid":{"rendered":"https:\/\/www.europesays.com\/fr\/546424\/"},"modified":"2025-11-20T08:06:14","modified_gmt":"2025-11-20T08:06:14","slug":"tristan-verrier-le-plus-regulier-actualite","status":"publish","type":"post","link":"https:\/\/www.europesays.com\/fr\/546424\/","title":{"rendered":"Tristan Verrier, le plus r\u00e9gulier &#8211; Actualit\u00e9"},"content":{"rendered":"<p style=\"text-align: justify;\">Deux fois quatre, \u00e7a vaut presque un podium. Tristan Verrier a \u00e9t\u00e9 tr\u00e8s r\u00e9gulier ce week-end dans les deux manches de Coupe de France de cyclo-cross \u00e0 Quelneuc. \u00ab\u00a0C&rsquo;est un super bilan. Aujourd&rsquo;hui (dimanche), je voyais le podium encore pas loin mais je suis \u00e0 ma place. Je suis un des plus r\u00e9guliers\u00a0\u00bb, constate-t-il pour DirectVelo. <a href=\"https:\/\/www.directvelo.com\/epreuve\/48686\/coupe-de-france-de-cyclo-cross-quelneuc-elite-hommes-1-2025\" target=\"_blank\" rel=\"noopener\"><strong>Le samedi<\/strong><\/a>, il n&rsquo;a pas pu accrocher le sillage de Damien B\u00e9ton qui remontait vers le podium. <a href=\"https:\/\/www.directvelo.com\/epreuve\/48693\/coupe-de-france-de-cyclo-cross-quelneuc-elite-hommes-2-2025\" target=\"_blank\" rel=\"noopener\"><strong>Dimanche<\/strong><\/a>, il s&rsquo;est longtemps maintenu avec Damien B\u00e9ton et R\u00e9mi Lelandais, derri\u00e8re l&rsquo;intouchable Aubin Sparfel, avant de c\u00e9der. \u00ab\u00a0J&rsquo;ai souffert \u00e0 la mi-course, je me prends une vingtaine de secondes sur le podium\u00a0\u00bb, rappelle-t-il.<\/p>\n<p>Une fois install\u00e9 \u00e0 la 4e place, le coureur du Team Gu\u00e9vel Roadborn garde ses adversaires \u00e0 port\u00e9e de fusil. \u00ab\u00a0Je suis rest\u00e9 \u00e0 distance tout le temps, et j&rsquo;ai d\u00e9raill\u00e9 plusieurs fois. Je sais pas si je serais rentr\u00e9, mais \u00e7a m&rsquo;a un peu handicap\u00e9 dans le dernier tour, la cha\u00eene passait dans les rayons\u00a0\u00bb. Dans la boue du Bois du Houx, les fautes \u00e9taient in\u00e9vitables. \u00ab\u00a0C&rsquo;est \u00e0 celui qui en faisait le moins possible. Il fallait \u00eatre le plus propre possible. \u00c7a s&rsquo;enfonce dans la boue, il faut s&rsquo;en sortir. Il faut \u00eatre costaud, tout le temps lucide\u00a0\u00bb.<\/p>\n<p><strong>\u00ab C&rsquo;EST PLUS DENSE DEVANT \u00bb<\/strong><\/p>\n<p>Le coureur de 22 ans dispute son premier hiver chez les Elites. Et dimanche, il a \u00e9t\u00e9 servi avec 1h10&prime; de course. \u00ab\u00a0On passe au dernier tour \u00e0 1 heure quasiment. Je n&rsquo;\u00e9tais pas si mal, je n&rsquo;ai pas coinc\u00e9\u00a0\u00bb, remarque-t-il. Apr\u00e8s quatre manches, Tristan Verrier peut analyser les diff\u00e9rences avec les Espoirs. \u00ab\u00a0C&rsquo;est plus dense devant. J&rsquo;\u00e9tais 2e \u00e0 un moment et j&rsquo;avais quatre gars derri\u00e8re moi. Aubin (Sparfel) est le plus fort, il y a aussi David Menut mais derri\u00e8re, les niveaux sont assez proches\u00a0\u00bb.\u00a0<\/p>\n<p>Tristan Verrier va continuer sa s\u00e9rie de cyclo-cross UCI avec ce samedi, l&rsquo;\u00e9preuve C2 \u00e0 Gernelle, avant sa premi\u00e8re manche de Coupe du Monde en Normandie <a href=\"https:\/\/www.directvelo.com\/actualite\/125435\/cc-flamanville-les-elites-francais-engages\" target=\"_blank\" rel=\"noopener\"><strong>\u00e0 Flamanville<\/strong><\/a>. \u00ab\u00a0Il y aura peut-\u00eatre une autre manche en Belgique pendant la p\u00e9riode de No\u00ebl\u00a0\u00bb, ajoute-t-il. Mais son objectif reste la Coupe de France o\u00f9 il occupe la 4e place avec autant de points que Mat\u00e9o Jot, 3e. Pour marquer des points en Coupe de France, les 30 points UCI engrang\u00e9s \u00e0 Quelneuc sont les bienvenus. Il a fait un bond de 52 places au classement UCI. \u00ab\u00a0Ici, je n&rsquo;\u00e9tais pas loin de me retrouver troisi\u00e8me ligne, donc le week-end va me faire du bien\u00a0\u00bb.\u00a0<\/p>\n","protected":false},"excerpt":{"rendered":"Deux fois quatre, \u00e7a vaut presque un podium. Tristan Verrier a \u00e9t\u00e9 tr\u00e8s r\u00e9gulier ce week-end dans les&hellip;\n","protected":false},"author":2,"featured_media":546425,"comment_status":"","ping_status":"","sticky":false,"template":"","format":"standard","meta":{"footnotes":""},"categories":[1411],"tags":[834,828,836,829,837,827,83,826,824,823,1154,207,814,817,815,816,822,821,832,211,839,1011,27,820,818,819,835,831,830,833,838,60,212,208,825],"class_list":{"0":"post-546424","1":"post","2":"type-post","3":"status-publish","4":"format-standard","5":"has-post-thumbnail","7":"category-cyclisme","8":"tag-attaque","9":"tag-belgique","10":"tag-braquet","11":"tag-bretagne","12":"tag-chute","13":"tag-competition","14":"tag-coupe-de-france","15":"tag-coureur","16":"tag-course-cyclisme","17":"tag-course-cycliste","18":"tag-cycling","19":"tag-cyclisme","20":"tag-direct","21":"tag-direct-velo","22":"tag-directvelo","23":"tag-directvelo-com","24":"tag-epreuve","25":"tag-epreuve-cycliste","26":"tag-federation-francaise-de-cyclisme","27":"tag-ffc","28":"tag-flandres","29":"tag-fr","30":"tag-france","31":"tag-live","32":"tag-live-course","33":"tag-live-epreuve","34":"tag-peloton","35":"tag-radio-peloton","36":"tag-radio-tour","37":"tag-ravitaillement","38":"tag-relance","39":"tag-sports","40":"tag-uci","41":"tag-velo","42":"tag-velos"},"share_on_mastodon":{"url":"https:\/\/pubeurope.com\/@fr\/115580999026215603","error":""},"_links":{"self":[{"href":"https:\/\/www.europesays.com\/fr\/wp-json\/wp\/v2\/posts\/546424","targetHints":{"allow":["GET"]}}],"collection":[{"href":"https:\/\/www.europesays.com\/fr\/wp-json\/wp\/v2\/posts"}],"about":[{"href":"https:\/\/www.europesays.com\/fr\/wp-json\/wp\/v2\/types\/post"}],"author":[{"embeddable":true,"href":"https:\/\/www.europesays.com\/fr\/wp-json\/wp\/v2\/users\/2"}],"replies":[{"embeddable":true,"href":"https:\/\/www.europesays.com\/fr\/wp-json\/wp\/v2\/comments?post=546424"}],"version-history":[{"count":0,"href":"https:\/\/www.europesays.com\/fr\/wp-json\/wp\/v2\/posts\/546424\/revisions"}],"wp:featuredmedia":[{"embeddable":true,"href":"https:\/\/www.europesays.com\/fr\/wp-json\/wp\/v2\/media\/546425"}],"wp:attachment":[{"href":"https:\/\/www.europesays.com\/fr\/wp-json\/wp\/v2\/media?parent=546424"}],"wp:term":[{"taxonomy":"category","embeddable":true,"href":"https:\/\/www.europesays.com\/fr\/wp-json\/wp\/v2\/categories?post=546424"},{"taxonomy":"post_tag","embeddable":true,"href":"https:\/\/www.europesays.com\/fr\/wp-json\/wp\/v2\/tags?post=546424"}],"curies":[{"name":"wp","href":"https:\/\/api.w.org\/{rel}","templated":true}]}}