{"id":546428,"date":"2025-11-20T08:08:12","date_gmt":"2025-11-20T08:08:12","guid":{"rendered":"https:\/\/www.europesays.com\/fr\/546428\/"},"modified":"2025-11-20T08:08:12","modified_gmt":"2025-11-20T08:08:12","slug":"tout-en-elegance-la-famille-princiere-de-monaco-au-grand-complet-sur-le-rocher","status":"publish","type":"post","link":"https:\/\/www.europesays.com\/fr\/546428\/","title":{"rendered":"Tout en \u00e9l\u00e9gance, la famille princi\u00e8re de Monaco au grand complet sur le Rocher"},"content":{"rendered":"<p>\n    Ce mercredi 19 novembre, la famille princi\u00e8re de Monaco c\u00e9l\u00e9brait sa f\u00eate nationale, l\u2019un des \u00e9v\u00e9nements les plus importants de la Principaut\u00e9. Pour l\u2019occasion, tous ses membres se sont donn\u00e9 rendez-vous au complet et au comble de l\u2019\u00e9l\u00e9gance.<\/p>\n<p class=\"fig-paragraph\">Jour de f\u00eate \u00e0 Monaco. Ce 19 novembre, la\u00a0<a href=\"https:\/\/madame.lefigaro.fr\/tag\/monaco\" target=\"_blank\" data-fig-type=\"Keyword\" rel=\"nofollow noopener\" data-gtm-custom-categorie=\"navigation\" data-gtm-custom-action=\"crossclick\" data-gtm-custom-label=\"Contextuel\" data-gtm-event=\"customEventSPE\" data-fig-domain=\"MADAME\">famille princi\u00e8re de Monaco<\/a>\u00a0\u00e9tait de sortie pour c\u00e9l\u00e9brer avec son peuple la F\u00eate nationale, qui honore chaque ann\u00e9e l\u2019ind\u00e9pendance de la Principaut\u00e9. Et pour honorer en bonne et due forme cette journ\u00e9e qui compte comme l\u2019une des plus importantes du calendrier mon\u00e9gasque, les membres f\u00e9minins de la famille ont rivalis\u00e9 d\u2019\u00e9l\u00e9gance (et de couleurs) dans des tenues sign\u00e9es des plus grands couturiers.<\/p>\n<p class=\"fig-body-link&#10;    \">\n            \u00c0 lire aussi<br \/>\n        <a class=\"fig-body-link__link\" href=\"http:\/\/madame.lefigaro.fr\/style\/eva-longoria-reine-d-un-soir-a-monaco-pour-une-soiree-de-gala-avec-la-famille-princiere-20251006\" data-fig-type=\"Article\" data-gtm-custom-categorie=\"navigation\" data-gtm-custom-action=\"crossclick\" data-gtm-custom-label=\"Contextuel\" data-gtm-event=\"customEventSPE\" data-fig-domain=\"MADAME\" target=\"_blank\" rel=\"noopener\"><br \/>\n        Eva Longoria, reine d\u2019un soir \u00e0 Monaco, pour une soir\u00e9e de gala avec la famille princi\u00e8re<\/a>\n<\/p>\n<p>Entre couleurs et sobri\u00e9t\u00e9<\/p>\n<p class=\"fig-paragraph\">La journ\u00e9e a commenc\u00e9 par une messe d\u2019action de Gr\u00e2ce en la cath\u00e9drale Notre-Dame-Immacul\u00e9e\u00a0: dans les premiers rangs de l\u2019assembl\u00e9e,\u00a0<a href=\"http:\/\/madame.lefigaro.fr\/celebrites\/culture\/charlotte-casiraghi-j-ai-toujours-eu-tendance-a-aimer-ce-qui-est-brise-fragile-20240704\" data-fig-type=\"Article\" data-gtm-custom-categorie=\"navigation\" data-gtm-custom-action=\"crossclick\" data-gtm-custom-label=\"Contextuel\" data-gtm-event=\"customEventSPE\" data-fig-domain=\"MADAME\" target=\"_blank\" rel=\"noopener\">Charlotte Casiraghi<\/a>\u00a0a fait, comme a son habitude, confiance \u00e0 Chanel dans un tailleur jupe en tweed, embl\u00e9matique de la maison, dans un jaune rafra\u00eechissant, comme un soleil pour contrer la grisaille de la saison. \u00c0 sa gauche, sa s\u0153ur Alexandra de Hanovre, plus sobre, avait mis\u00e9 sur une petite robe noire sign\u00e9e de la maison italienne Prada. C\u00f4t\u00e9 couleurs, Marie Ducruet a os\u00e9 le vert vibrant quand sa belle-s\u0153ur,\u00a0<a href=\"http:\/\/madame.lefigaro.fr\/celebrites\/actu-people\/28-kilos-en-moins-et-10-tatouages-plus-tard-camille-gottlieb-la-benjamine-de-stephanie-de-monaco-se-livre-comme-jamais-20221124\" data-fig-type=\"Article\" data-gtm-custom-categorie=\"navigation\" data-gtm-custom-action=\"crossclick\" data-gtm-custom-label=\"Contextuel\" data-gtm-event=\"customEventSPE\" data-fig-domain=\"MADAME\" target=\"_blank\" rel=\"noopener\">Camille Gottlieb<\/a>\u00a0est rest\u00e9e sur une valeur s\u00fbre avec un manteau bordeaux accompagn\u00e9 de longs gants en cuir. Elle \u00e9tait assortie \u00e0 sa tante Caroline de Monaco, qui portait, elle, un tailleur de la marque Khaite. St\u00e9phanie de Monaco a elle aussi choisi la sobri\u00e9t\u00e9 avec une robe noire et un manteau nude.<\/p>\n<p>    Caroline et St\u00e9phanie de Monaco.<br \/>\n                Stephane Cardinale &#8211; Corbis \/ Corbis via Getty Images<\/p>\n<p>                                    <a class=\"fig-a11y-skip a11y-hidden\" href=\"#fig-a11y-skip-main-inarticle\"><br \/>\n        Passer la publicit\u00e9<br \/>\n    <\/a><\/p>\n<p class=\"fig-paragraph\">En rouge et blanc, la princesse\u00a0<a href=\"https:\/\/madame.lefigaro.fr\/tag\/charlene-de-monaco\" target=\"_blank\" data-fig-type=\"Keyword\" rel=\"nofollow noopener\" data-gtm-custom-categorie=\"navigation\" data-gtm-custom-action=\"crossclick\" data-gtm-custom-label=\"Contextuel\" data-gtm-event=\"customEventSPE\" data-fig-domain=\"MADAME\">Charl\u00e8ne de Monaco<\/a>\u00a0et sa fille la princesse Gabriella ont fi\u00e8rement rendu hommage aux couleurs de leur drapeau. L\u2019\u00e9pouse du\u00a0<a href=\"https:\/\/madame.lefigaro.fr\/celebrites\/albert-ii-prince-de-monaco-age-anniversaire-60-ans-parcours-enfance-mariage-grace-kelly-120118-146375\" data-fig-type=\"Article\" data-gtm-custom-categorie=\"navigation\" data-gtm-custom-action=\"crossclick\" data-gtm-custom-label=\"Contextuel\" data-gtm-event=\"customEventSPE\" data-fig-domain=\"MADAME\" target=\"_blank\" rel=\"noopener\">prince Albert II<\/a>\u00a0a opt\u00e9 pour un ind\u00e9modable tailleur-pantalon blanc Armani et a coiff\u00e9 ses cheveux blonds sous une voilette. Pour sa fille, elle a choisi un manteau rouge et des ballerines assorties de la maison Gianvito Rossi.<\/p>\n<p>Le retour de Beatrice Borromeo<\/p>\n<p class=\"fig-paragraph\">Deux mois apr\u00e8s avoir accouch\u00e9 d\u2019une petite fille, pr\u00e9nomm\u00e9 Bianca Carolina Marta,\u00a0<a href=\"https:\/\/madame.lefigaro.fr\/tag\/beatrice-borromeo\" target=\"_blank\" data-fig-type=\"Keyword\" rel=\"nofollow noopener\" data-gtm-custom-categorie=\"navigation\" data-gtm-custom-action=\"crossclick\" data-gtm-custom-label=\"Contextuel\" data-gtm-event=\"customEventSPE\" data-fig-domain=\"MADAME\">Beatrice Borromeo<\/a>\u00a0a fait sa premi\u00e8re apparition officielle lors d\u2019un \u00e9v\u00e9nement avec la famille princi\u00e8re. Plus sobre et discr\u00e8te que certaines de ses comparses, l\u2019ancienne journaliste de 40 ans a port\u00e9 une robe grise aux manches longues sign\u00e9e Dior, qu\u2019elle a orn\u00e9e d\u2019une broche en diamants. Assorti \u00e0 son \u00e9pouse, Pierre Casiraghi a lui aussi choisi le gris pour son costume. Une famille au comble de l\u2019\u00e9l\u00e9gance.<\/p>\n<p>    Pierre Casiraghi, Beatrice Borromeo au balcon du Palais princier de Monaco.<br \/>\n                Stephane Cardinale &#8211; Corbis \/ Corbis via Getty Images<\/p>\n","protected":false},"excerpt":{"rendered":"Ce mercredi 19 novembre, la famille princi\u00e8re de Monaco c\u00e9l\u00e9brait sa f\u00eate nationale, l\u2019un des \u00e9v\u00e9nements les plus&hellip;\n","protected":false},"author":2,"featured_media":546429,"comment_status":"","ping_status":"","sticky":false,"template":"","format":"standard","meta":{"footnotes":""},"categories":[1359],"tags":[20429,970,40242,10675,4549,58,59,1011,27,3127,973],"class_list":{"0":"post-546428","1":"post","2":"type-post","3":"status-publish","4":"format-standard","5":"has-post-thumbnail","7":"category-people","8":"tag-albert-ii-de-monaco","9":"tag-aristo-co","10":"tag-caroline-de-monaco","11":"tag-charlene-de-monaco","12":"tag-charlotte-casiraghi","13":"tag-divertissement","14":"tag-entertainment","15":"tag-fr","16":"tag-france","17":"tag-monaco","18":"tag-people"},"share_on_mastodon":{"url":"https:\/\/pubeurope.com\/@fr\/115581007193302461","error":""},"_links":{"self":[{"href":"https:\/\/www.europesays.com\/fr\/wp-json\/wp\/v2\/posts\/546428","targetHints":{"allow":["GET"]}}],"collection":[{"href":"https:\/\/www.europesays.com\/fr\/wp-json\/wp\/v2\/posts"}],"about":[{"href":"https:\/\/www.europesays.com\/fr\/wp-json\/wp\/v2\/types\/post"}],"author":[{"embeddable":true,"href":"https:\/\/www.europesays.com\/fr\/wp-json\/wp\/v2\/users\/2"}],"replies":[{"embeddable":true,"href":"https:\/\/www.europesays.com\/fr\/wp-json\/wp\/v2\/comments?post=546428"}],"version-history":[{"count":0,"href":"https:\/\/www.europesays.com\/fr\/wp-json\/wp\/v2\/posts\/546428\/revisions"}],"wp:featuredmedia":[{"embeddable":true,"href":"https:\/\/www.europesays.com\/fr\/wp-json\/wp\/v2\/media\/546429"}],"wp:attachment":[{"href":"https:\/\/www.europesays.com\/fr\/wp-json\/wp\/v2\/media?parent=546428"}],"wp:term":[{"taxonomy":"category","embeddable":true,"href":"https:\/\/www.europesays.com\/fr\/wp-json\/wp\/v2\/categories?post=546428"},{"taxonomy":"post_tag","embeddable":true,"href":"https:\/\/www.europesays.com\/fr\/wp-json\/wp\/v2\/tags?post=546428"}],"curies":[{"name":"wp","href":"https:\/\/api.w.org\/{rel}","templated":true}]}}