{"id":546436,"date":"2025-11-20T08:13:17","date_gmt":"2025-11-20T08:13:17","guid":{"rendered":"https:\/\/www.europesays.com\/fr\/546436\/"},"modified":"2025-11-20T08:13:17","modified_gmt":"2025-11-20T08:13:17","slug":"le-scenariste-dorigine-reagit-et-ne-comprend-pas-trop","status":"publish","type":"post","link":"https:\/\/www.europesays.com\/fr\/546436\/","title":{"rendered":"le sc\u00e9nariste d&rsquo;origine r\u00e9agit, et ne comprend pas trop"},"content":{"rendered":"<p><strong>\u00c0 peine sorti, <a href=\"https:\/\/www.ecranlarge.com\/films\/1367645-the-running-man\" data-type=\"films\" data-id=\"690418\" rel=\"nofollow noopener\" target=\"_blank\">Running Man<\/a> fait d\u00e9j\u00e0 un petit bide au box-office et \u00e7a fait r\u00e9agir le sc\u00e9nariste du premier film <a href=\"https:\/\/www.ecranlarge.com\/personnalite\/654717-steven-e-de-souza\" data-type=\"people\" data-id=\"306651\" rel=\"nofollow noopener\" target=\"_blank\">Steven E. de Souza<\/a>.<\/strong><\/p>\n<p>Chez \u00c9cran Large, on aime beaucoup <a href=\"https:\/\/www.ecranlarge.com\/personnalite\/655645-edgar-wright\" data-type=\"people\" data-id=\"307476\" rel=\"nofollow noopener\" target=\"_blank\">Edgar Wright<\/a>, et son dernier n\u00e9, s\u2019il n\u2019est pas notre pr\u00e9f\u00e9r\u00e9, nous pla\u00eet assez, comme expliqu\u00e9 dans <a href=\"https:\/\/www.ecranlarge.com\/films\/critique\/running-man-critique-powell-edgar-wright\" data-type=\"link\" data-id=\"https:\/\/www.ecranlarge.com\/films\/critique\/running-man-critique-powell-edgar-wright\" rel=\"nofollow noopener\" target=\"_blank\">notre critique de <strong>Running Man<\/strong><\/a>. Malheureusement, cela se saurait si le succ\u00e8s en salles d\u2019un film \u00e9tait toujours proportionnel \u00e0 ses qualit\u00e9s esth\u00e9tiques. Avec ses poussifs 28 millions de dollars de recettes \u00e0 date de cet article dans le monde, cette seconde adaptation du r\u00e9cit dystopique de <a href=\"https:\/\/www.ecranlarge.com\/personnalite\/685963-stephen-king\" data-type=\"people\" data-id=\"17964\" rel=\"nofollow noopener\" target=\"_blank\">Stephen King<\/a> semble tr\u00e8s mal engag\u00e9e pour rembourser ses 110 millions de dollars de budget (sans m\u00eame compter le co\u00fbt marketing).<\/p>\n<p>                    <img decoding=\"async\" alt=\"\" class=\"wp-image-518375\" style=\"object-fit:cover;width:25px;height:25px\" src=\"https:\/\/www.ecranlarge.com\/content\/uploads\/2023\/09\/arrow-right-circle.svg\"\/><\/p>\n<p>Depuis, chacun cherche une explication au d\u00e9sastre. Un des derniers en date \u00e0 avoir donn\u00e9 son avis sur la question est Steven E. de Souza. Le sc\u00e9nariste derri\u00e8re <strong>48 Heures, Pi\u00e8ge de cristal<\/strong> ou encore <strong>Judge Dredd<\/strong> a \u00e9galement \u00e9crit la premi\u00e8re adaptation du roman de King avec Arnold Schwarzenegger. <strong>Il compare, sur la base des deux sc\u00e9narios, les insucc\u00e8s respectifs des longs-m\u00e9trages de 1987 et 2025<\/strong>, cherchant ainsi \u00e0 \u00e9clairer la situation. <strong>ATTENTION SPOILERS !<\/strong><\/p>\n<p><a href=\"https:\/\/www.ecranlarge.com\/content\/uploads\/2023\/10\/running-man-photo-arnold-schwarzenegger-1492755.jpg\" rel=\"nofollow noopener\" target=\"_blank\"><\/p>\n<p><img loading=\"lazy\" decoding=\"async\" alt=\"Running Man : photo, Arnold Schwarzenegger\" src=\"https:\/\/www.europesays.com\/fr\/wp-content\/uploads\/2025\/11\/running-man-photo-arnold-schwarzenegger-1492755-630x420.jpg\" width=\"630\" height=\"420\"  \/><\/p>\n<p><\/a>\u00c0 choisir, plut\u00f4t Schwarzie que Powell. Plus de muscles, et puis ce pyjama !FINISH LINE MAN<\/p>\n<p>Interview\u00e9 par The Hollywood Reporter, de Souza s\u2019est souvenu que <strong>sa propre version de <a href=\"https:\/\/www.ecranlarge.com\/films\/844167-running-man\" data-type=\"films\" data-id=\"659549\" rel=\"nofollow noopener\" target=\"_blank\">Running Man<\/a> avait \u00e9t\u00e9 fortement critiqu\u00e9e pour sa fin<\/strong>, diff\u00e9rente de celle du livre. Et il constate que des reproches similaires sont adress\u00e9s par la presse \u00e0 l\u2019\u0153uvre de Wright :<\/p>\n<blockquote class=\"wp-block-quote is-layout-flow wp-block-quote-is-layout-flow\">\n<p><strong>\u00ab J\u2019ai lu le sc\u00e9nario [de la version 2025] et j\u2019ai [senti] que, sur le papier, ils avaient r\u00e9ussi \u00e0 faire fonctionner la fin. La fin du livre est d\u00e9primante, il en fallait donc une nouvelle. [Mais], m\u00eame les critiques qui adorent [Running Man] disent que cette fin n\u2019est pas convaincante. Il me semble que cette fois encore, quelque chose a encore mal tourn\u00e9 entre la page et la sc\u00e8ne. \u00bb<\/strong><\/p>\n<\/blockquote>\n<p>La fin des films, pr\u00e9sentant un h\u00e9ros qui survit et m\u00e8ne le peuple vers la r\u00e9volution, est <strong>en effet bien diff\u00e9rente de celle, pessimiste, du roman<\/strong>. Le protagoniste y trouve la mort dans un attentat suicide contre le centre du r\u00e9seau m\u00e9diatique. La variation nous a plu chez \u00c9cran Large, mais visiblement tous les critiques, surtout outre-Atlantique, ne sont pas de notre avis.<\/p>\n<p><img loading=\"lazy\" decoding=\"async\" width=\"1050\" height=\"700\" alt=\"Running Man Michael Cera\" src=\"https:\/\/www.europesays.com\/fr\/wp-content\/uploads\/2025\/11\/1763626397_0_image-47.png\"  \/><\/p>\n<p>Des r\u00eaves de Grand Soir pour les versions cin\u00e9ma<\/p>\n<p>Pourtant, on reste dubitatif. \u00c7a n\u2019est s\u00fbrement pas \u00e0 cause de l\u00e9gers b\u00e9mols critiques, qui plus est portant uniquement sur la fin du long-m\u00e9trage, que <strong>Running Man<\/strong> s\u2019est plant\u00e9 au box-office. Lucide, Steven E. de Souza apporte une autre explication plus probable :<\/p>\n<blockquote class=\"wp-block-quote is-layout-flow wp-block-quote-is-layout-flow\">\n<p><strong>\u00ab Ce que les gens disent, c\u2019est que le marketing \u00e9tait tr\u00e8s peu destin\u00e9 aux femmes. Il y a sans doute du vrai l\u00e0-dedans. La science-fiction a toujours \u00e9t\u00e9 un genre plut\u00f4t masculin. \u00bb<\/strong><\/p>\n<\/blockquote>\n<p>De notre c\u00f4t\u00e9, on encourage tous les cin\u00e9philes, quel que soit leur sexe, \u00e0 se faire leur propre avis sur <strong>Running Man, dans nos salles depuis le 19 novembre 2025. <\/strong><\/p>\n","protected":false},"excerpt":{"rendered":"\u00c0 peine sorti, Running Man fait d\u00e9j\u00e0 un petit bide au box-office et \u00e7a fait r\u00e9agir le sc\u00e9nariste&hellip;\n","protected":false},"author":2,"featured_media":546437,"comment_status":"","ping_status":"","sticky":false,"template":"","format":"standard","meta":{"footnotes":""},"categories":[1354],"tags":[58,59,1346,1011,27,1360],"class_list":{"0":"post-546436","1":"post","2":"type-post","3":"status-publish","4":"format-standard","5":"has-post-thumbnail","7":"category-films","8":"tag-divertissement","9":"tag-entertainment","10":"tag-films","11":"tag-fr","12":"tag-france","13":"tag-movies"},"share_on_mastodon":{"url":"https:\/\/pubeurope.com\/@fr\/115581028453574146","error":""},"_links":{"self":[{"href":"https:\/\/www.europesays.com\/fr\/wp-json\/wp\/v2\/posts\/546436","targetHints":{"allow":["GET"]}}],"collection":[{"href":"https:\/\/www.europesays.com\/fr\/wp-json\/wp\/v2\/posts"}],"about":[{"href":"https:\/\/www.europesays.com\/fr\/wp-json\/wp\/v2\/types\/post"}],"author":[{"embeddable":true,"href":"https:\/\/www.europesays.com\/fr\/wp-json\/wp\/v2\/users\/2"}],"replies":[{"embeddable":true,"href":"https:\/\/www.europesays.com\/fr\/wp-json\/wp\/v2\/comments?post=546436"}],"version-history":[{"count":0,"href":"https:\/\/www.europesays.com\/fr\/wp-json\/wp\/v2\/posts\/546436\/revisions"}],"wp:featuredmedia":[{"embeddable":true,"href":"https:\/\/www.europesays.com\/fr\/wp-json\/wp\/v2\/media\/546437"}],"wp:attachment":[{"href":"https:\/\/www.europesays.com\/fr\/wp-json\/wp\/v2\/media?parent=546436"}],"wp:term":[{"taxonomy":"category","embeddable":true,"href":"https:\/\/www.europesays.com\/fr\/wp-json\/wp\/v2\/categories?post=546436"},{"taxonomy":"post_tag","embeddable":true,"href":"https:\/\/www.europesays.com\/fr\/wp-json\/wp\/v2\/tags?post=546436"}],"curies":[{"name":"wp","href":"https:\/\/api.w.org\/{rel}","templated":true}]}}