{"id":546438,"date":"2025-11-20T08:14:16","date_gmt":"2025-11-20T08:14:16","guid":{"rendered":"https:\/\/www.europesays.com\/fr\/546438\/"},"modified":"2025-11-20T08:14:16","modified_gmt":"2025-11-20T08:14:16","slug":"ecouter-souvent-de-la-musique-pourrait-reduire-le-risque-de-demence-chez-les-aines-selon-une-etude","status":"publish","type":"post","link":"https:\/\/www.europesays.com\/fr\/546438\/","title":{"rendered":"\u00c9couter souvent de la musique pourrait r\u00e9duire le risque de d\u00e9mence chez les a\u00een\u00e9s, selon une \u00e9tude"},"content":{"rendered":"<p class=\"mb-4 text-lg md:leading-8 break-words\">\u00c9couter r\u00e9guli\u00e8rement de la musique \u00e0 un \u00e2ge avanc\u00e9 pourrait r\u00e9duire significativement le <a data-i13n=\"cpos:1;pos:1\" href=\"https:\/\/www.euronews.com\/health\/2025\/10\/31\/eating-cheese-once-a-week-may-lower-dementia-risk-study-suggests\" rel=\"nofollow noopener\" target=\"_blank\" data-ylk=\"slk:risque de d\u00e9mence;cpos:1;pos:1;elm:context_link;itc:0;sec:content-canvas\" class=\"link \"><strong>risque de d\u00e9mence<\/strong><\/a>, selon de nouvelles recherches.<\/p>\n<p class=\"mb-4 text-lg md:leading-8 break-words\">L\u2019\u00e9quipe de recherche australienne a analys\u00e9 des donn\u00e9es portant sur plus de 10 800 adultes \u00e2g\u00e9s de 70 ans ou plus, et a constat\u00e9 que ceux qui \u00e9coutaient r\u00e9guli\u00e8rement de la musique avaient une probabilit\u00e9 de d\u00e9velopper une d\u00e9mence inf\u00e9rieure de 39 % par rapport \u00e0 ceux qui n\u2019\u00e9coutaient jamais ou seulement occasionnellement de la musique.<\/p>\n<p class=\"mb-4 text-lg md:leading-8 break-words\">Les personnes qui \u00e9coutaient toujours de la musique pr\u00e9sentaient non seulement une incidence plus faible de la d\u00e9mence, mais aussi une r\u00e9duction de 17 % des troubles cognitifs, de meilleurs scores cognitifs globaux et une am\u00e9lioration de la m\u00e9moire \u00e9pisodique, sollicit\u00e9e pour se rem\u00e9morer des \u00e9v\u00e9nements du quotidien.<\/p>\n<p class=\"mb-4 text-lg md:leading-8 break-words\">En parall\u00e8le, la pratique d\u2019un instrument de musique \u00e9tait \u00e9galement associ\u00e9e \u00e0 des b\u00e9n\u00e9fices pour la sant\u00e9 du cerveau : une r\u00e9duction de 35 % du risque de d\u00e9mence.<\/p>\n<p class=\"mb-4 text-lg md:leading-8 break-words\">Les personnes qui \u00e9coutaient et pratiquaient la musique pr\u00e9sentaient un risque de d\u00e9mence r\u00e9duit de 33 % et un risque de troubles cognitifs inf\u00e9rieur de 22 %.<\/p>\n<p class=\"mb-4 text-lg md:leading-8 break-words\"><strong>Related<\/strong><\/p>\n<p class=\"mb-4 text-lg md:leading-8 break-words\">Les r\u00e9sultats sugg\u00e8rent que \u00ab les activit\u00e9s musicales pourraient constituer une strat\u00e9gie accessible pour maintenir la sant\u00e9 cognitive des personnes \u00e2g\u00e9es \u00bb, a d\u00e9clar\u00e9 Emma Jaffa, l\u2019une des auteures de l\u2019\u00e9tude de l\u2019universit\u00e9 Monash.<\/p>\n<p class=\"mb-4 text-lg md:leading-8 break-words\">Cependant, les auteurs de l\u2019\u00e9tude ont averti que leurs conclusions sont observationnelles et ne permettent pas de prouver que l\u2019\u00e9coute de musique r\u00e9duit r\u00e9ellement le risque de d\u00e9mence ou am\u00e9liore le bien-\u00eatre cognitif.<\/p>\n<p class=\"mb-4 text-lg md:leading-8 break-words\">L\u2019\u00e9tude comporte certaines limites, notamment un possible biais de s\u00e9lection, la d\u00e9pendance \u00e0 des habitudes musicales autod\u00e9clar\u00e9es, et la possibilit\u00e9 d\u2019une causalit\u00e9 inverse, autant d\u2019\u00e9l\u00e9ments qui \u00ab soulignent la n\u00e9cessit\u00e9 d\u2019une interpr\u00e9tation prudente \u00bb, ont-ils indiqu\u00e9.<\/p>\n<p class=\"mb-4 text-lg md:leading-8 break-words\">Ils ajoutent que de futures recherches pourraient d\u00e9terminer si certains types de musique sont plus \u00e9troitement li\u00e9s \u00e0 une diminution du risque de d\u00e9mence.<\/p>\n<p class=\"mb-4 text-lg md:leading-8 break-words\">Cette \u00e9tude intervient alors que le <a data-i13n=\"cpos:3;pos:1\" href=\"https:\/\/www.euronews.com\/health\/2025\/09\/12\/european-parliament-calls-for-a-strategy-on-alzheimers-and-dementia\" rel=\"nofollow noopener\" target=\"_blank\" data-ylk=\"slk:fardeau de la d\u00e9mence;cpos:3;pos:1;elm:context_link;itc:0;sec:content-canvas\" class=\"link \"><strong>fardeau de la d\u00e9mence<\/strong><\/a> ne cesse de cro\u00eetre dans le monde. Plus de 57 millions de personnes vivent avec cette pathologie \u00e0 l\u2019\u00e9chelle mondiale, dont environ 9,8 millions en Europe. Ce chiffre devrait augmenter au cours des prochaines d\u00e9cennies.<\/p>\n<p class=\"mb-4 text-lg md:leading-8 break-words\">Selon Alzheimer\u2019s Disease International, on compte plus de 10 millions de nouveaux cas de d\u00e9mence chaque ann\u00e9e, soit un nouveau cas toutes les 3,2 secondes.<\/p>\n","protected":false},"excerpt":{"rendered":"\u00c9couter r\u00e9guli\u00e8rement de la musique \u00e0 un \u00e2ge avanc\u00e9 pourrait r\u00e9duire significativement le risque de d\u00e9mence, selon de&hellip;\n","protected":false},"author":2,"featured_media":546439,"comment_status":"","ping_status":"","sticky":false,"template":"","format":"standard","meta":{"footnotes":""},"categories":[10],"tags":[1011,27,72,38902,26305,31104,3360,71,12967,66467],"class_list":{"0":"post-546438","1":"post","2":"type-post","3":"status-publish","4":"format-standard","5":"has-post-thumbnail","7":"category-sante","8":"tag-fr","9":"tag-france","10":"tag-health","11":"tag-instrument-de-musique","12":"tag-la-demence","13":"tag-la-musique","14":"tag-la-sante","15":"tag-sante","16":"tag-troubles-cognitifs","17":"tag-types-de-musique"},"share_on_mastodon":{"url":"https:\/\/pubeurope.com\/@fr\/115581030508131204","error":""},"_links":{"self":[{"href":"https:\/\/www.europesays.com\/fr\/wp-json\/wp\/v2\/posts\/546438","targetHints":{"allow":["GET"]}}],"collection":[{"href":"https:\/\/www.europesays.com\/fr\/wp-json\/wp\/v2\/posts"}],"about":[{"href":"https:\/\/www.europesays.com\/fr\/wp-json\/wp\/v2\/types\/post"}],"author":[{"embeddable":true,"href":"https:\/\/www.europesays.com\/fr\/wp-json\/wp\/v2\/users\/2"}],"replies":[{"embeddable":true,"href":"https:\/\/www.europesays.com\/fr\/wp-json\/wp\/v2\/comments?post=546438"}],"version-history":[{"count":0,"href":"https:\/\/www.europesays.com\/fr\/wp-json\/wp\/v2\/posts\/546438\/revisions"}],"wp:featuredmedia":[{"embeddable":true,"href":"https:\/\/www.europesays.com\/fr\/wp-json\/wp\/v2\/media\/546439"}],"wp:attachment":[{"href":"https:\/\/www.europesays.com\/fr\/wp-json\/wp\/v2\/media?parent=546438"}],"wp:term":[{"taxonomy":"category","embeddable":true,"href":"https:\/\/www.europesays.com\/fr\/wp-json\/wp\/v2\/categories?post=546438"},{"taxonomy":"post_tag","embeddable":true,"href":"https:\/\/www.europesays.com\/fr\/wp-json\/wp\/v2\/tags?post=546438"}],"curies":[{"name":"wp","href":"https:\/\/api.w.org\/{rel}","templated":true}]}}