{"id":546441,"date":"2025-11-20T08:16:39","date_gmt":"2025-11-20T08:16:39","guid":{"rendered":"https:\/\/www.europesays.com\/fr\/546441\/"},"modified":"2025-11-20T08:16:39","modified_gmt":"2025-11-20T08:16:39","slug":"la-princesse-charlene-porte-exceptionnellement-son-diademe-de-mariage-au-gala-de-la-fete-nationale","status":"publish","type":"post","link":"https:\/\/www.europesays.com\/fr\/546441\/","title":{"rendered":"La princesse Charl\u00e8ne porte exceptionnellement son diad\u00e8me de mariage au gala de la f\u00eate nationale"},"content":{"rendered":"<p>La f\u00eate nationale s\u2019est conclue, comme chaque ann\u00e9e, par un somptueux gala organis\u00e9 au Grimaldi Forum. Le prince Albert II et la princesse Charl\u00e8ne ont fait une entr\u00e9e remarqu\u00e9e, notamment en raison du diad\u00e8me \u00c9cume de diamants que portait la princesse. Charl\u00e8ne rarement de diad\u00e8me et celui-ci est celui qu\u2019elle portait \u00e0 son mariage. <\/p>\n<p><strong>Lire aussi : <a href=\"https:\/\/histoiresroyales.fr\/famille-princiere-de-monaco-apparition-balcon-assister-defile-fete-nationale\/\" target=\"_blank\" rel=\"noopener\">La famille princi\u00e8re de Monaco fait son apparition au balcon pour assister au d\u00e9fil\u00e9 de la f\u00eate nationale<\/a><\/strong><\/p>\n<p>La princesse Charl\u00e8ne cr\u00e9e la surprise en portant son diad\u00e8me \u00c9cume de diamants<\/p>\n<p>La famille princi\u00e8re a v\u00e9cu une journ\u00e9e exceptionnelle, ce 19 novembre 2025. La f\u00eate nationale a commenc\u00e9 en matin\u00e9e, \u00e0 la cath\u00e9drale Notre-Dame Immacul\u00e9e de Monaco, avec une messe et un Te Deum. Le prince Albert II, 67 ans, et la <a href=\"https:\/\/histoiresroyales.fr\/famille-princiere-monegasque\/charlene-de-monaco\/\" target=\"_blank\" rel=\"noopener\">princesse Charl\u00e8ne<\/a>, 47 ans, accompagn\u00e9s de la famille princi\u00e8re, ont ensuite pris la direction de la cour d\u2019honneur du palais princier o\u00f9 \u00e9tait organis\u00e9e une c\u00e9r\u00e9monie de remise de distinctions. Enfin, depuis les balcons du palais princier, les Grimaldi ont assist\u00e9 au d\u00e9fil\u00e9 militaire. La journ\u00e9e se conclut toujours par un prestigieux gala.<\/p>\n<p><img fetchpriority=\"high\" decoding=\"async\" width=\"1300\" height=\"867\" src=\"https:\/\/www.europesays.com\/fr\/wp-content\/uploads\/2025\/11\/charlene-albert-diademe-mariage-grimaldi-forum.jpg\" alt=\"\" class=\"wp-image-229113 lazyload\" data-  \/>Le prince et la princesse de Monaco arrivent au Grimaldi Forum ce 19 novembre 2025 pour conclure cette journ\u00e9e de f\u00eate nationale (Photo : David Nivi\u00e8re\/SIPA)<\/p>\n<p><img loading=\"lazy\" decoding=\"async\" width=\"933\" height=\"1400\" src=\"https:\/\/www.europesays.com\/fr\/wp-content\/uploads\/2025\/11\/princesse-charlene-fleur-gala-fete-nationale-933x1400.jpg\" alt=\"\" class=\"wp-image-229125 lazyload\" data-  \/>La princesse Charl\u00e8ne re\u00e7oit des fleurs \u00e0 son arriv\u00e9e au Grimaldi Forum (Photo : David Nivi\u00e8re\/SIPA)<\/p>\n<p><strong>Lire aussi : <a href=\"https:\/\/histoiresroyales.fr\/grimaldi-reunis-cour-dhonneur-palais-prince-albert-ii-celebrer-la-fete-nationale\/\" target=\"_blank\" rel=\"noopener\">Les Grimaldi r\u00e9unis dans la cour d\u2019honneur du palais autour du prince Albert II pour c\u00e9l\u00e9brer la f\u00eate nationale<\/a><\/strong><\/p>\n<p>Comme chaque ann\u00e9e, la soir\u00e9e de gala \u00e9tait organis\u00e9e au Grimaldi Forum. Le prince Albert II et la princesse Charl\u00e8ne \u00e9taient accompagn\u00e9s de la princesse Caroline de Hanovre et de certains de ses enfants. Andrea et Pierre Casiraghi \u00e9taient pr\u00e9sents, ainsi que leur petite s\u0153ur, la princesse Alexandra de Hanovre, accompagn\u00e9 de Ben-Sylvester Strautman. <\/p>\n<p><img loading=\"lazy\" decoding=\"async\" width=\"1300\" height=\"867\" src=\"https:\/\/www.europesays.com\/fr\/wp-content\/uploads\/2025\/11\/famille-princiere-fete-nationale-2025-grimaldi-forum.jpg\" alt=\"\" class=\"wp-image-229111 lazyload\" data-  \/>Andrea Casiraghi, la princesse Caroline de Hanovre, le prince Albert II, la princesse Charl\u00e8ne, la princesse Alexandra de Hanovre, Pierre Casiraghi et Ben-Sylvester Strautman \u00e0 la soir\u00e9e de gala de la f\u00eate nationale 2025 (Photo : David Nivi\u00e8re\/SIPA)<\/p>\n<p><img loading=\"lazy\" decoding=\"async\" width=\"1400\" height=\"2100\" src=\"https:\/\/www.europesays.com\/fr\/wp-content\/uploads\/2025\/11\/couple-princier-resplendissant-diademe-fete-nationale.jpg\" alt=\"\" class=\"wp-image-229115 lazyload\" data-  \/>Le couple princier est resplendissant en cette fin de journ\u00e9e de f\u00eate nationale (Photo : David Nivi\u00e8re\/SIPA)<\/p>\n<p><strong>Lire aussi : <a href=\"https:\/\/histoiresroyales.fr\/prince-albert-princesse-charlene-celebrations-fete-nationale-monaco-2025-cathedrale\/\" target=\"_blank\" rel=\"noopener\">Le prince Albert II et la princesse Charl\u00e8ne ouvrent les c\u00e9l\u00e9brations de la f\u00eate nationale entour\u00e9s la famille princi\u00e8re \u00e0 la cath\u00e9drale de Monaco<\/a><\/strong><\/p>\n<p>La princesse Charl\u00e8ne porte exceptionnellement un diad\u00e8me en public<\/p>\n<p>La princesse Charl\u00e8ne avait sorti le grand jeu cette ann\u00e9e. L\u2019\u00e9pouse du chef d\u2019\u00c9tat mon\u00e9gasque a choisi de ressortir de son \u00e9crin le diad\u00e8me de son mariage. C\u2019est la premi\u00e8re fois qu\u2019elle le reportait depuis son mariage car la famille princi\u00e8re n\u2019a pas vraiment la culture du diad\u00e8me, contrairement \u00e0 d\u2019autres familles r\u00e9gnantes. En 2011, \u00e0 l\u2019occasion de son mariage avec la nageuse Charlene Wittstock, le prince Albert avait fait un cadeau exceptionnel \u00e0 sa promise en lui promettant un bijou. Ensemble, ils ont choisi le mod\u00e8le qui correspondrait au mieux \u00e0 Charl\u00e8ne.<\/p>\n<p><img loading=\"lazy\" decoding=\"async\" width=\"1300\" height=\"867\" src=\"https:\/\/www.europesays.com\/fr\/wp-content\/uploads\/2025\/11\/princesse-charlene-diademe-ecume-de-diamants.jpg\" alt=\"\" class=\"wp-image-229112 lazyload\" data-  \/>La princesse Charl\u00e8ne cr\u00e9e la surprise en portant son diad\u00e8me de mariage et une robe Armani (Photo : David Nivi\u00e8re\/SIPA)<\/p>\n<p><strong>Lire aussi : <a href=\"https:\/\/histoiresroyales.fr\/princesse-charlene-robe-style-antique-76e-gala-croix-rouge-monegasque\/\" target=\"_blank\" rel=\"noopener\">La princesse Charl\u00e8ne porte ses diamants et une robe de style antique au 76e gala de la Croix-Rouge mon\u00e9gasque<\/a><\/strong><\/p>\n<p>Albert et Charl\u00e8ne ont fait appel au joaillier Lorenz B\u00e4umer pour confectionner la tiare de la future princesse de Monaco. Sans grande surprise, le choix de Charl\u00e8ne s\u2019est port\u00e9 sur un diad\u00e8me tr\u00e8s particulier et d\u00e9licat. Le diad\u00e8me ressemble plus \u00e0 un bijou de t\u00eate. Le diad\u00e8me porte le nom de \u00ab\u00a0Diamond Foam \u00bb ou \u00ab\u00a0\u00c9cume de diamants \u00bb\u00a0en fran\u00e7ais. Il est serti de multiples diamants de diff\u00e9rentes tailles. Le <a href=\"https:\/\/www.baumer-vendome.com\/en\/pages\/la-tiare-ecume-de-diamants-de-charlene-de-monaco\" target=\"_blank\" rel=\"noreferrer noopener nofollow\">joaillier explique<\/a> que \u00ab\u00a0la tiare s\u2019inspire de leur passion commune pour la mer\u00a0: la princesse est une championne de natation et Lorenz B\u00e4umer, un passionn\u00e9 de surf.\u00a0\u00bb\u00a0Les tiges de la structure sont serties de diamants de taille baguette. On compte aussi onze diamants en taille poire, dont le plus gros p\u00e8se 8 carats.<\/p>\n<p><img loading=\"lazy\" decoding=\"async\" width=\"1400\" height=\"2008\" src=\"https:\/\/www.europesays.com\/fr\/wp-content\/uploads\/2025\/11\/princesse-charlene-diademe-foam-mariage.jpg\" alt=\"\" class=\"wp-image-229123 lazyload\" data-  \/>La princesse Charl\u00e8ne avait port\u00e9 ce diad\u00e8me pour la premi\u00e8re fois lors de sa soir\u00e9e de mariage le 2 juillet 2011. Le diad\u00e8me \u00e9tait port\u00e9 sur le c\u00f4t\u00e9. Elle portait une robe Armani \u00e0 volants (Photo : Guibbaud-Nebinger-Orban\/ABACAPRESS)<\/p>\n<p>Le mariage d\u2019Albert et Charl\u00e8ne a \u00e9t\u00e9 c\u00e9l\u00e9br\u00e9 durant trois jours, entre le mariage civil, le mariage religieux et les diff\u00e9rentes f\u00eates organis\u00e9es entre les c\u00e9l\u00e9brations. Au fil des \u00e9v\u00e9nements, la mari\u00e9e a port\u00e9 diff\u00e9rentes robes et bijoux. Le diad\u00e8me avait fait son apparition lors du dernier \u00e9v\u00e9nement, \u00e0 la soir\u00e9e organis\u00e9e apr\u00e8s le mariage religieux. Elle portait ce soir-l\u00e0 une robe Armani \u00e0 volants et le diad\u00e8me \u00e9tait port\u00e9 en bijou de t\u00eate, discr\u00e8tement m\u00eal\u00e9 \u00e0 sa chevelure blonde. Ce mercredi soir, la princesse Charl\u00e8ne portait \u00e0 nouveau une robe Armani.<\/p>\n<p>\t\t\t\t<img loading=\"lazy\" alt=\"Avatar photo\" src=\"https:\/\/www.europesays.com\/fr\/wp-content\/uploads\/2025\/04\/1516945716303-164x164.jpeg\"  class=\"avatar avatar-164 photo lazyload\" height=\"164\" width=\"164\" decoding=\"async\"\/><br \/>\n\t\t<a href=\"https:\/\/histoiresroyales.fr\/author\/royaliste123\/\" target=\"_blank\" rel=\"noopener\">Nicolas Fontaine<\/a><br \/>\n\t\t\t\t\tR\u00e9dacteur en chef<\/p>\n<p>Nicolas Fontaine a \u00e9t\u00e9 concepteur-r\u00e9dacteur et auteur pour de nombreuses marques et m\u00e9dias belges et fran\u00e7ais. Sp\u00e9cialiste de l&rsquo;actualit\u00e9 des familles royales, Nicolas a fond\u00e9 le site Histoires royales dont il est le r\u00e9dacteur en chef.&#13;<br \/>\n&#13;<br \/>\nnicolas@histoiresroyales.fr<\/p>\n<p>\t\t\t\t\t\t\t<a href=\"https:\/\/twitter.com\/ActusRoyales\" class=\"boxed-icon fill twitter\" target=\"_blank\" rel=\"noopener\"><\/a><br \/>\n\t\t\t\t\t\t\t\t\t<a href=\"https:\/\/www.instagram.com\/histoiresroyales.fr\/\" class=\"boxed-icon fill instagram\" target=\"_blank\" rel=\"noopener\"><\/a><\/p>\n<p>\t\t\t\t\t\t\t\t\t\t\t\t\t<script async src=\"https:\/\/platform.twitter.com\/widgets.js\" charset=\"utf-8\"><\/script><script async src=\"\/\/www.instagram.com\/embed.js\"><\/script><\/p>\n","protected":false},"excerpt":{"rendered":"La f\u00eate nationale s\u2019est conclue, comme chaque ann\u00e9e, par un somptueux gala organis\u00e9 au Grimaldi Forum. Le prince&hellip;\n","protected":false},"author":2,"featured_media":546442,"comment_status":"","ping_status":"","sticky":false,"template":"","format":"standard","meta":{"footnotes":""},"categories":[8],"tags":[25250,66468,58,59,1011,27,28758],"class_list":{"0":"post-546441","1":"post","2":"type-post","3":"status-publish","4":"format-standard","5":"has-post-thumbnail","7":"category-divertissement","8":"tag-charlu00e8ne-de-monaco","9":"tag-diadu00e8me","10":"tag-divertissement","11":"tag-entertainment","12":"tag-fr","13":"tag-france","14":"tag-fu00eate-nationale"},"share_on_mastodon":{"url":"https:\/\/pubeurope.com\/@fr\/115581039416901545","error":""},"_links":{"self":[{"href":"https:\/\/www.europesays.com\/fr\/wp-json\/wp\/v2\/posts\/546441","targetHints":{"allow":["GET"]}}],"collection":[{"href":"https:\/\/www.europesays.com\/fr\/wp-json\/wp\/v2\/posts"}],"about":[{"href":"https:\/\/www.europesays.com\/fr\/wp-json\/wp\/v2\/types\/post"}],"author":[{"embeddable":true,"href":"https:\/\/www.europesays.com\/fr\/wp-json\/wp\/v2\/users\/2"}],"replies":[{"embeddable":true,"href":"https:\/\/www.europesays.com\/fr\/wp-json\/wp\/v2\/comments?post=546441"}],"version-history":[{"count":0,"href":"https:\/\/www.europesays.com\/fr\/wp-json\/wp\/v2\/posts\/546441\/revisions"}],"wp:featuredmedia":[{"embeddable":true,"href":"https:\/\/www.europesays.com\/fr\/wp-json\/wp\/v2\/media\/546442"}],"wp:attachment":[{"href":"https:\/\/www.europesays.com\/fr\/wp-json\/wp\/v2\/media?parent=546441"}],"wp:term":[{"taxonomy":"category","embeddable":true,"href":"https:\/\/www.europesays.com\/fr\/wp-json\/wp\/v2\/categories?post=546441"},{"taxonomy":"post_tag","embeddable":true,"href":"https:\/\/www.europesays.com\/fr\/wp-json\/wp\/v2\/tags?post=546441"}],"curies":[{"name":"wp","href":"https:\/\/api.w.org\/{rel}","templated":true}]}}