{"id":546443,"date":"2025-11-20T08:17:15","date_gmt":"2025-11-20T08:17:15","guid":{"rendered":"https:\/\/www.europesays.com\/fr\/546443\/"},"modified":"2025-11-20T08:17:15","modified_gmt":"2025-11-20T08:17:15","slug":"cette-applique-murale-change-lambiance-dune-piece","status":"publish","type":"post","link":"https:\/\/www.europesays.com\/fr\/546443\/","title":{"rendered":"cette applique murale change l\u2019ambiance d\u2019une pi\u00e8ce"},"content":{"rendered":"<p>Tandis que les articles d\u00e9co tendance de l\u00a0\u00bbautomne-hiver<br \/>\n2025-2026 prennent place dans les rayons des enseignes<br \/>\nd&rsquo;am\u00e9nagement int\u00e9rieur, Action n&rsquo;a pas oubli\u00e9 l&rsquo;\u00e9l\u00e9ment essentiel<br \/>\npour parfaire un int\u00e9rieur cosy pour l&rsquo;hiver : l&rsquo;\u00e9clairage. En plus<br \/>\nde proposer cette <a href=\"https:\/\/www.lejournaldelamaison.fr\/maison\/ce-que-vous-devez-savoir-pour-transformer-votre-interieur-avec-un-eclairage-equilibre-et-chaleureux-cet-hiver-527475.html\" target=\"_blank\" rel=\"noopener\">applique murale<\/a> \u00e0 petit prix,<br \/>\nl&rsquo;enseigne n\u00e9erlandaise a \u00e9galement pens\u00e9 aux envies de chacun en<br \/>\noffrant plusieurs positions possibles pour ajuster l&rsquo;ambiance au<br \/>\ngr\u00e9 des moments. D\u00e9couverte.<\/p>\n<p>Les tendances d\u00e9co de l&rsquo;automne-hiver 2025-2026<\/p>\n<p>En 2026, la vague chromatique qui attire tous les regards reste<br \/>\n<a href=\"https:\/\/www.lejournaldelamaison.fr\/maison\/noel-2025-les-couleurs-tendance-qui-vont-transformer-votre-deco-avec-mousse-moka-bordeaux-et-bleu-nuit-527255.html\" target=\"_blank\" rel=\"noopener\"><br \/>\ncelle du bleu<\/a>, cette nuance capable de <strong>poser une<br \/>\nambiance feutr\u00e9e ou plus graphique selon son intensit\u00e9<\/strong>. Du<br \/>\nbleu nuit enveloppant au bleu brumeux plus d\u00e9licat, cette palette<br \/>\ns&rsquo;impose dans les textiles, les petites d\u00e9corations, mais aussi sur<br \/>\ncertaines pi\u00e8ces ma\u00eetresses. Selon Marie Claire, cette<br \/>\ncouleur traverse la saison avec assurance et apporte une touche de<br \/>\nfra\u00eecheur dans les int\u00e9rieurs qui misent sur le confort<br \/>\n<strong>tout en pr\u00e9servant une certaine modernit\u00e9<\/strong>.<\/p>\n<p>En parall\u00e8le, <strong>l&rsquo;univers du m\u00e9tal continue de<br \/>\nbriller<\/strong> dans les collections. Bross\u00e9, poli ou perfor\u00e9, il<br \/>\ncr\u00e9e des jeux de lumi\u00e8re subtils et r\u00e9invente la fa\u00e7on d&rsquo;habiller<br \/>\nune pi\u00e8ce. Capable de <strong>structurer un espace sans<br \/>\nl&rsquo;alourdir<\/strong>, il s&rsquo;adapte ais\u00e9ment aux <a href=\"https:\/\/www.lejournaldelamaison.fr\/le-journal-de-la-maison\/creer-une-suite-dhotel-chez-soi-couleurs-matieres-et-pieces-de-luxe-pour-un-confort-cinq-etoiles-cet-hiver-527315.html\" target=\"_blank\" rel=\"noopener\"><br \/>\nd\u00e9cors d&rsquo;hiver<\/a>, notamment lorsqu&rsquo;il se marie avec des mati\u00e8res<br \/>\nplus douces.<\/p>\n<p>Quand l&rsquo;applique rejoint les tendances de l&rsquo;hiver<\/p>\n<p>Les <strong>silhouettes sculpturales<\/strong> sont \u00e9galement<br \/>\n<a href=\"https:\/\/www.lejournaldelamaison.fr\/maison\/ce-que-martha-stewart-revele-sur-les-nouvelles-tendances-deco-dautomne-simplicite-artisanat-et-palette-chaleureuse-527465.html\" target=\"_blank\" rel=\"noopener\"><br \/>\nau c\u0153ur des tendances<\/a>. Ces pi\u00e8ces, qui d\u00e9passent leur simple<br \/>\nfonction, deviennent des \u00e9l\u00e9ments de caract\u00e8re. Marie<br \/>\nClaire souligne que ces formes en relief, qu&rsquo;on retrouve sur<br \/>\ndes assises, des miroirs ou des objets du quotidien, gagnent en<br \/>\nimportance puisqu&rsquo;<strong>elles insufflent une dimension artistique<br \/>\ndans les maisons<\/strong>.<\/p>\n<p>Enfin, impossible d&rsquo;\u00e9voquer 2026 sans parler <strong>des<br \/>\nluminaires<\/strong>. Leur r\u00f4le se renforce, qu&rsquo;ils soient suspendus<br \/>\nou pos\u00e9s. Les mod\u00e8les muraux structurent l&rsquo;espace et diffusent<br \/>\n<strong>une luminosit\u00e9 qui guide les regards<\/strong>. Ils offrent<br \/>\nune ambiance douce, id\u00e9ale pour la saison froide, o\u00f9 l&rsquo;on cherche \u00e0<br \/>\n<strong>illuminer les pi\u00e8ces sans se faire mal aux<br \/>\nyeux<\/strong>.<\/p>\n<p><a href=\"https:\/\/www.lejournaldelamaison.fr\/wp-content\/uploads\/sites\/8\/2025\/11\/3216787_8718964269655-111_01_n5xwvr.jpg\" target=\"_blank\" rel=\"noopener\"><br \/>\n<img loading=\"lazy\" decoding=\"async\" aria-describedby=\"caption-attachment-527639\" itemprop=\"thumbnailUrl\" class=\"wp-image-527639 img-responsive pinit-here\" src=\"https:\/\/www.europesays.com\/fr\/wp-content\/uploads\/2025\/11\/3216787_8718964269655-111_01_n5xwvr-1024x1024.jpg\" alt=\"applique\" width=\"575\" height=\"575\" data-pin-media=\"https:\/\/www.lejournaldelamaison.fr\/wp-content\/uploads\/sites\/8\/2025\/11\/3216787_8718964269655-111_01_n5xwvr-736x736.jpg\"\/><\/a><br \/>\n\u00a9<br \/>\nAction<\/p>\n<p id=\"caption-attachment-527639\" class=\"wp-caption-text\">Applique<br \/>\nmurale rechargeable &#8211; <a href=\"https:\/\/www.action.com\/fr-fr\/p\/3216787\/applique-murale-rechargeable\/\" target=\"_blank\" rel=\"nofollow noopener sponsored\">Action 6,95<br \/>\neuros<\/a><\/p>\n<blockquote class=\"instagram-media\" style=\"background: #ffffff;border: 0;margin: 1px;width: 100%;padding: 0;max-width: 500px;\" data-instgrm-permalink=\"https:\/\/www.instagram.com\/p\/DRCGZHGjhIm\/\" data-instgrm-version=\"14\"\/><p>\nUne applique qui modernise l&rsquo;int\u00e9rieur<br \/>\net s&rsquo;adapte aux diff\u00e9rentes envies<\/p>\n<p>Alors que la lumi\u00e8re prend une importance nouvelle dans nos<br \/>\nint\u00e9rieurs, <strong>l&rsquo;applique murale rechargeable d&rsquo;Action devient<br \/>\nl&rsquo;accessoire parfait<\/strong>. Son design rond, simple et<br \/>\ncontemporain, s&rsquo;accorde sans difficult\u00e9 avec les couleurs<br \/>\nprofondes, les mati\u00e8res m\u00e9talliques ou les silhouettes sculpturales<br \/>\n\u00e9voqu\u00e9es dans les tendances. Sa <strong>lumi\u00e8re blanc<br \/>\nchaud<\/strong> cr\u00e9e une ambiance intime et ma\u00eetris\u00e9e, parfaite pour<br \/>\n<a href=\"https:\/\/www.lejournaldelamaison.fr\/le-journal-de-la-maison\/piece-par-piece\/15-idees-pour-amenager-un-coin-lecture-cocooning-436889.html\" target=\"_blank\" rel=\"noopener\"><br \/>\nun coin lecture<\/a>, une entr\u00e9e ou le mur d&rsquo;un salon qui manque de<br \/>\nrelief. Sa t\u00e9l\u00e9commande int\u00e9gr\u00e9e permet de r\u00e9gler l&rsquo;intensit\u00e9 en<br \/>\nquelques secondes, <strong>de 10 \u00e0 100 %<\/strong>.<\/p>\n<p><a href=\"https:\/\/www.action.com\/fr-fr\/p\/3216787\/applique-murale-rechargeable\/\" target=\"_blank\" rel=\"nofollow noopener sponsored\">Vendue 6,95<br \/>\n\u20ac<\/a>, rechargeable en USB-C et dot\u00e9e de <strong>six niveaux de<br \/>\nluminosit\u00e9<\/strong>, cette applique offre une solution \u00e0 la fois<br \/>\npratique et esth\u00e9tique pour mettre en valeur un mur sans avoir \u00e0<br \/>\npercer. Elle se fixe en deux secondes, se d\u00e9place tout aussi<br \/>\nfacilement et s&rsquo;adapte \u00e0 toutes les pi\u00e8ces, de la chambre au salon.<br \/>\nN&rsquo;attendez plus et cr\u00e9ez <strong>votre ambiance cocooning<\/strong><br \/>\nd\u00e8s maintenant avec cette p\u00e9pite Action.<\/p>\n<p><script async src=\"\/\/www.instagram.com\/embed.js\"><\/script><\/p>\n","protected":false},"excerpt":{"rendered":"Tandis que les articles d\u00e9co tendance de l\u00a0\u00bbautomne-hiver 2025-2026 prennent place dans les rayons des enseignes d&rsquo;am\u00e9nagement int\u00e9rieur,&hellip;\n","protected":false},"author":2,"featured_media":546444,"comment_status":"","ping_status":"","sticky":false,"template":"","format":"standard","meta":{"footnotes":""},"categories":[7],"tags":[1011,27,43,40,41,39,42,44],"class_list":{"0":"post-546443","1":"post","2":"type-post","3":"status-publish","4":"format-standard","5":"has-post-thumbnail","7":"category-sciences-et-technologies","8":"tag-fr","9":"tag-france","10":"tag-science","11":"tag-science-and-technology","12":"tag-sciences","13":"tag-sciences-et-technologies","14":"tag-technologies","15":"tag-technology"},"share_on_mastodon":{"url":"https:\/\/pubeurope.com\/@fr\/115581042368537287","error":""},"_links":{"self":[{"href":"https:\/\/www.europesays.com\/fr\/wp-json\/wp\/v2\/posts\/546443","targetHints":{"allow":["GET"]}}],"collection":[{"href":"https:\/\/www.europesays.com\/fr\/wp-json\/wp\/v2\/posts"}],"about":[{"href":"https:\/\/www.europesays.com\/fr\/wp-json\/wp\/v2\/types\/post"}],"author":[{"embeddable":true,"href":"https:\/\/www.europesays.com\/fr\/wp-json\/wp\/v2\/users\/2"}],"replies":[{"embeddable":true,"href":"https:\/\/www.europesays.com\/fr\/wp-json\/wp\/v2\/comments?post=546443"}],"version-history":[{"count":0,"href":"https:\/\/www.europesays.com\/fr\/wp-json\/wp\/v2\/posts\/546443\/revisions"}],"wp:featuredmedia":[{"embeddable":true,"href":"https:\/\/www.europesays.com\/fr\/wp-json\/wp\/v2\/media\/546444"}],"wp:attachment":[{"href":"https:\/\/www.europesays.com\/fr\/wp-json\/wp\/v2\/media?parent=546443"}],"wp:term":[{"taxonomy":"category","embeddable":true,"href":"https:\/\/www.europesays.com\/fr\/wp-json\/wp\/v2\/categories?post=546443"},{"taxonomy":"post_tag","embeddable":true,"href":"https:\/\/www.europesays.com\/fr\/wp-json\/wp\/v2\/tags?post=546443"}],"curies":[{"name":"wp","href":"https:\/\/api.w.org\/{rel}","templated":true}]}}