{"id":546445,"date":"2025-11-20T08:18:11","date_gmt":"2025-11-20T08:18:11","guid":{"rendered":"https:\/\/www.europesays.com\/fr\/546445\/"},"modified":"2025-11-20T08:18:11","modified_gmt":"2025-11-20T08:18:11","slug":"ces-francais-qui-sorganisent-pour-que-leur-heritage-ne-soit-pas-grignote-par-letat","status":"publish","type":"post","link":"https:\/\/www.europesays.com\/fr\/546445\/","title":{"rendered":"ces Fran\u00e7ais qui s\u2019organisent pour que leur h\u00e9ritage ne soit pas grignot\u00e9 par l\u2019\u00c9tat"},"content":{"rendered":"<p>\n    <strong>ENQU\u00caTE &#8211;<\/strong> \u00c0 l\u2019aune de la \u00abgrande transmission\u00bb, qui va provoquer un transfert de patrimoine d\u2019une ampleur in\u00e9dite en France dans les 15 prochaines ann\u00e9es, beaucoup de familles anticipent pour prot\u00e9ger au maximum leur h\u00e9ritage des imp\u00f4ts. Et ce, par des moyens divers et vari\u00e9s.<\/p>\n<p class=\"fig-paragraph\">Le socialiste Pierre Joseph Proudhon ne disait-il pas, dans son ouvrage sur La th\u00e9orie de l\u2019imp\u00f4t paru en 1860, que \u00abla suspension de toute esp\u00e8ce de succession\u00bb serait \u00abune attaque formelle \u00e0 la famille, \u00e0 l\u2019organisation intime de la soci\u00e9t\u00e9\u00bb ? Ces craintes font toujours sens, 165 ans plus tard, dans un contexte o\u00f9 la disparition progressive de la g\u00e9n\u00e9ration du baby-boom &#8211; les personnes n\u00e9es entre 1946 et 1964 &#8211; va d\u00e9clencher\u00a0<a href=\"http:\/\/www.lefigaro.fr\/conjoncture\/budget-2026-la-grande-transmission-ces-9000-milliards-d-euros-d-heritage-qui-font-saliver-des-deputes-20251107\" data-fig-type=\"Article\" data-gtm-custom-categorie=\"navigation\" data-gtm-custom-action=\"crossclick\" data-gtm-custom-label=\"Contextuel\" data-gtm-event=\"customEventSPE\" data-fig-domain=\"LEFIGARO\" target=\"_blank\" rel=\"noopener\">un gigantesque transfert de richesses dans le monde entier<\/a>. De quoi susciter l\u2019envie de quelques \u00e9lus, qui voient dans cette \u00abgrande transmission\u00bb une manne financi\u00e8re cons\u00e9quente pour l\u2019\u00c9tat, et encore plus importante s\u2019il venait \u00e0 augmenter les droits de succession. De l\u2019autre c\u00f4t\u00e9, les parents et grands-parents sont nombreux \u00e0 s\u2019interroger sur ce qu\u2019ils laisseront \u00e0 leurs enfants. Certains sont m\u00eame inquiets d\u2019avoir \u00e9conomis\u00e9 toute leur vie afin de b\u00e2tir un patrimoine qui risquerait de s\u2019\u00e9mietter au profit de tout un chacun.<\/p>\n<p class=\"fig-paragraph\">\u00abIl n\u2019y a aucune raison l\u00e9gitime de dire\u2026<\/p>\n<p class=\"fig-premium-paywall__infos\">\n        Cet article est r\u00e9serv\u00e9 aux abonn\u00e9s.        Il vous reste 87% \u00e0 d\u00e9couvrir.\n    <\/p>\n<p>                <img  data- alt=\"Le Figaro\" class=\"fig-img--complete fig-img\"\/><\/p>\n<p class=\"fig-premium-paywall__title\">Black Friday<\/p>\n<p class=\"fig-premium-paywall__subtitle\">-70% sur l&rsquo;abonnement num\u00e9rique<\/p>\n<p class=\"fig-premium-paywall__connect\">\n                D\u00e9j\u00e0 abonn\u00e9\u00a0?                <a class=\"fig-premium-paywall__connect-link\" href=\"https:\/\/connect.lefigaro.fr\/login?client=horizon_web&amp;type=main&amp;redirect_uri=https%3A%2F%2Fwww.lefigaro.fr%2Fconjoncture%2Fje-veux-eviter-que-mes-enfants-soient-etrangles-a-mon-deces-ces-francais-qui-s-organisent-pour-que-leur-heritage-ne-soit-pas-grignote-par-l-etat-20251120\" data-js-gtm=\"{&quot;customCategorie&quot;: &quot;conversion&quot;, &quot;customAction&quot;: &quot;before_Landing_Connexion_paywall_auto&quot;, &quot;customLabel&quot;: &quot;bGVmaWdhcm8uZnJfXzFmMGM0ODAwLTViZjUtNmM2Ni04MTE4LTE1MmFkNzA2YmZhMF9fQXJ0aWNsZQ==_\u00abJe veux \u00e9viter que mes enfants soient \u00e9trangl\u00e9s \u00e0 mon d\u00e9c\u00e8s\u00bb\u00a0: ces Fran\u00e7ais qui s\u2019organisent pour que leur h\u00e9ritage ne soit pas grignot\u00e9 par l\u2019\u00c9tat_36&quot;, &quot;customIDSPE&quot;: &quot;bGVmaWdhcm8uZnJfXzFmMGM0ODAwLTViZjUtNmM2Ni04MTE4LTE1MmFkNzA2YmZhMF9fQXJ0aWNsZQ==&quot;, &quot;event&quot;: &quot;customEventSPE&quot;}\" target=\"_blank\" rel=\"noopener\"><br \/>\n                    Connectez-vous<br \/>\n                <\/a>\n            <\/p>\n","protected":false},"excerpt":{"rendered":"ENQU\u00caTE &#8211; \u00c0 l\u2019aune de la \u00abgrande transmission\u00bb, qui va provoquer un transfert de patrimoine d\u2019une ampleur in\u00e9dite&hellip;\n","protected":false},"author":2,"featured_media":546446,"comment_status":"","ping_status":"","sticky":false,"template":"","format":"standard","meta":{"footnotes":""},"categories":[6],"tags":[35,33,34,1011,27,11632,16667],"class_list":{"0":"post-546445","1":"post","2":"type-post","3":"status-publish","4":"format-standard","5":"has-post-thumbnail","7":"category-economie","8":"tag-business","9":"tag-economie","10":"tag-economy","11":"tag-fr","12":"tag-france","13":"tag-heritage","14":"tag-succession"},"share_on_mastodon":{"url":"https:\/\/pubeurope.com\/@fr\/115581046426099549","error":""},"_links":{"self":[{"href":"https:\/\/www.europesays.com\/fr\/wp-json\/wp\/v2\/posts\/546445","targetHints":{"allow":["GET"]}}],"collection":[{"href":"https:\/\/www.europesays.com\/fr\/wp-json\/wp\/v2\/posts"}],"about":[{"href":"https:\/\/www.europesays.com\/fr\/wp-json\/wp\/v2\/types\/post"}],"author":[{"embeddable":true,"href":"https:\/\/www.europesays.com\/fr\/wp-json\/wp\/v2\/users\/2"}],"replies":[{"embeddable":true,"href":"https:\/\/www.europesays.com\/fr\/wp-json\/wp\/v2\/comments?post=546445"}],"version-history":[{"count":0,"href":"https:\/\/www.europesays.com\/fr\/wp-json\/wp\/v2\/posts\/546445\/revisions"}],"wp:featuredmedia":[{"embeddable":true,"href":"https:\/\/www.europesays.com\/fr\/wp-json\/wp\/v2\/media\/546446"}],"wp:attachment":[{"href":"https:\/\/www.europesays.com\/fr\/wp-json\/wp\/v2\/media?parent=546445"}],"wp:term":[{"taxonomy":"category","embeddable":true,"href":"https:\/\/www.europesays.com\/fr\/wp-json\/wp\/v2\/categories?post=546445"},{"taxonomy":"post_tag","embeddable":true,"href":"https:\/\/www.europesays.com\/fr\/wp-json\/wp\/v2\/tags?post=546445"}],"curies":[{"name":"wp","href":"https:\/\/api.w.org\/{rel}","templated":true}]}}