{"id":546447,"date":"2025-11-20T08:19:12","date_gmt":"2025-11-20T08:19:12","guid":{"rendered":"https:\/\/www.europesays.com\/fr\/546447\/"},"modified":"2025-11-20T08:19:12","modified_gmt":"2025-11-20T08:19:12","slug":"larmee-israelienne-mene-de-nouvelles-frappes-mortelles-au-liban-et-a-gaza-liberation","status":"publish","type":"post","link":"https:\/\/www.europesays.com\/fr\/546447\/","title":{"rendered":"L\u2019arm\u00e9e isra\u00e9lienne m\u00e8ne de nouvelles frappes mortelles au Liban et \u00e0 Gaza \u2013 Lib\u00e9ration"},"content":{"rendered":"<p class=\"sc-cPiKLX AiZTS text-element\">L\u2019arm\u00e9e de Tsahal frappe \u00e0 Gaza et au Liban. La D\u00e9fense civile de la bande de Gaza a annonc\u00e9 mercredi la mort de 27 personnes dans des bombardements isra\u00e9liens \u00e0 travers le territoire palestinien. L\u2019arm\u00e9e isra\u00e9lienne a indiqu\u00e9 mener des frappes contre le Hamas en riposte \u00e0 ce qu\u2019elle a pr\u00e9sent\u00e9 comme une violation de la tr\u00eave. Isra\u00ebl accuse \u00abplusieurs terroristes [d\u2019avoir] ouvert le feu [mercredi] en direction de la zone o\u00f9 [ses] soldats op\u00e8rent \u00e0 Khan Youn\u00e8s\u00bb.<\/p>\n<p class=\"sc-cPiKLX AiZTS text-element\">Ces tirs n\u2019ont fait aucun bless\u00e9 mais constituent \u00abune violation de l\u2019accord de cessez-le-feu\u00bb, pr\u00e9cise un communiqu\u00e9 militaire, ajoutant qu\u2019\u00aben r\u00e9ponse [l\u2019arm\u00e9e isra\u00e9lienne avait] commenc\u00e9 \u00e0 frapper des cibles terroristes du Hamas dans toute la bande de Gaza\u00bb.<\/p>\n<p class=\"sc-cPiKLX AiZTS text-element\">Ces frappes ont fait 12 morts dans la ville de Gaza, dont un couple et ses trois enfants a indiqu\u00e9 la D\u00e9fense civile, organisme de premiers secours op\u00e9rant sous l\u2019autorit\u00e9 du Hamas et dont le porte-parole, Mahmoud Bassal, est apparu dans une vid\u00e9o en exhibant les corps de trois jeunes enfants dans un linceul. Ce dernier a \u00e9galement annonc\u00e9 10 morts dans la r\u00e9gion de Khan Youn\u00e8s (sud de la bande de Gaza), parmi lesquels deux mineurs dont il n\u2019a pas pr\u00e9cis\u00e9 l\u2019\u00e2ge.<\/p>\n<p class=\"sc-cPiKLX AiZTS text-element\">Au lendemain d\u2019un raid de Tsahal au Liban, l\u2019aviation isra\u00e9lienne a une nouvelle fois vis\u00e9 le sud du pays. L\u2019arm\u00e9e a assur\u00e9 que ces attaques ciblaient \u00abplusieurs infrastructures terroristes <a href=\"https:\/\/www.liberation.fr\/international\/moyen-orient\/liban-la-strategie-du-hezbollah-pour-renaitre-20251020_42TONZAIFRC5JHO6ONEUPNXQGA\/\" target=\"_blank\" rel=\"noreferrer noopener\" title=\"https:\/\/www.liberation.fr\/international\/moyen-orient\/liban-la-strategie-du-hezbollah-pour-renaitre-20251020_42TONZAIFRC5JHO6ONEUPNXQGA\/\">du Hezbollah<\/a>\u00bb. Pr\u00e9sent\u00e9es comme une \u00abr\u00e9ponse aux tentatives ill\u00e9gales de l\u2019organisation de se r\u00e9tablir dans la r\u00e9gion\u00bb, les nouvelles op\u00e9rations avaient \u00e9t\u00e9 annonc\u00e9es plus t\u00f4t dans la journ\u00e9e par le colonel Avichay Adraee, un porte-parole de Tsahal. Ce dernier avait appel\u00e9 \u00e0 l\u2019\u00e9vacuation imm\u00e9diate des alentours de deux b\u00e2timents occup\u00e9s par le groupe islamiste, pr\u00e9cisant leur localisation dans les villages de Deir Kifa et Chahour.<\/p>\n<p class=\"sc-cPiKLX AiZTS text-element\">Selon un communiqu\u00e9 publi\u00e9 par Tsahal ce mercredi apr\u00e8s-midi, les frappes ont vis\u00e9 deux localit\u00e9s du sud du pays. L\u2019arm\u00e9e isra\u00e9lienne accuse le Hezbollah de mener des activit\u00e9s qui violent le cessez-le-feu et de chercher \u00e0 reconstituer ses capacit\u00e9s militaires et d\u2019aider le Hamas. Plus t\u00f4t ce mercredi, le minist\u00e8re libanais de la Sant\u00e9 avait fait \u00e9tat d\u2019un mort et 11 bless\u00e9s lors d\u2019une frappe isra\u00e9lienne contre un v\u00e9hicule \u00e0 Tir. De son c\u00f4t\u00e9, Isra\u00ebl a affirm\u00e9 y avoir tu\u00e9 un membre du Hezbollah.<\/p>\n<p class=\"sc-cPiKLX AiZTS text-element\">Mardi soir d\u00e9j\u00e0, 13 personnes avaient \u00e9t\u00e9 tu\u00e9es par <a href=\"https:\/\/www.liberation.fr\/international\/moyen-orient\/le-liban-annonce-la-mort-dau-moins-13-personnes-dans-une-frappe-israelienne-sur-un-camp-de-refugies-palestiniens-20251118_XVHKBUFCJZCV5PYRUYCXUYA4X4\/\" target=\"_blank\" rel=\"noopener\" title=\"https:\/\/www.liberation.fr\/international\/moyen-orient\/le-liban-annonce-la-mort-dau-moins-13-personnes-dans-une-frappe-israelienne-sur-un-camp-de-refugies-palestiniens-20251118_XVHKBUFCJZCV5PYRUYCXUYA4X4\/\">une frappe isra\u00e9lienne contre un camp de r\u00e9fugi\u00e9s palestiniens du sud du Liban<\/a>. L\u2019arm\u00e9e isra\u00e9lienne a affirm\u00e9 avoir frapp\u00e9 un camp d\u2019entra\u00eenement du Hamas. Le groupe islamiste a d\u00e9menti, accusant l\u2019arm\u00e9e isra\u00e9lienne de mentir en affirmant qu\u2019il y entra\u00eene des combattants et condamnant une \u00abattaque barbare\u00bb.<\/p>\n<p class=\"sc-cPiKLX AiZTS text-element\">Malgr\u00e9 un cessez-le-feu entr\u00e9 en vigueur en novembre 2024, \u00e0 l\u2019issue de plus d\u2019un an d\u2019hostilit\u00e9s entre Isra\u00ebl et le Hezbollah, l\u2019arm\u00e9e isra\u00e9lienne continue de mener, <a href=\"https:\/\/www.liberation.fr\/international\/moyen-orient\/desarmement-du-hezbollah-la-diplomatie-americaine-exulte-malgre-les-menaces-de-guerre-civile-20250819_XYOFNETZTRCVPLZCKVBNBH2FGM\/\" target=\"_blank\" rel=\"noopener\" title=\"https:\/\/www.liberation.fr\/international\/moyen-orient\/desarmement-du-hezbollah-la-diplomatie-americaine-exulte-malgre-les-menaces-de-guerre-civile-20250819_XYOFNETZTRCVPLZCKVBNBH2FGM\/\">avec l\u2019aval tacite des Etats-Unis<\/a>, des attaques r\u00e9guli\u00e8res au Liban contre ce qu\u2019elle pr\u00e9sente comme des membres ou des installations du mouvement chiite, qu\u2019elle accuse de chercher \u00e0 reconstituer ses capacit\u00e9s militaires.<\/p>\n<p class=\"sc-cPiKLX AiZTS text-element\">Le Hezbollah, alli\u00e9 de la R\u00e9publique islamique d\u2019Iran, a \u00e9t\u00e9 tr\u00e8s affaibli par la derni\u00e8re guerre avec Isra\u00ebl, et Washington a accru la pression ces derni\u00e8res semaines sur les autorit\u00e9s libanaises pour qu\u2019elles obtiennent son d\u00e9sarmement, ce que le mouvement islamiste refuse pour l\u2019heure.<\/p>\n<p class=\"sc-cPiKLX AiZTS text-element\"><b>Mise \u00e0 jour <\/b>\u00e0 8 h 14 avec un bilan alourdi.<\/p>\n","protected":false},"excerpt":{"rendered":"L\u2019arm\u00e9e de Tsahal frappe \u00e0 Gaza et au Liban. La D\u00e9fense civile de la bande de Gaza a&hellip;\n","protected":false},"author":2,"featured_media":546448,"comment_status":"","ping_status":"","sticky":false,"template":"","format":"standard","meta":{"footnotes":""},"categories":[5],"tags":[11,1011,27,7295,14,664,12404,12,28],"class_list":{"0":"post-546447","1":"post","2":"type-post","3":"status-publish","4":"format-standard","5":"has-post-thumbnail","7":"category-international","8":"tag-actualites","9":"tag-fr","10":"tag-france","11":"tag-hezbollah","12":"tag-international","13":"tag-israel","14":"tag-liban","15":"tag-news","16":"tag-world"},"share_on_mastodon":{"url":"https:\/\/pubeurope.com\/@fr\/115581050271016910","error":""},"_links":{"self":[{"href":"https:\/\/www.europesays.com\/fr\/wp-json\/wp\/v2\/posts\/546447","targetHints":{"allow":["GET"]}}],"collection":[{"href":"https:\/\/www.europesays.com\/fr\/wp-json\/wp\/v2\/posts"}],"about":[{"href":"https:\/\/www.europesays.com\/fr\/wp-json\/wp\/v2\/types\/post"}],"author":[{"embeddable":true,"href":"https:\/\/www.europesays.com\/fr\/wp-json\/wp\/v2\/users\/2"}],"replies":[{"embeddable":true,"href":"https:\/\/www.europesays.com\/fr\/wp-json\/wp\/v2\/comments?post=546447"}],"version-history":[{"count":0,"href":"https:\/\/www.europesays.com\/fr\/wp-json\/wp\/v2\/posts\/546447\/revisions"}],"wp:featuredmedia":[{"embeddable":true,"href":"https:\/\/www.europesays.com\/fr\/wp-json\/wp\/v2\/media\/546448"}],"wp:attachment":[{"href":"https:\/\/www.europesays.com\/fr\/wp-json\/wp\/v2\/media?parent=546447"}],"wp:term":[{"taxonomy":"category","embeddable":true,"href":"https:\/\/www.europesays.com\/fr\/wp-json\/wp\/v2\/categories?post=546447"},{"taxonomy":"post_tag","embeddable":true,"href":"https:\/\/www.europesays.com\/fr\/wp-json\/wp\/v2\/tags?post=546447"}],"curies":[{"name":"wp","href":"https:\/\/api.w.org\/{rel}","templated":true}]}}