{"id":546449,"date":"2025-11-20T08:20:17","date_gmt":"2025-11-20T08:20:17","guid":{"rendered":"https:\/\/www.europesays.com\/fr\/546449\/"},"modified":"2025-11-20T08:20:17","modified_gmt":"2025-11-20T08:20:17","slug":"gerald-darmanin-et-laurent-nunez-a-marseille-apres-londe-de-choc-de-lassassinat-de-mehdi-kessaci","status":"publish","type":"post","link":"https:\/\/www.europesays.com\/fr\/546449\/","title":{"rendered":"G\u00e9rald Darmanin et Laurent Nu\u00f1ez \u00e0 Marseille, apr\u00e8s l\u2019onde de choc de l\u2019assassinat de Mehdi Kessaci"},"content":{"rendered":"<p>                      <img loading=\"lazy\" decoding=\"async\" src=\"https:\/\/www.europesays.com\/fr\/wp-content\/uploads\/2025\/11\/089036f_upload-1-gobiyac1cwgl-assassinat-kessaci-20251811-3.jpg\" alt=\"Le quartier de Frais Vallon, d'o\u00f9 est originaire Mehdi Kessaci, dans le 13\u00e8me arrondissement de Marseille, le 18 novembre 2025.\"   width=\"664\" height=\"443\"\/>    Le quartier de Frais Vallon, d&rsquo;o\u00f9 est originaire Mehdi Kessaci, dans le 13\u00e8me arrondissement de Marseille, le 18 novembre 2025.  ARTHUR LARIE POUR \u00ab\u00a0LE MONDE\u00a0\u00bb                          <\/p>\n<p class=\"article__paragraph  \">Une semaine apr\u00e8s <a href=\"https:\/\/www.lemonde.fr\/societe\/article\/2025\/11\/14\/l-assassinat-du-petit-frere-du-militant-amine-kessaci-un-point-de-bascule-effrayant-selon-gerald-darmanin_6653453_3224.html\" rel=\"nofollow noopener\" target=\"_blank\">l\u2019assassinat de Mehdi Kessaci<\/a>, les ministres de l\u2019int\u00e9rieur et de la justice viennent, jeudi 20\u00a0novembre, \u00e0 Marseille o\u00f9 l\u2019attente est forte dans un contexte o\u00f9 la lutte contre le narcobanditisme \u00ab\u00a0est loin d\u2019\u00eatre gagn\u00e9e\u00a0\u00bb.<\/p>\n<p class=\"article__paragraph  \">G\u00e9rald Darmanin et Laurent Nu\u00f1ez, ex-pr\u00e9fet de police des Bouches-du-Rh\u00f4ne, passeront la journ\u00e9e dans la deuxi\u00e8me ville de France aupr\u00e8s des magistrats et des enqu\u00eateurs en premi\u00e8re ligne dans ce combat. Ils doivent aussi \u00e9changer en d\u00e9but d\u2019apr\u00e8s-midi avec la famille Kessaci.<\/p>\n<p class=\"article__paragraph  \">\u00ab\u00a0Arr\u00eatons tous ces discours, arr\u00eatons tous ces effets d\u2019annonce\u00a0\u00bb\u00a0: \u00ab\u00a0Maintenant, juste place \u00e0 l\u2019action\u00a0\u00bb, a lanc\u00e9 mercredi Amine Kessaci, qui avait perdu un autre fr\u00e8re en\u00a02020 dans un narchomicide. \u00ab\u00a0Je ne sais pas comment ma famille va se tenir apr\u00e8s \u00e7a, mais je veux dire juste une seule chose\u00a0: prot\u00e9geons celles et ceux qui se sont lev\u00e9s, prot\u00e9geons celles et ceux qui sont les visages de la R\u00e9publique\u00a0\u00bb, a ajout\u00e9 ce militant antidrogue, qui vit sous protection polici\u00e8re depuis la fin ao\u00fbt, sur France 2.<\/p>\n<p>                                       Lire aussi la tribune |  <a href=\"https:\/\/www.lemonde.fr\/idees\/article\/2025\/11\/19\/amine-kessaci-militant-ecologiste-non-je-ne-me-tairai-pas-je-dirai-et-repeterai-que-mon-frere-mehdi-est-mort-pour-rien-je-dirai-la-violence-du-narcotrafic_6653945_3232.html\" class=\"js-article-read-also catcher--favoris__link\" data-premium=\"\" id=\"article-title-3447146\" rel=\"nofollow noopener\" target=\"_blank\">Amine Kessaci, militant \u00e9cologiste\u00a0: \u00ab\u00a0Non, je ne me tairai pas. Je dirai et r\u00e9p\u00e9terai que mon fr\u00e8re Mehdi est mort pour rien. Je dirai la violence du narcotrafic\u00a0\u00bb<\/a>    <\/p>\n<p>   Lire plus tard  <\/p>\n<p class=\"article__paragraph  \">L\u2019assassinat en plein jour de son petit fr\u00e8re, qui voulait devenir policier, a t\u00e9tanis\u00e9 la ville. La justice \u00e9tudie la piste d\u2019\u00ab\u00a0un crime d\u2019intimidation\u00a0\u00bb visant Amine. Mais ce dernier a pr\u00e9venu qu\u2019il ne se tairait pas et a appel\u00e9 \u00e0 descendre dans la rue samedi pour une marche blanche.<\/p>\n<p class=\"article__paragraph  \">Comme le maire divers gauche de Marseille, Beno\u00eet Payan, qui a invit\u00e9 ses administr\u00e9s \u00e0 ne \u00ab\u00a0pas avoir peur\u00a0\u00bb. Mais dans les milieux associatifs, dans les m\u00e9dias et dans les couloirs du palais de justice, la peur est bien l\u00e0.<\/p>\n<p>                                       Lire aussi le reportage |  Article r\u00e9serv\u00e9 \u00e0 nos abonn\u00e9s  <a href=\"https:\/\/www.lemonde.fr\/societe\/article\/2025\/11\/19\/aux-obseques-de-mehdi-kessaci-a-marseille-la-realite-c-est-qu-on-a-tous-peur_6653944_3224.html\" class=\"js-article-read-also catcher--favoris__link\" data-premium=\"1\" id=\"article-title-3447133\" rel=\"nofollow noopener\" target=\"_blank\">Narcotrafic\u00a0: aux obs\u00e8ques de Mehdi Kessaci, \u00e0 Marseille, \u00ab\u00a0la r\u00e9alit\u00e9, c\u2019est qu\u2019on a tous peur\u00a0\u00bb<\/a>    <\/p>\n<p>   Lire plus tard  <\/p>\n<p>                          Le climat se tend                    <\/p>\n<p class=\"article__paragraph  \">Des magistrats plaident pour une anonymisation dans les proc\u00e9dures concernant des narcotrafiquants, comme la DZ Mafia, qui n\u2019h\u00e9sitent pas \u00e0 recruter des adolescents sur les r\u00e9seaux sociaux pour leur demander d\u2019ex\u00e9cuter \u00ab\u00a0un contrat\u00a0\u00bb pour quelques milliers d\u2019euros seulement.<\/p>\n<p class=\"article__paragraph  \">\u00ab\u00a0La lutte contre la criminalit\u00e9 organis\u00e9e est de plus en plus dure. Le climat se tend, va crescendo (\u2026). La lutte n\u2019est pas perdue mais elle est difficile et loin d\u2019\u00eatre gagn\u00e9e\u00a0\u00bb, confie \u00e0 l\u2019Agence France-Presse (AFP) une source judiciaire.<\/p>\n<p> Le Monde Ateliers  <\/p>\n<p> <a href=\"https:\/\/ateliers.lemonde.fr\/?inread\" class=\"inread__link js-services-inread-link\" target=\"_blank\" rel=\"nofollow noopener\">  <\/p>\n<p>Cours en ligne, cours du soir, ateliers : d\u00e9veloppez vos comp\u00e9tences<\/p>\n<p>D\u00e9couvrir<\/p>\n<p> <\/a>      <\/p>\n<p> Newsletter  <\/p>\n<p> <a href=\"https:\/\/www.lemonde.fr\/newsletters\/a-la-une\/\" class=\"inread__link js-services-inread-link\" target=\"_blank\" rel=\"nofollow noopener\">  <\/p>\n<p>\u00ab A la une \u00bb<\/p>\n<p>Chaque matin, parcourez l&rsquo;essentiel de l&rsquo;actualit\u00e9 du jour avec les derniers titres du \u00ab Monde \u00bb<\/p>\n<p>S&rsquo;inscrire<\/p>\n<p> <\/a>      <\/p>\n<p> Newsletter  <\/p>\n<p> <a href=\"https:\/\/www.lemonde.fr\/newsletters\/la-revue-du-monde\/\" class=\"inread__link js-services-inread-link\" target=\"_blank\" rel=\"nofollow noopener\">  <\/p>\n<p>\u00ab La revue du Monde \u00bb<\/p>\n<p>Chaque week-end, la r\u00e9daction s\u00e9lectionne les articles de la semaine qu\u2019il ne fallait pas manquer<\/p>\n<p>S&rsquo;inscrire<\/p>\n<p> <\/a>      <\/p>\n<p> Le Monde  <\/p>\n<p> <a href=\"https:\/\/www.lemonde.fr\/climat\/meteo\/\" class=\"inread__link js-services-inread-link\" target=\"_blank\" rel=\"nofollow noopener\">  <\/p>\n<p>\u00ab La M\u00e9t\u00e9o du Climat \u00bb<\/p>\n<p>Explorez notre portail m\u00e9t\u00e9o et plongez dans nos analyses pour mieux d\u00e9crypter le climat d\u2019aujourd\u2019hui et de demain.<\/p>\n<p>D\u00e9couvrir<\/p>\n<p> <\/a>          <\/p>\n<p> Newsletter  <\/p>\n<p> <a href=\"https:\/\/www.lemonde.fr\/newsletters\/la-revue-du-monde\/\" class=\"inread__link js-services-inread-link\" target=\"_blank\" rel=\"nofollow noopener\">  <\/p>\n<p>\u00ab La revue du Monde \u00bb<\/p>\n<p>Chaque week-end, la r\u00e9daction s\u00e9lectionne les articles de la semaine qu\u2019il ne fallait pas manquer<\/p>\n<p>S&rsquo;inscrire<\/p>\n<p> <\/a>      <\/p>\n<p> Newsletter  <\/p>\n<p> <a href=\"https:\/\/www.lemonde.fr\/newsletters\/a-la-une\/\" class=\"inread__link js-services-inread-link\" target=\"_blank\" rel=\"nofollow noopener\">  <\/p>\n<p>\u00ab A la une \u00bb<\/p>\n<p>Chaque matin, parcourez l&rsquo;essentiel de l&rsquo;actualit\u00e9 du jour avec les derniers titres du \u00ab Monde \u00bb<\/p>\n<p>S&rsquo;inscrire<\/p>\n<p> <\/a>      <\/p>\n<p> Le Monde  <\/p>\n<p> <a href=\"https:\/\/www.lemonde.fr\/climat\/meteo\/\" class=\"inread__link js-services-inread-link\" target=\"_blank\" rel=\"nofollow noopener\">  <\/p>\n<p>\u00ab La M\u00e9t\u00e9o du Climat \u00bb<\/p>\n<p>Explorez notre portail m\u00e9t\u00e9o et plongez dans nos analyses pour mieux d\u00e9crypter le climat d\u2019aujourd\u2019hui et de demain.<\/p>\n<p>D\u00e9couvrir<\/p>\n<p> <\/a>             <\/p>\n<p class=\"article__paragraph  \">Au tribunal judiciaire de Marseille, tout le monde se souvient de la soufflante re\u00e7ue de la part de l\u2019ex-garde des sceaux, Eric Dupond-Moretti, en mars\u00a02024. Il leur avait reproch\u00e9 leur d\u00e9faitisme\u00a0: une juge d\u2019instruction avait dit devant une commission parlementaire craindre \u00ab\u00a0que nous soyons en train de perdre la guerre contre les trafiquants \u00e0 Marseille\u00a0\u00bb.<\/p>\n<p class=\"article__paragraph  \">Mardi, lors d\u2019une r\u00e9union d\u2019urgence \u00e0 l\u2019Elys\u00e9e, le pr\u00e9sident de la R\u00e9publique, Emmanuel Macron, a appel\u00e9 \u00e0 adopter face au narcotrafic la m\u00eame approche que contre \u00ab\u00a0le terrorisme\u00a0\u00bb. Sur cette strat\u00e9gie, des d\u00e9tails sont attendus jeudi.<\/p>\n<p>                                       Lire aussi |  Article r\u00e9serv\u00e9 \u00e0 nos abonn\u00e9s  <a href=\"https:\/\/www.lemonde.fr\/societe\/article\/2025\/11\/18\/narcotrafic-le-gouvernement-denonce-un-point-de-bascule-dans-la-violence-des-mafias-marseillaises_6653898_3224.html\" class=\"js-article-read-also catcher--favoris__link\" data-premium=\"1\" id=\"article-title-3447134\" rel=\"nofollow noopener\" target=\"_blank\">Le gouvernement d\u00e9nonce un \u00ab\u00a0point de bascule\u00a0\u00bb dans la violence des \u00ab\u00a0mafias marseillaises\u00a0\u00bb<\/a>    <\/p>\n<p>   Lire plus tard  <\/p>\n<p>                          Des proc\u00e9dures en attente                    <\/p>\n<p class=\"article__paragraph  \">Beno\u00eet Payan a r\u00e9clam\u00e9 \u00ab\u00a0encore plus\u00a0\u00bb de moyens pour la lutte contre le trafic de drogue. \u00ab\u00a0On n\u2019a rien trouv\u00e9 de mieux que de supprimer la pr\u00e9fecture de police \u00e0 Marseille\u00a0\u00bb, tacle-t-il. \u00ab\u00a0Si on avait plus d\u2019effectifs de policiers judiciaires, de magistrats, peut-\u00eatre que \u00e7a serait diff\u00e9rent\u00a0\u00bb, a-t-il soulign\u00e9 aupr\u00e8s de l\u2019AFP.<\/p>\n<p class=\"article__paragraph  \">Le candidat Rassemblement national \u00e0 la mairie de Marseille, Franck Allisio, a appel\u00e9 \u00e0 la mise en place de l\u2019\u00e9tat d\u2019urgence. \u00ab\u00a0L\u2019\u00e9tat d\u2019urgence, \u00e7a ne vous d\u00e9mant\u00e8le pas des points de deal, \u00e7a ne d\u00e9mant\u00e8le pas des r\u00e9seaux, ce n\u2019est pas ce qui vous am\u00e9liore la s\u00e9curit\u00e9 dans les quartiers\u00a0\u00bb, \u00ab\u00a0ce n\u2019est pas le travail de long terme\u00a0\u00bb, estime au contraire une source gouvernementale.<\/p>\n<p class=\"article__paragraph  \">\u00ab\u00a0Il faut s\u2019attaquer \u00e0 tous les niveaux de la cha\u00eene, du chef de r\u00e9seau international au consommateur\u00a0\u00bb, a d\u00e9clar\u00e9, de son c\u00f4t\u00e9, Renaud Muselier, pr\u00e9sident Renaissance de la r\u00e9gion Provence-Alpes-C\u00f4te d\u2019Azur. G\u00e9rald Darmanin a dit avoir r\u00e9clam\u00e9 aux Emirats l\u2019extradition d\u2019\u00ab\u00a0une quinzaine\u00a0\u00bb de narcotrafiquants pr\u00e9sum\u00e9s.<\/p>\n<p>                                       Lire aussi |  Article r\u00e9serv\u00e9 \u00e0 nos abonn\u00e9s  <a href=\"https:\/\/www.lemonde.fr\/societe\/article\/2024\/03\/06\/devant-la-commission-senatoriale-sur-le-narcotrafic-les-magistrats-marseillais-appellent-a-un-plan-marshall_6220306_3224.html\" class=\"js-article-read-also catcher--favoris__link\" data-premium=\"1\" id=\"article-title-3362936\" rel=\"nofollow noopener\" target=\"_blank\">Marseille d\u00e9crite par des magistrats comme une \u00ab\u00a0narcoville\u00a0\u00bb en\u00a0proie \u00e0\u00a0une \u00ab\u00a0guerre asym\u00e9trique entre\u00a0l\u2019Etat et\u00a0les trafiquants\u00a0\u00bb<\/a>    <\/p>\n<p>   Lire plus tard  <\/p>\n<p class=\"article__paragraph  \">La juridiction marseillaise, troisi\u00e8me de France apr\u00e8s Paris et Bobigny, a \u00e9t\u00e9 renforc\u00e9e ces derni\u00e8res ann\u00e9es avec aujourd\u2019hui 143 magistrats du si\u00e8ge et 60 au parquet, soit l\u00e9g\u00e8rement moins qu\u2019\u00e0 Bobigny.<\/p>\n<p class=\"article__paragraph  \">A la cour d\u2019appel d\u2019Aix-en-Provence, 500 proc\u00e9dures criminelles sont en attente de jugement. Parmi elles, le dossier des assassins pr\u00e9sum\u00e9s de Brahim, le grand fr\u00e8re d\u2019Amine, tu\u00e9 en\u00a02020 avec deux autres jeunes hommes. Mais l\u2019embolie judiciaire est telle que des dates de proc\u00e8s n\u2019ont toujours pas \u00e9t\u00e9 fix\u00e9es m\u00eame si ce dossier \u00ab\u00a0fera l\u2019objet d\u2019un audiencement prioritaire\u00a0\u00bb, promet-on.<\/p>\n<p class=\"author__detail\">  Le Monde avec AFP  <\/p>\n<p>                <a href=\"https:\/\/www.lemonde.fr\/syndication\/\" class=\"reuse__content\" title=\"R\u00e9utiliser ce contenu\" target=\"_blank\" rel=\"nofollow noopener\">R\u00e9utiliser ce contenu<\/a>      <\/p>\n","protected":false},"excerpt":{"rendered":"Le quartier de Frais Vallon, d&rsquo;o\u00f9 est originaire Mehdi Kessaci, dans le 13\u00e8me arrondissement de Marseille, le 18&hellip;\n","protected":false},"author":2,"featured_media":546450,"comment_status":"","ping_status":"","sticky":false,"template":"","format":"standard","meta":{"footnotes":""},"categories":[4],"tags":[11,1011,27,12,25],"class_list":{"0":"post-546449","1":"post","2":"type-post","3":"status-publish","4":"format-standard","5":"has-post-thumbnail","7":"category-france","8":"tag-actualites","9":"tag-fr","10":"tag-france","11":"tag-news","12":"tag-republique-francaise"},"share_on_mastodon":{"url":"https:\/\/pubeurope.com\/@fr\/115581054832481183","error":""},"_links":{"self":[{"href":"https:\/\/www.europesays.com\/fr\/wp-json\/wp\/v2\/posts\/546449","targetHints":{"allow":["GET"]}}],"collection":[{"href":"https:\/\/www.europesays.com\/fr\/wp-json\/wp\/v2\/posts"}],"about":[{"href":"https:\/\/www.europesays.com\/fr\/wp-json\/wp\/v2\/types\/post"}],"author":[{"embeddable":true,"href":"https:\/\/www.europesays.com\/fr\/wp-json\/wp\/v2\/users\/2"}],"replies":[{"embeddable":true,"href":"https:\/\/www.europesays.com\/fr\/wp-json\/wp\/v2\/comments?post=546449"}],"version-history":[{"count":0,"href":"https:\/\/www.europesays.com\/fr\/wp-json\/wp\/v2\/posts\/546449\/revisions"}],"wp:featuredmedia":[{"embeddable":true,"href":"https:\/\/www.europesays.com\/fr\/wp-json\/wp\/v2\/media\/546450"}],"wp:attachment":[{"href":"https:\/\/www.europesays.com\/fr\/wp-json\/wp\/v2\/media?parent=546449"}],"wp:term":[{"taxonomy":"category","embeddable":true,"href":"https:\/\/www.europesays.com\/fr\/wp-json\/wp\/v2\/categories?post=546449"},{"taxonomy":"post_tag","embeddable":true,"href":"https:\/\/www.europesays.com\/fr\/wp-json\/wp\/v2\/tags?post=546449"}],"curies":[{"name":"wp","href":"https:\/\/api.w.org\/{rel}","templated":true}]}}