{"id":546453,"date":"2025-11-20T08:22:48","date_gmt":"2025-11-20T08:22:48","guid":{"rendered":"https:\/\/www.europesays.com\/fr\/546453\/"},"modified":"2025-11-20T08:22:48","modified_gmt":"2025-11-20T08:22:48","slug":"saint-etienne-terrenoire-marche-de-noel-a-lamicale-laique","status":"publish","type":"post","link":"https:\/\/www.europesays.com\/fr\/546453\/","title":{"rendered":"Saint-\u00c9tienne \/ TERRENOIRE. March\u00e9 de No\u00ebl \u00e0 l\u2019Amicale la\u00efque"},"content":{"rendered":"<p>Vendredi 5\u00a0d\u00e9cembre, de 17 \u00e0 20 heures et samedi 6\u00a0d\u00e9cembre de 10 \u00e0 18 heures, l\u2019Amicale la\u00efque de Terrenoire propose son march\u00e9 de No\u00ebl et de la cr\u00e9ation avec vente de produits de fabrication artisanale\u00a0: objets de d\u00e9coration, bijoux, linge, sacs, v\u00eatements,\u00a0etc. Une quinzaine d\u2019exposants sont attendus. De quoi pr\u00e9parer quelques cadeaux de No\u00ebl, avec des productions tout \u00e0 fait locales\u00a0!<\/p>\n<p class=\"note\">Informations\u00a0: Amicale la\u00efque de Terrenoire, 2 rue Anatole-France. T\u00e9l.\u00a004.77.75.72.81. Internet\u00a0: alterrenoire@orange.fr<\/p>\n","protected":false},"excerpt":{"rendered":"Vendredi 5\u00a0d\u00e9cembre, de 17 \u00e0 20 heures et samedi 6\u00a0d\u00e9cembre de 10 \u00e0 18 heures, l\u2019Amicale la\u00efque de&hellip;\n","protected":false},"author":2,"featured_media":30227,"comment_status":"","ping_status":"","sticky":false,"template":"","format":"standard","meta":{"footnotes":""},"categories":[9653],"tags":[1111,11,2430,1687,7539,1777,674,1685,1011,27,12,25,4001,7538],"class_list":{"0":"post-546453","1":"post","2":"type-post","3":"status-publish","4":"format-standard","5":"has-post-thumbnail","7":"category-saint-etienne","8":"tag-actu","9":"tag-actualites","10":"tag-auvergne-rhone-alpes","11":"tag-culture-loisirs","12":"tag-edition-loire-sud","13":"tag-eu","14":"tag-europe","15":"tag-foire-et-salon","16":"tag-fr","17":"tag-france","18":"tag-news","19":"tag-republique-francaise","20":"tag-saint-etienne","21":"tag-saint-etienne-ville"},"share_on_mastodon":{"url":"https:\/\/pubeurope.com\/@fr\/115581065818347355","error":""},"_links":{"self":[{"href":"https:\/\/www.europesays.com\/fr\/wp-json\/wp\/v2\/posts\/546453","targetHints":{"allow":["GET"]}}],"collection":[{"href":"https:\/\/www.europesays.com\/fr\/wp-json\/wp\/v2\/posts"}],"about":[{"href":"https:\/\/www.europesays.com\/fr\/wp-json\/wp\/v2\/types\/post"}],"author":[{"embeddable":true,"href":"https:\/\/www.europesays.com\/fr\/wp-json\/wp\/v2\/users\/2"}],"replies":[{"embeddable":true,"href":"https:\/\/www.europesays.com\/fr\/wp-json\/wp\/v2\/comments?post=546453"}],"version-history":[{"count":0,"href":"https:\/\/www.europesays.com\/fr\/wp-json\/wp\/v2\/posts\/546453\/revisions"}],"wp:featuredmedia":[{"embeddable":true,"href":"https:\/\/www.europesays.com\/fr\/wp-json\/wp\/v2\/media\/30227"}],"wp:attachment":[{"href":"https:\/\/www.europesays.com\/fr\/wp-json\/wp\/v2\/media?parent=546453"}],"wp:term":[{"taxonomy":"category","embeddable":true,"href":"https:\/\/www.europesays.com\/fr\/wp-json\/wp\/v2\/categories?post=546453"},{"taxonomy":"post_tag","embeddable":true,"href":"https:\/\/www.europesays.com\/fr\/wp-json\/wp\/v2\/tags?post=546453"}],"curies":[{"name":"wp","href":"https:\/\/api.w.org\/{rel}","templated":true}]}}