{"id":546454,"date":"2025-11-20T08:24:14","date_gmt":"2025-11-20T08:24:14","guid":{"rendered":"https:\/\/www.europesays.com\/fr\/546454\/"},"modified":"2025-11-20T08:24:14","modified_gmt":"2025-11-20T08:24:14","slug":"les-petits-chanteurs-de-saint-brieuc-se-produiront-a-la-cathedrale-saint-etienne-dimanche-23-novembre","status":"publish","type":"post","link":"https:\/\/www.europesays.com\/fr\/546454\/","title":{"rendered":"Les Petits chanteurs de Saint-Brieuc se produiront \u00e0 la cath\u00e9drale Saint-\u00c9tienne, dimanche 23 novembre"},"content":{"rendered":"<p>Ils vont encore donner de la voix. Les <a href=\"https:\/\/www.letelegramme.fr\/cotes-d-armor\/saint-brieuc-22000\/la-cathedrale-saint-etienne-comble-pour-le-concert-de-la-maitrise-des-petits-chanteurs-a-saint-brieuc-6730006.php\" target=\"_blank\" rel=\"noopener\">Petits chanteurs de Saint-Brieuc,<\/a> constitu\u00e9s d\u2019un ch\u0153ur d\u2019adultes, de la pr\u00e9ma\u00eetrise (ch\u0153ur d\u2019enfants) et de la ma\u00eetrise (50 coll\u00e9giens et lyc\u00e9ens qui travaillent le chant dans le cadre de leurs \u00e9tudes au coll\u00e8ge Saint-Charles de <a href=\"https:\/\/www.letelegramme.fr\/cotes-d-armor\/saint-brieuc-22000\/\" target=\"_blank\" rel=\"noopener\">Saint-Brieuc<\/a>), proposent un nouveau concert. Il aura lieu dimanche 23 novembre, \u00e0 16 h, \u00e0 la cath\u00e9drale briochine Saint-\u00c9tienne, \u00e0 16 h.<\/p>\n<p>Contemporaine, populaire, savante\u2026<\/p>\n<p>Leur formation leur permet d\u2019aborder des r\u00e9pertoires ambitieux, qui vont \u00ab du chant gr\u00e9gorien \u00e0 la musique contemporaine, de la musique populaire \u00e0 la musique savante \u00bb, exposent-ils dans un communiqu\u00e9. \u00ab La Ma\u00eetrise est rattach\u00e9e \u00e0 la cath\u00e9drale Saint-\u00c9tienne de Saint-Brieuc depuis plus de 600 ans, et effectue des tourn\u00e9es en Bretagne, en France et \u00e0 l\u2019\u00e9tranger \u00bb.<\/p>\n<p>Au programme<\/p>\n<p>Ce concert \u00e0 la cath\u00e9drale dimanche sera donn\u00e9 \u00ab en l\u2019honneur de Sainte C\u00e9cile, patronne des musiciens des \u0153uvres sacr\u00e9es pour ch\u0153ur, solistes, piano et orgue \u00bb, poursuivent les Petits chanteurs. \u00ab Au programme, des motets de C\u00e9sar Franck, Francis Poulenc, Zoltan Kodaly, ainsi que des compositions originales d\u2019Isabelle Aboulker, ou encore Goulven Airault\u2026 \u00bb.<\/p>\n<p>Pratique<\/p>\n<p class=\"note\">Concert dimanche 23 novembre, \u00e0 16 h, \u00e0 la cath\u00e9drale Saint-\u00c9tienne de Saint-Brieuc, place du G\u00e9n\u00e9ral-de Gaulle.<\/p>\n","protected":false},"excerpt":{"rendered":"Ils vont encore donner de la voix. Les Petits chanteurs de Saint-Brieuc, constitu\u00e9s d\u2019un ch\u0153ur d\u2019adultes, de la&hellip;\n","protected":false},"author":2,"featured_media":546455,"comment_status":"","ping_status":"","sticky":false,"template":"","format":"standard","meta":{"footnotes":""},"categories":[9653],"tags":[1111,11,2430,1777,674,1011,27,12,25,4937,4001],"class_list":{"0":"post-546454","1":"post","2":"type-post","3":"status-publish","4":"format-standard","5":"has-post-thumbnail","7":"category-saint-etienne","8":"tag-actu","9":"tag-actualites","10":"tag-auvergne-rhone-alpes","11":"tag-eu","12":"tag-europe","13":"tag-fr","14":"tag-france","15":"tag-news","16":"tag-republique-francaise","17":"tag-saint-brieuc","18":"tag-saint-etienne"},"share_on_mastodon":{"url":"https:\/\/pubeurope.com\/@fr\/115581069939668505","error":""},"_links":{"self":[{"href":"https:\/\/www.europesays.com\/fr\/wp-json\/wp\/v2\/posts\/546454","targetHints":{"allow":["GET"]}}],"collection":[{"href":"https:\/\/www.europesays.com\/fr\/wp-json\/wp\/v2\/posts"}],"about":[{"href":"https:\/\/www.europesays.com\/fr\/wp-json\/wp\/v2\/types\/post"}],"author":[{"embeddable":true,"href":"https:\/\/www.europesays.com\/fr\/wp-json\/wp\/v2\/users\/2"}],"replies":[{"embeddable":true,"href":"https:\/\/www.europesays.com\/fr\/wp-json\/wp\/v2\/comments?post=546454"}],"version-history":[{"count":0,"href":"https:\/\/www.europesays.com\/fr\/wp-json\/wp\/v2\/posts\/546454\/revisions"}],"wp:featuredmedia":[{"embeddable":true,"href":"https:\/\/www.europesays.com\/fr\/wp-json\/wp\/v2\/media\/546455"}],"wp:attachment":[{"href":"https:\/\/www.europesays.com\/fr\/wp-json\/wp\/v2\/media?parent=546454"}],"wp:term":[{"taxonomy":"category","embeddable":true,"href":"https:\/\/www.europesays.com\/fr\/wp-json\/wp\/v2\/categories?post=546454"},{"taxonomy":"post_tag","embeddable":true,"href":"https:\/\/www.europesays.com\/fr\/wp-json\/wp\/v2\/tags?post=546454"}],"curies":[{"name":"wp","href":"https:\/\/api.w.org\/{rel}","templated":true}]}}