{"id":546460,"date":"2025-11-20T08:28:12","date_gmt":"2025-11-20T08:28:12","guid":{"rendered":"https:\/\/www.europesays.com\/fr\/546460\/"},"modified":"2025-11-20T08:28:12","modified_gmt":"2025-11-20T08:28:12","slug":"le-point-sur-la-situation-financiere-de-la-metropole","status":"publish","type":"post","link":"https:\/\/www.europesays.com\/fr\/546460\/","title":{"rendered":"le point sur la situation financi\u00e8re de la M\u00e9tropole"},"content":{"rendered":"<p>                    Par<br \/>\n        <strong><br \/>\n            <a href=\"https:\/\/actu.fr\/auteur\/laetitia-soula-gmail-com\" title=\"Consulter tous les articles de Laetitia Soula\" target=\"_blank\" rel=\"noopener\">Laetitia Soula<\/a><br \/>\n                    <\/strong><\/p>\n<p>        Publi\u00e9 le<\/p>\n<p>            20 nov. 2025 \u00e0 9h15        <\/p>\n<p>Quelles <strong>grandes orientations<\/strong> vont-elles guider l\u2019action publique l\u2019ann\u00e9e prochaine\u00a0? Quelle <strong>marge de man\u0153uvre<\/strong> les collectivit\u00e9s poss\u00e8dent-elles concr\u00e8tement\u00a0?<\/p>\n<p class=\" wall-content\">Voici ce qu\u2019il s\u2019est d\u00e9gag\u00e9 du conseil m\u00e9tropolitain de <a href=\"https:\/\/actu.fr\/provence-alpes-cote-d-azur\/toulon_83137\" target=\"_blank\" rel=\"noopener\"><strong>Toulon<\/strong> <\/a>Provence M\u00e9tropole (TPM), qui s\u2019est d\u00e9roul\u00e9 le 17 novembre 2025 en Pr\u00e9fecture du <a href=\"https:\/\/actu.fr\/provence-alpes-cote-d-azur\/var_83\" target=\"_blank\" rel=\"noopener\"><strong>Var<\/strong><\/a>, autour du <strong>rapport d\u2019orientations budg\u00e9taires<\/strong> (ROB).<\/p>\n<p>Faire des \u00e9conomies<\/p>\n<p class=\" wall-content\">Avant l\u2019adoption du <strong>budget<\/strong> en d\u00e9cembre, le ROB permet aux \u00e9lus d\u2019avoir \u00ab\u00a0une vision pr\u00e9cise de la <strong>situation financi\u00e8re<\/strong> de la <a href=\"https:\/\/metropoletpm.fr\/actualites\/tpm-presente-ses-priorites-et-sa-trajectoire-financiere-pour-2026\" target=\"_blank\" rel=\"noopener\"><strong>M\u00e9tropole\u00a0<\/strong><\/a>\u00bb, et de fixer \u00ab\u00a0les grandes lignes de l\u2019<strong>action publique<\/strong> pour l\u2019ann\u00e9e \u00e0 venir\u00a0\u00bb, indiquent les services de TPM.<\/p>\n<p class=\" wall-content\">Et en 2026, l\u2019\u00c9tat demandera des <strong>efforts<\/strong> suppl\u00e9mentaires aux collectivit\u00e9s pour <strong>faire des \u00e9conomies<\/strong>, ce qui aura forc\u00e9ment un impact sur les <strong>finances locales<\/strong>, d\u00fb au d\u00e9sengagement de l\u2019\u00c9tat.<\/p>\n<blockquote class=\"ac-article-quote wall-content\">\n<p>Le Projet de Loi de Finances (PLF) 2026 pr\u00e9voit plus de 30 milliards d\u2019euros de r\u00e9duction du d\u00e9ficit, dont 5,3 milliards d\u2019euros d\u2019\u00e9conomies demand\u00e9es aux collectivit\u00e9s, contre 2,2 milliards en 2025.<\/p>\n<p>    <strong>Les services de Toulon Provence M\u00e9tropole (TPM)<\/strong>\n            <\/p><\/blockquote>\n<p>Diminution de mesures compensatoires<\/p>\n<p class=\" wall-content\">\u00ab\u00a0Par prudence\u00a0\u00bb, les <strong>recettes<\/strong> de fonctionnement 2026 sont anticip\u00e9es comme \u00ab\u00a0relativement stables\u00a0\u00bb avec des <strong>taux de fiscalit\u00e9<\/strong> inchang\u00e9s et des bases d\u2019<strong>imposition<\/strong> n\u2019augmentant \u00ab\u00a0que de 1 %\u00a0\u00bb.<\/p>\n<p class=\" wall-content\">Cependant, des <strong>baisses de recettes<\/strong> sont attendues\u00a0du fait de la <strong>diminution de certaines mesures compensatoires<\/strong>, qui \u00e9taient autant de \u00ab coups de pouce \u00bb de l\u2019\u00c9tat.<\/p>\n<p class=\" wall-content\">Ainsi, les <strong>allocations compensatrices<\/strong> de l\u2019\u00c9tat passent de 5,8 millions d\u2019euros \u00e0 5,2 millions d\u2019euros (-600 000 \u20ac).<\/p>\n<p>Votre r\u00e9gion, votre actu !<\/p>\n<p>Recevez chaque jour les infos qui comptent pour vous.<\/p>\n<p>\t<a href=\"https:\/\/actu.fr\/newsletter\" class=\"ac-btn ac-btn--corner ac-btn--medium ac-btn--blue800\" target=\"_blank\" rel=\"noopener\">S&rsquo;incrire<\/a><br \/>\nLes sigles du jargon \u00e9tatique<\/p>\n<p class=\" wall-content\">Pour une meilleure <strong>appr\u00e9hension des enjeux<\/strong>, un d\u00e9cryptage des <strong>sigles du jargon \u00e9tatique<\/strong> s\u2019impose. Par exemple ?<\/p>\n<p class=\" wall-content\">Des restrictions impactent le <strong>fonds de compensation<\/strong> pour la taxe sur la valeur ajout\u00e9e (<a href=\"https:\/\/www.collectivites-locales.gouv.fr\/gerer-les-finances-publiques-locales\/execution-des-recettes-et-des-depenses-locales\/recettes-locales\/dotations\/soutien-linvestissement-local-dpv-detr-fctva\/fonds-de-compensation-pour-la-taxe-sur-la\" target=\"_blank\" rel=\"noopener\"><strong>FCTVA<\/strong><\/a>). C\u2019est un pr\u00e9l\u00e8vement sur les recettes de l\u2019\u00c9tat qui constitue \u00ab la principale <strong>aide de l\u2019\u00c9tat<\/strong> aux collectivit\u00e9s territoriales en mati\u00e8re d\u2019<strong>investissement<\/strong> \u00bb.<\/p>\n<p class=\" wall-content\">Seulement, l\u2019\u00e9ligibilit\u00e9 des <strong>d\u00e9penses<\/strong> de fonctionnement \u00e0 ce fonds de compensation pour la TVA est <strong>supprim\u00e9e<\/strong> (-800 000 \u20ac).<\/p>\n<p class=\" wall-content\">Le Fonds national de <a href=\"https:\/\/www.vie-publique.fr\/fiches\/21923-finances-locales-quest-ce-que-la-perequation\" target=\"_blank\" rel=\"noopener\"><strong>P\u00e9r\u00e9quation<\/strong> <\/a>des ressources Intercommunales et Communales (FPIC), quant \u00e0 lui, est un syst\u00e8me qui permet une <strong>r\u00e9partition plus \u00e9galitaire<\/strong> des ressources entre les collectivit\u00e9s <strong>d\u00e9favoris\u00e9es<\/strong> et celles faisant partie des <strong>plus \u00ab\u00a0riches\u00a0\u00bb<\/strong>. Ce fonds accuse une <strong>baisse \u00ab\u00a0d\u2019environ 600 000 \u20ac\u00a0\u00bb<\/strong>, avancent les services de TPM.<\/p>\n<p>Des d\u00e9penses ma\u00eetris\u00e9es<\/p>\n<p class=\" wall-content\">TPM annonce des <strong>d\u00e9penses ma\u00eetris\u00e9es<\/strong> pour 2026, avec des charges g\u00e9n\u00e9rales qui demeureraient contenues, \u00e0 hauteur de <strong>117 millions d\u2019euros<\/strong> (contre 115 M\u20ac en 2025), et le maintien des <strong>subventions<\/strong> aux associations.<\/p>\n<p class=\" wall-content\">Si les <strong>charges de personnel<\/strong> sont en hausse (due \u00e0 l\u2019augmentation des cotisations retraite et URSSAF impos\u00e9es par l\u2019\u00c9tat), les subventions au <strong>r\u00e9seau de transports<\/strong> le sont aussi.<\/p>\n<p>Un niveau d\u2019investissement \u00ab\u00a0ambitieux\u00a0\u00bb<\/p>\n<p class=\" wall-content\">Malgr\u00e9 les contraintes, la M\u00e9tropole maintient un <strong>niveau d\u2019investissement \u00ab\u00a0ambitieux\u00a0\u00bb<\/strong> (220 M\u20ac) d\u00e9di\u00e9 aux priorit\u00e9s telles que la <strong>mobilit\u00e9<\/strong>, l\u2019am\u00e9nagement urbain, la transition \u00e9cologique ou la <strong>modernisation<\/strong> des \u00e9quipements publics.<\/p>\n<p>Les dossiers structurants de TPM<\/p>\n<p>Lors du rapport d\u2019orientations budg\u00e9taires du 17 novembre 2025, Toulon Provence M\u00e9tropole a valid\u00e9 des autorisations de programmes dans le cadre de dossiers structurants tels que :<br \/>-le Programme Local de l\u2019Habitat,<br \/>-la r\u00e9novation de l\u2019Op\u00e9ra,<br \/>-la r\u00e9habilitation de la corniche Tamaris,<br \/>-le P\u00f4le d\u2019\u00c9changes Multimodal d\u2019Hy\u00e8res,<br \/>-la cr\u00e9ation d\u2019un Conservatoire \u00e0 Six-Fours,<br \/>-des projets d\u2019am\u00e9nagement (Vallon du Soleil, Crestade, Brusc, Port des Oursini\u00e8res, Villa Noailles, Place d\u2019Armes, abords du quai Saint-Pierre),<br \/>-et le projet de la Maison Grand Site.<\/p>\n<p class=\" wall-content\">Personnalisez votre actualit\u00e9 en ajoutant vos villes et m\u00e9dias en favori avec <a href=\"https:\/\/moncompte.actu.fr\" title=\"D\u00e9couvez Mon Actu\" rel=\"nofollow noopener\" data-trk=\"{&quot;cta&quot;:{&quot;action&quot;:&quot;https:\\\/\\\/moncompte.actu.fr&quot;,&quot;category&quot;:&quot;mon compte&quot;,&quot;from&quot;:&quot;article footer&quot;,&quot;name&quot;:&quot;Mon actu&quot;,&quot;type&quot;:&quot;cta&quot;}}\" target=\"_blank\">Mon Actu<\/a>.<\/p>\n","protected":false},"excerpt":{"rendered":"Par Laetitia Soula Publi\u00e9 le 20 nov. 2025 \u00e0 9h15 Quelles grandes orientations vont-elles guider l\u2019action publique l\u2019ann\u00e9e&hellip;\n","protected":false},"author":2,"featured_media":546461,"comment_status":"","ping_status":"","sticky":false,"template":"","format":"standard","meta":{"footnotes":""},"categories":[9619],"tags":[1111,11,1003,33,1777,674,1011,27,9345,12,882,25,2310],"class_list":{"0":"post-546460","1":"post","2":"type-post","3":"status-publish","4":"format-standard","5":"has-post-thumbnail","7":"category-toulon","8":"tag-actu","9":"tag-actualites","10":"tag-budget","11":"tag-economie","12":"tag-eu","13":"tag-europe","14":"tag-fr","15":"tag-france","16":"tag-inflation","17":"tag-news","18":"tag-provence-alpes-cote-dazur","19":"tag-republique-francaise","20":"tag-toulon"},"share_on_mastodon":{"url":"https:\/\/pubeurope.com\/@fr\/115581085567327285","error":""},"_links":{"self":[{"href":"https:\/\/www.europesays.com\/fr\/wp-json\/wp\/v2\/posts\/546460","targetHints":{"allow":["GET"]}}],"collection":[{"href":"https:\/\/www.europesays.com\/fr\/wp-json\/wp\/v2\/posts"}],"about":[{"href":"https:\/\/www.europesays.com\/fr\/wp-json\/wp\/v2\/types\/post"}],"author":[{"embeddable":true,"href":"https:\/\/www.europesays.com\/fr\/wp-json\/wp\/v2\/users\/2"}],"replies":[{"embeddable":true,"href":"https:\/\/www.europesays.com\/fr\/wp-json\/wp\/v2\/comments?post=546460"}],"version-history":[{"count":0,"href":"https:\/\/www.europesays.com\/fr\/wp-json\/wp\/v2\/posts\/546460\/revisions"}],"wp:featuredmedia":[{"embeddable":true,"href":"https:\/\/www.europesays.com\/fr\/wp-json\/wp\/v2\/media\/546461"}],"wp:attachment":[{"href":"https:\/\/www.europesays.com\/fr\/wp-json\/wp\/v2\/media?parent=546460"}],"wp:term":[{"taxonomy":"category","embeddable":true,"href":"https:\/\/www.europesays.com\/fr\/wp-json\/wp\/v2\/categories?post=546460"},{"taxonomy":"post_tag","embeddable":true,"href":"https:\/\/www.europesays.com\/fr\/wp-json\/wp\/v2\/tags?post=546460"}],"curies":[{"name":"wp","href":"https:\/\/api.w.org\/{rel}","templated":true}]}}