{"id":546468,"date":"2025-11-20T08:36:13","date_gmt":"2025-11-20T08:36:13","guid":{"rendered":"https:\/\/www.europesays.com\/fr\/546468\/"},"modified":"2025-11-20T08:36:13","modified_gmt":"2025-11-20T08:36:13","slug":"comment-cette-femme-de-99-ans-a-t-elle-passe-64-heures-sur-un-brancard-au-chu-de-rouen","status":"publish","type":"post","link":"https:\/\/www.europesays.com\/fr\/546468\/","title":{"rendered":"Comment cette femme de 99\u00a0ans a-t-elle pass\u00e9 64\u00a0heures sur un brancard au CHU de Rouen\u00a0?"},"content":{"rendered":"<p>C\u2019est le quotidien r\u00e9gional Paris-Normandie qui r\u00e9v\u00e8le l\u2019affaire ce mercredi 19\u00a0novembre 2025. Le 21\u00a0octobre dernier, Aline Percher publie un message sur Facebook \u00e9voquant un long, trop long week-end aux urgences du <a href=\"https:\/\/caen.maville.com\/actu\/actudet_-les-chu-de-rouen-et-de-caen-recherchent-des-seniors-pour-tester-des-appareils-connectes-_52656-6434825_actu.Htm\" target=\"_blank\" rel=\"noopener\">CHU de Rouen<\/a> (Seine-Maritime) pour sa grand-m\u00e8re \u00e2g\u00e9e de 99\u00a0ans. Elle raconte les conditions d\u2019accueil et de vie de son a\u00efeule, pendant soixante-quatre heures, du vendredi\u00a017 au lundi 20\u00a0octobre 2025 \u00e0 14\u00a0h\u00a030, moment o\u00f9 on lui propose enfin un lit, <strong>\u00ab\u00a0dans un service de g\u00e9riatrie\u00a0\u00bb.<\/strong> Alors, la petite-fille se souvient\u00a0: <strong>\u00ab\u00a0Tu me fais un sourire timide, mais un sourire qui me dit que tu es mieux\u00a0\u00bb.<\/strong><\/p>\n<p>Aline Percher \u00e9gr\u00e8ne dans sa publication les heures v\u00e9cues par sa grand-m\u00e8re, dans un couloir rempli de brancards, tout en sachant que d\u00e8s vendredi, <strong>\u00ab\u00a0vers minuit, le diagnostic d\u2019OAP\u00a0(\u0153d\u00e8me aigu des poumons, de l\u2019eau dans ou autour des poumons), est pos\u00e9. Elle devait \u00eatre transf\u00e9r\u00e9e au service g\u00e9riatrie, mais il fallait qu\u2019un lit se lib\u00e8re\u00a0\u00bb,<\/strong> \u00e9crit-elle. <strong>\u00ab\u00a0Les aides soignantes, et m\u00eame une cadre, sont pass\u00e9es nous voir\u00a0; elles \u00e9taient d\u00e9sol\u00e9es de ne pas pouvoir faire plus. On les a vues plusieurs jours d\u2019affil\u00e9e. Elles faisaient leur journ\u00e9e, et quand elles revenaient le lendemain, elles constataient que ma grand-m\u00e8re \u00e9tait toujours l\u00e0.\u00a0\u00bb<\/strong><\/p>\n<p>Une \u00e9norme tension ce week-end-l\u00e0 selon la direction<\/p>\n<p>Aline Percher insiste sur le fait que son message <strong>\u00ab\u00a0est un coup de gueule qui ne changera s\u00fbrement rien, mais j\u2019aurai, \u00e0 mon niveau, fait un petit quelque chose\u00a0\u00bb.<\/strong> Elle ajoute <strong>\u00ab\u00a0remercier tous ces soignants, en particulier ceux des urgences, pr\u00e9sents ce week-end pour elle\u00a0<\/strong>(sa grand-m\u00e8re N.D.L.R) <strong>\u00bb.<\/strong><\/p>\n<p><strong>Lire aussi\u00a0:<\/strong>\u00a0<a href=\"https:\/\/sante.ouest-france.fr\/sante-mentale\/sante-mentale-des-jeunes-en-normandie-rouen-au-pic-des-consultations-de-france-on-a-affaire-a-une-tornade-6f177802-adc3-11f0-a829-eb0d2e70677d\" target=\"_blank\" rel=\"noopener\">Sant\u00e9 mentale des jeunes en Normandie\u00a0: Rouen au pic des consultations de France, \u00ab\u00a0on a affaire \u00e0 une tornade\u00a0\u00bb<\/a><\/p>\n<p>Sollicit\u00e9e mercredi, la direction du CHU de Rouen r\u00e9pond que<strong> \u00ab\u00a0le week-end du 17\u00a0octobre, le service des urgences adultes a d\u00fb faire face \u00e0 une activit\u00e9 tr\u00e8s intense, avec plus de <a href=\"https:\/\/caen.maville.com\/actu\/actudet_--de-250-passages-par-jour-a-une-centaine-l-hemorragie-pour-l-instant-stoppee-aux-urgences-du-chu-de-caen-_52656-7063618_actu.Htm\" target=\"_blank\" rel=\"noopener\">250\u00a0passages par jour,<\/a> en pleine pouss\u00e9e \u00e9pid\u00e9mique saisonni\u00e8re. Dans le m\u00eame temps, la tension sur les lits disponibles au CHU de Rouen et dans les \u00e9tablissements du territoire \u00e9tait particuli\u00e8rement forte.\u00a0\u00bb<\/strong> Des circonstances qui ont donc <strong>\u00ab\u00a0g\u00e9n\u00e9r\u00e9 une attente anormalement prolong\u00e9e [\u2026] pour les patients n\u00e9cessitant une hospitalisation en aval de leur passage\u00a0\u00bb, <\/strong>justifie-t-elle.<\/p>\n<p><strong>\u00ab\u00a0Malgr\u00e9 ces difficult\u00e9s, les \u00e9quipes m\u00e9dicales et soignantes ont pris en charge tous les patients. Nous tenons \u00e0 saluer leur mobilisation dans ces p\u00e9riodes de pic d\u2019activit\u00e9, par nature difficiles \u00e0 anticiper\u00a0\u00bb,<\/strong> conclut la direction.<\/p>\n<p>\u00a0<\/p>\n","protected":false},"excerpt":{"rendered":"C\u2019est le quotidien r\u00e9gional Paris-Normandie qui r\u00e9v\u00e8le l\u2019affaire ce mercredi 19\u00a0novembre 2025. Le 21\u00a0octobre dernier, Aline Percher publie&hellip;\n","protected":false},"author":2,"featured_media":546469,"comment_status":"","ping_status":"","sticky":false,"template":"","format":"standard","meta":{"footnotes":""},"categories":[9587],"tags":[54503,66469,30625,1111,11,1764,66470,5492,4309,1777,674,1294,1011,27,6203,12,5161,25,9590],"class_list":{"0":"post-546468","1":"post","2":"type-post","3":"status-publish","4":"format-standard","5":"has-post-thumbnail","7":"category-rouen","8":"tag-54503","9":"tag-66469","10":"tag-a-t-elle","11":"tag-actu","12":"tag-actualites","13":"tag-ans","14":"tag-brancard","15":"tag-caen","16":"tag-chu","17":"tag-eu","18":"tag-europe","19":"tag-femme","20":"tag-fr","21":"tag-france","22":"tag-heures","23":"tag-news","24":"tag-normandie","25":"tag-republique-francaise","26":"tag-rouen"},"share_on_mastodon":{"url":"https:\/\/pubeurope.com\/@fr\/115581117099381489","error":""},"_links":{"self":[{"href":"https:\/\/www.europesays.com\/fr\/wp-json\/wp\/v2\/posts\/546468","targetHints":{"allow":["GET"]}}],"collection":[{"href":"https:\/\/www.europesays.com\/fr\/wp-json\/wp\/v2\/posts"}],"about":[{"href":"https:\/\/www.europesays.com\/fr\/wp-json\/wp\/v2\/types\/post"}],"author":[{"embeddable":true,"href":"https:\/\/www.europesays.com\/fr\/wp-json\/wp\/v2\/users\/2"}],"replies":[{"embeddable":true,"href":"https:\/\/www.europesays.com\/fr\/wp-json\/wp\/v2\/comments?post=546468"}],"version-history":[{"count":0,"href":"https:\/\/www.europesays.com\/fr\/wp-json\/wp\/v2\/posts\/546468\/revisions"}],"wp:featuredmedia":[{"embeddable":true,"href":"https:\/\/www.europesays.com\/fr\/wp-json\/wp\/v2\/media\/546469"}],"wp:attachment":[{"href":"https:\/\/www.europesays.com\/fr\/wp-json\/wp\/v2\/media?parent=546468"}],"wp:term":[{"taxonomy":"category","embeddable":true,"href":"https:\/\/www.europesays.com\/fr\/wp-json\/wp\/v2\/categories?post=546468"},{"taxonomy":"post_tag","embeddable":true,"href":"https:\/\/www.europesays.com\/fr\/wp-json\/wp\/v2\/tags?post=546468"}],"curies":[{"name":"wp","href":"https:\/\/api.w.org\/{rel}","templated":true}]}}