{"id":546470,"date":"2025-11-20T08:37:36","date_gmt":"2025-11-20T08:37:36","guid":{"rendered":"https:\/\/www.europesays.com\/fr\/546470\/"},"modified":"2025-11-20T08:37:36","modified_gmt":"2025-11-20T08:37:36","slug":"tournoi-dimprovisation-a-rouen-2026","status":"publish","type":"post","link":"https:\/\/www.europesays.com\/fr\/546470\/","title":{"rendered":"Tournoi d\u2019Improvisation \u00e0 Rouen 2026"},"content":{"rendered":"<p class=\"intro\">La troupe du Comic pr\u00e9sente son Tournoi d&rsquo;Improvisation au Th\u00e9\u00e2tre \u00e0 l&rsquo;Ouest de Rouen \u00e0 partir du 15 janvier 2026. Cette s\u00e9rie de spectacles d&rsquo;improvisation th\u00e9\u00e2trale met aux prises les \u00e9quipes des Bleus, Oranges et Verts dans des matchs hauts en couleur o\u00f9 le public d\u00e9cide du destin des participants. Fi\u00e8re de ses racines Gifle, la troupe propose jusqu&rsquo;en mai 2026 des soir\u00e9es d&rsquo;impro uniques o\u00f9 personnages d\u00e9lirants et histoires rocambolesques se cr\u00e9ent sous vos yeux. R\u00e9servez vos places d\u00e8s maintenant pour vivre ces moments d&rsquo;\u00e9nergie pure et de rires garantis.<\/p>\n<p>La troupe du Comic investit le Th\u00e9\u00e2tre \u00e0 l&rsquo;Ouest pour un tournoi d&rsquo;improvisation \u00e0 Rouen<\/p>\n<p>Ce <strong>tournoi d&rsquo;improvisation spectacle<\/strong> propose une formule comp\u00e9titive o\u00f9 trois \u00e9quipes color\u00e9es s&rsquo;affrontent dans des joutes th\u00e9\u00e2trales spontan\u00e9es. Chaque repr\u00e9sentation offre une exp\u00e9rience unique puisque rien n&rsquo;est \u00e9crit \u00e0 l&rsquo;avance\u00a0: les com\u00e9diens cr\u00e9ent leurs sc\u00e8nes en direct selon les contraintes impos\u00e9es et les suggestions du public.<\/p>\n<p><img decoding=\"async\" loading=\"lazy\" src=\"https:\/\/www.europesays.com\/fr\/wp-content\/uploads\/2025\/11\/tournoi-d-improvisation--tickets_470013_3761715_222x222.jpg\" alt=\"Tournoi d'Improvisation - la Comic\" class=\"border\"\/><\/p>\n<p>Le concept s&rsquo;\u00e9tend sur plusieurs mois avec <strong>cinq dates programm\u00e9es<\/strong> de janvier \u00e0 mai 2026, permettant aux spectateurs de Seine-Maritime de suivre l&rsquo;\u00e9volution du championnat jusqu&rsquo;\u00e0 la grande finale. Entre personnages extravagants et situations rocambolesques, chaque match promet des moments d&rsquo;improvisation pure o\u00f9 l&rsquo;interaction avec le public reste centrale. Les amateurs de <a href=\"https:\/\/www.jds.fr\/rouen\/agenda\/sorties-culturelles-spectacles-expositions-cinema-470_B\" rel=\"nofollow noopener\" target=\"_blank\">spectacles culturels \u00e0 Rouen<\/a> d\u00e9couvriront un format original m\u00ealant comp\u00e9tition et cr\u00e9ativit\u00e9 th\u00e9\u00e2trale.<\/p>\n<p>Billetterie pour le Tournoi d&rsquo;Improvisation au Th\u00e9\u00e2tre \u00e0 l&rsquo;Ouest<\/p>\n<p><a class=\"btn btn-lg shadow-lg btn-primary rounded-pill fnac_link\" data-fnac=\"in_article\" href=\"https:\/\/www.awin1.com\/pclick.php?p=43182313500&amp;a=634278&amp;m=12494&amp;clickref=in_article-A-desktop\" target=\"_blank\" rel=\"nofollow noopener\"> Acheter des billets<\/a><\/p>\n<p>Pour assister \u00e0 ces matchs d&rsquo;improvisation au Th\u00e9\u00e2tre \u00e0 l&rsquo;Ouest, les <strong>prix des billets<\/strong> d\u00e9butent \u00e0 <strong>16\u00a0\u20ac<\/strong>. Cette troupe \u00e9mergente attire un public croissant gr\u00e2ce \u00e0 son \u00e9nergie communicative et son approche moderne de l&rsquo;improvisation th\u00e9\u00e2trale. Vous pouvez <strong>acheter<\/strong> vos <strong>billets<\/strong> pour l&rsquo;une des cinq repr\u00e9sentations programm\u00e9es ou <strong>r\u00e9server<\/strong> plusieurs dates pour suivre l&rsquo;int\u00e9gralit\u00e9 du tournoi.<\/p>\n<p>Retrouvez \u00e9galement <a href=\"https:\/\/www.jds.fr\/artistes\/tournoi-d-improvisation-27066_N\" rel=\"nofollow noopener\" target=\"_blank\">les autres repr\u00e9sentations du Tournoi d&rsquo;Improvisation<\/a> pour ne manquer aucune date de cette comp\u00e9tition th\u00e9\u00e2trale originale.<\/p>\n<p>Aux origines de l&rsquo;improvisation th\u00e9\u00e2trale comp\u00e9titive<\/p>\n<p>Le concept de <strong>match d&rsquo;improvisation<\/strong> trouve ses racines \u00e0 Montr\u00e9al en 1976-1977, d\u00e9velopp\u00e9 par Robert Gravel, Anne-Marie Laprade et Yvon Leduc. Cette approche r\u00e9volutionnaire transpose les codes du sport dans l&rsquo;univers th\u00e9\u00e2tral, avec syst\u00e8me de vote du public et esprit de comp\u00e9tition.<\/p>\n<p>En France, ce format s&rsquo;est progressivement implant\u00e9 gr\u00e2ce \u00e0 diverses troupes qui perp\u00e9tuent cette tradition qu\u00e9b\u00e9coise. La troupe du <strong>Comic<\/strong> repr\u00e9sente cette nouvelle g\u00e9n\u00e9ration d&rsquo;improvisateurs fran\u00e7ais, prenant le relais de structures ant\u00e9rieures comme La Gifle pour faire vivre cet art spontan\u00e9 o\u00f9 les com\u00e9diens cr\u00e9ent des sc\u00e8nes selon des contraintes donn\u00e9es.<\/p>\n<p>Comment acc\u00e9der au Th\u00e9\u00e2tre \u00e0 l&rsquo;Ouest \u00e0 Rouen\u00a0?<\/p>\n<p>Le <a href=\"https:\/\/www.jds.fr\/rouen\/salle-de-concert-et-de-spectacle\/theatre-a-l-ouest-17277_L\" rel=\"nofollow noopener\" target=\"_blank\">Th\u00e9\u00e2tre \u00e0 l&rsquo;Ouest de Rouen<\/a> b\u00e9n\u00e9ficie d&rsquo;un emplacement central facilitant l&rsquo;acc\u00e8s depuis les diff\u00e9rents quartiers de la ville. En voiture, plusieurs options de stationnement s&rsquo;offrent \u00e0 vous\u00a0: le <strong>Parking Q-Park<\/strong> situ\u00e9 \u00e0 480 m\u00e8tres (5 minutes \u00e0 pied), le Parking des Docks pr\u00e8s du nouveau quartier, ou encore le Parking Place du Vieux March\u00e9 dans le centre historique.<\/p>\n<p>Les transports en commun rouennais desservent efficacement le secteur via la <strong>station de m\u00e9tro Th\u00e9\u00e2tre des Arts<\/strong>, la plus proche du lieu. Les lignes de bus TEOR T1 et T3 s&rsquo;arr\u00eatent \u00e9galement au Boulevard des Belges. Pour planifier votre trajet et conna\u00eetre les horaires pr\u00e9cis, consultez le site officiel du r\u00e9seau de transport de la m\u00e9tropole rouennaise.<\/p>\n<p class=\"mise_en_avant\">Notre conseil\u00a0: privil\u00e9giez le m\u00e9tro de Rouen avec la station Th\u00e9\u00e2tre des Arts pour un acc\u00e8s direct et sans contrainte de stationnement.<\/p>\n<p>Les spectateurs pourront \u00e9galement d\u00e9couvrir prochainement au Th\u00e9\u00e2tre \u00e0 l&rsquo;Ouest le spectacle <a href=\"https:\/\/www.jds.fr\/rouen\/spectacles\/humour\/tu-vas-jamais-me-croire-1215195_A\" rel=\"nofollow noopener\" target=\"_blank\">Tu Vas Jamais Me Croire\u00a0! au Th\u00e9\u00e2tre \u00e0 l&rsquo;Ouest<\/a>, confirmant la programmation vari\u00e9e de cette salle rouennaise d\u00e9di\u00e9e aux arts vivants.<\/p>\n","protected":false},"excerpt":{"rendered":"La troupe du Comic pr\u00e9sente son Tournoi d&rsquo;Improvisation au Th\u00e9\u00e2tre \u00e0 l&rsquo;Ouest de Rouen \u00e0 partir du 15&hellip;\n","protected":false},"author":2,"featured_media":546471,"comment_status":"","ping_status":"","sticky":false,"template":"","format":"standard","meta":{"footnotes":""},"categories":[9587],"tags":[1111,11,1777,674,1011,27,12,5161,25,9590],"class_list":{"0":"post-546470","1":"post","2":"type-post","3":"status-publish","4":"format-standard","5":"has-post-thumbnail","7":"category-rouen","8":"tag-actu","9":"tag-actualites","10":"tag-eu","11":"tag-europe","12":"tag-fr","13":"tag-france","14":"tag-news","15":"tag-normandie","16":"tag-republique-francaise","17":"tag-rouen"},"share_on_mastodon":{"url":"https:\/\/pubeurope.com\/@fr\/115581121860263336","error":""},"_links":{"self":[{"href":"https:\/\/www.europesays.com\/fr\/wp-json\/wp\/v2\/posts\/546470","targetHints":{"allow":["GET"]}}],"collection":[{"href":"https:\/\/www.europesays.com\/fr\/wp-json\/wp\/v2\/posts"}],"about":[{"href":"https:\/\/www.europesays.com\/fr\/wp-json\/wp\/v2\/types\/post"}],"author":[{"embeddable":true,"href":"https:\/\/www.europesays.com\/fr\/wp-json\/wp\/v2\/users\/2"}],"replies":[{"embeddable":true,"href":"https:\/\/www.europesays.com\/fr\/wp-json\/wp\/v2\/comments?post=546470"}],"version-history":[{"count":0,"href":"https:\/\/www.europesays.com\/fr\/wp-json\/wp\/v2\/posts\/546470\/revisions"}],"wp:featuredmedia":[{"embeddable":true,"href":"https:\/\/www.europesays.com\/fr\/wp-json\/wp\/v2\/media\/546471"}],"wp:attachment":[{"href":"https:\/\/www.europesays.com\/fr\/wp-json\/wp\/v2\/media?parent=546470"}],"wp:term":[{"taxonomy":"category","embeddable":true,"href":"https:\/\/www.europesays.com\/fr\/wp-json\/wp\/v2\/categories?post=546470"},{"taxonomy":"post_tag","embeddable":true,"href":"https:\/\/www.europesays.com\/fr\/wp-json\/wp\/v2\/tags?post=546470"}],"curies":[{"name":"wp","href":"https:\/\/api.w.org\/{rel}","templated":true}]}}