{"id":546476,"date":"2025-11-20T08:40:31","date_gmt":"2025-11-20T08:40:31","guid":{"rendered":"https:\/\/www.europesays.com\/fr\/546476\/"},"modified":"2025-11-20T08:40:31","modified_gmt":"2025-11-20T08:40:31","slug":"intelligence-artificielle-de-defense-implanter-lagence-en-bretagne-etait-un-choix","status":"publish","type":"post","link":"https:\/\/www.europesays.com\/fr\/546476\/","title":{"rendered":"Intelligence artificielle de d\u00e9fense\u00a0: \u00ab\u00a0Implanter l\u2019agence en Bretagne \u00e9tait un choix"},"content":{"rendered":"<p>La direction et le centre technique de la nouvelle agence minist\u00e9rielle pour l\u2019intelligence artificielle de d\u00e9fense (Amiad), cr\u00e9\u00e9e il y a un an, sont implant\u00e9s \u00e0 Bruz, au sud de Rennes. Pourquoi ce choix\u00a0?<\/p>\n<p>C\u2019est strat\u00e9gique. Nous avons regard\u00e9 o\u00f9 se trouvent en France les talents, les comp\u00e9tences, en mati\u00e8re de num\u00e9rique et d\u2019intelligence artificielle (IA). Gr\u00e2ce \u00e0 l\u2019investissement historique du minist\u00e8re des arm\u00e9es dans la cybers\u00e9curit\u00e9, un \u00e9norme \u00e9cosyst\u00e8me num\u00e9rique s\u2019est constitu\u00e9 depuis dix ans.<\/p>\n<p>\u00c7a faisait donc sens de choisir la r\u00e9gion de Rennes et plus sp\u00e9cialement le site de la Direction g\u00e9n\u00e9rale de l\u2019armement-Ma\u00eetrise de l\u2019information (DGA-MI).<\/p>\n<p><strong>Lire aussi\u00a0:<\/strong>\u00a0<a href=\"https:\/\/lannion-perros.maville.com\/actu\/actudet_-l-intelligence-artificielle-de-defense-va-recruter-massivement-pres-de-rennes-_7-6195738_actu.Htm\" target=\"_blank\" rel=\"noopener\">L\u2019intelligence artificielle de d\u00e9fense va recruter massivement pr\u00e8s de Rennes<\/a><\/p>\n<p>Quelle est la vocation de l\u2019Amiad\u00a0?<\/p>\n<p>L\u2019objet de l\u2019Amiad est de produire de l\u2019intelligence artificielle au profit du minist\u00e8re. On a vu la mont\u00e9e en puissance de ce sujet et la n\u00e9cessit\u00e9 d\u2019aller beaucoup plus vite dans la conception, le d\u00e9veloppement et la mise en \u0153uvre des algorithmes d\u2019IA.<\/p>\n<p>Nous travaillons d\u00e9j\u00e0 en interne avec une grosse ing\u00e9nierie pour y parvenir. Nous produisons aussi de l\u2019expertise pour travailler avec nos partenaires industriels et acad\u00e9miques.<\/p>\n<p><strong>Lire aussi\u00a0:<\/strong>\u00a0<a href=\"https:\/\/rennes.maville.com\/actu\/actudet_-entretien.-si-la-russie-nous-desunit-elle-peut-gagner-alerte-le-chef-d-etat-major-des-armees-fabien-mandon-_54135-7058655_actu.Htm\" target=\"_blank\" rel=\"noopener\">ENTRETIEN. \u00ab\u00a0Si la Russie nous d\u00e9sunit, elle peut gagner\u00a0\u00bb, alerte le chef d\u2019\u00e9tat-major des arm\u00e9es Fabien Mandon<\/a><\/p>\n<p>Quels sont vos dossiers prioritaires\u00a0?<\/p>\n<p>D\u2019abord attirer et recruter des talents. Nous \u00e9tions une quarantaine au d\u00e9part, la plupart venus de la DGA-MI, nous serons 200 \u00e0 la fin de l\u2019ann\u00e9e 2025 et 300\u00a0l\u2019ann\u00e9e prochaine (250 \u00e0 Bruz et 50\u00a0pour le site\u00a0Recherche, \u00e0 Palaiseau, pr\u00e8s de Paris).<\/p>\n<p>C\u2019est ensuite, \u00e9videmment, de produire et entra\u00eener des mod\u00e8les algorithmiques souverains pour les besoins des arm\u00e9es (imagerie satellite, radar, signaux \u00e9lectromagn\u00e9tiques\u2026). C\u2019est un enjeu prioritaire de capacit\u00e9s de puissance.<\/p>\n<p><strong>Lire aussi\u00a0:<\/strong>\u00a0<a href=\"https:\/\/rennes.maville.com\/actu\/actudet_-les-futurs-robots-militaires-de-combat-sont-developpes-en-bretagne-_7-7063723_actu.Htm\" target=\"_blank\" rel=\"noopener\">Les futurs robots militaires de combat sont d\u00e9velopp\u00e9s en Bretagne<\/a><\/p>\n<p>L\u2019autre sujet tr\u00e8s concret, c\u2019est la robotique sur le champ de bataille que l\u2019on voit aujourd\u2019hui en Ukraine et qui va s\u2019intensifier \u00e0 l\u2019avenir. Mais comment l\u2019IA sera-t-elle ins\u00e9r\u00e9e dans la robotique, forc\u00e9ment d\u00e9connect\u00e9e et pourvue d\u2019une certaine autonomie, pour concevoir diff\u00e9remment\u00a0le combat, notamment le combat a\u00e9roterrestre\u00a0?<\/p>\n<p>C\u2019est le but du projet Pendragon que m\u00e8ne l\u2019Amiad depuis le printemps 2025 pour cr\u00e9er une premi\u00e8re unit\u00e9 robotique de combat autonome, \u00e0 l\u2019horizon 2027, un d\u00e9lai tr\u00e8s court.<\/p>\n<p>\u00a0<\/p>\n","protected":false},"excerpt":{"rendered":"La direction et le centre technique de la nouvelle agence minist\u00e9rielle pour l\u2019intelligence artificielle de d\u00e9fense (Amiad), cr\u00e9\u00e9e&hellip;\n","protected":false},"author":2,"featured_media":546477,"comment_status":"","ping_status":"","sticky":false,"template":"","format":"standard","meta":{"footnotes":""},"categories":[2821],"tags":[1111,11,54180,41869,829,13898,554,1777,674,1011,27,66471,7424,12,584,25,3728,3976],"class_list":{"0":"post-546476","1":"post","2":"type-post","3":"status-publish","4":"format-standard","5":"has-post-thumbnail","7":"category-rennes","8":"tag-actu","9":"tag-actualites","10":"tag-agence","11":"tag-artificielle","12":"tag-bretagne","13":"tag-choix","14":"tag-defense","15":"tag-eu","16":"tag-europe","17":"tag-fr","18":"tag-france","19":"tag-implanter","20":"tag-intelligence","21":"tag-news","22":"tag-rennes","23":"tag-republique-francaise","24":"tag-saint-malo","25":"tag-strategique"},"share_on_mastodon":{"url":"https:\/\/pubeurope.com\/@fr\/115581132891195419","error":""},"_links":{"self":[{"href":"https:\/\/www.europesays.com\/fr\/wp-json\/wp\/v2\/posts\/546476","targetHints":{"allow":["GET"]}}],"collection":[{"href":"https:\/\/www.europesays.com\/fr\/wp-json\/wp\/v2\/posts"}],"about":[{"href":"https:\/\/www.europesays.com\/fr\/wp-json\/wp\/v2\/types\/post"}],"author":[{"embeddable":true,"href":"https:\/\/www.europesays.com\/fr\/wp-json\/wp\/v2\/users\/2"}],"replies":[{"embeddable":true,"href":"https:\/\/www.europesays.com\/fr\/wp-json\/wp\/v2\/comments?post=546476"}],"version-history":[{"count":0,"href":"https:\/\/www.europesays.com\/fr\/wp-json\/wp\/v2\/posts\/546476\/revisions"}],"wp:featuredmedia":[{"embeddable":true,"href":"https:\/\/www.europesays.com\/fr\/wp-json\/wp\/v2\/media\/546477"}],"wp:attachment":[{"href":"https:\/\/www.europesays.com\/fr\/wp-json\/wp\/v2\/media?parent=546476"}],"wp:term":[{"taxonomy":"category","embeddable":true,"href":"https:\/\/www.europesays.com\/fr\/wp-json\/wp\/v2\/categories?post=546476"},{"taxonomy":"post_tag","embeddable":true,"href":"https:\/\/www.europesays.com\/fr\/wp-json\/wp\/v2\/tags?post=546476"}],"curies":[{"name":"wp","href":"https:\/\/api.w.org\/{rel}","templated":true}]}}