{"id":546478,"date":"2025-11-20T08:41:11","date_gmt":"2025-11-20T08:41:11","guid":{"rendered":"https:\/\/www.europesays.com\/fr\/546478\/"},"modified":"2025-11-20T08:41:11","modified_gmt":"2025-11-20T08:41:11","slug":"le-departement-en-alerte-pour-faire-face-aux-conditions-de-circulation","status":"publish","type":"post","link":"https:\/\/www.europesays.com\/fr\/546478\/","title":{"rendered":"le D\u00e9partement \u00ab\u00a0en alerte\u00a0\u00bb pour faire face aux conditions de circulation"},"content":{"rendered":"<p>                    Par<br \/>\n        <strong><br \/>\n            <a href=\"https:\/\/actu.fr\/auteur\/redaction-rennes\" title=\"Consulter tous les articles de R\u00e9daction Rennes\" rel=\"nofollow noopener\" target=\"_blank\">R\u00e9daction Rennes<\/a><br \/>\n                    <\/strong><\/p>\n<p>        Publi\u00e9 le<\/p>\n<p>            20 nov. 2025 \u00e0 8h50        <\/p>\n<p><a href=\"https:\/\/actu.fr\/bretagne\/rennes_35238\/meteo-la-neige-arrive-en-bretagne-voici-ou-et-quand-vont-tomber-les-premiers-flocons_63455677.html\" rel=\"nofollow noopener\" target=\"_blank\">Les premiers flocons de neige tombent,<\/a> ce jeudi 20\u00a0novembre 2025\u2009: la Bretagne conna\u00eet en effet des temp\u00e9ratures n\u00e9gatives. <a href=\"https:\/\/actu.fr\/bretagne\/rennes_35238\/neige-et-verglas-le-departement-d-ille-et-vilaine-place-en-vigilance_63459288.html\" rel=\"nofollow noopener\" target=\"_blank\">Le d\u00e9partement d\u2019Ille-et-Vilaine est plac\u00e9, ce m\u00eame jour, par M\u00e9t\u00e9o France en vigilance neige et verglas<\/a>.<\/p>\n<p class=\" wall-content\">Depuis mercredi 19\u00a0novembre, le D\u00e9partement indique que les agents <strong>seront \u00ab\u2009en alerte\u2009\u00bb<\/strong> pour faire face <strong>aux conditions m\u00e9t\u00e9orologiques routi\u00e8res (neige<\/strong> et\/ou <strong>verglas).<\/strong><\/p>\n<p>Le service routier hivernal<\/p>\n<p class=\" wall-content\"><strong>Un dispositif sp\u00e9cifique<\/strong> est en effet engag\u00e9 avec \u00ab\u2009des personnels et moyens adapt\u00e9s\u2009\u00bb pour \u00ab\u2009affronter le verglas\u2009\u00bb, indique le D\u00e9partement, via un communiqu\u00e9 de presse.<\/p>\n<p class=\" wall-content\">Les patrouilles d\u00e9marrent au petit matin\u2009: <strong>12\u00a0\u00e9quipes<\/strong> sont compos\u00e9es avec parmi elles, un <strong>patrouilleur,<\/strong> un <strong>chauffeur<\/strong> et un <strong>saleur,<\/strong> qui seront \u00ab\u2009op\u00e9rationnelles\u2009\u00bb 7j\/7 et 24h\/24.<\/p>\n<p class=\" wall-content\">Ces derni\u00e8res resteront en alerte <strong>jusqu\u2019au lundi 9\u00a0mars 2026<\/strong> et, \u00ab\u2009si n\u00e9cessaire\u2009\u00bb, jusqu\u2019\u00e0 la fin du mois de mars.<\/p>\n<p class=\" wall-content\"><strong>Saler les routes<\/strong><\/p>\n<p class=\" wall-content\">Selon les besoins, \u00ab\u2009et \u00e0 n\u2019importe quelle heure\u2009\u00bb, l\u2019\u00e9quipe d\u2019astreinte peut \u00eatre appel\u00e9e afin de saler <strong>le r\u00e9seau principal surveill\u00e9<\/strong> qui repr\u00e9sente<strong> 602\u00a0km de voies<\/strong>.<\/p>\n<p>Votre r\u00e9gion, votre actu !<\/p>\n<p>Recevez chaque jour les infos qui comptent pour vous.<\/p>\n<p>\t<a href=\"https:\/\/actu.fr\/newsletter\" class=\"ac-btn ac-btn--corner ac-btn--medium ac-btn--blue800\" rel=\"nofollow noopener\" target=\"_blank\">S&rsquo;incrire<\/a><\/p>\n<p class=\" wall-content\">En appui, <strong>les routes permettant d\u2019acc\u00e9der<\/strong> au r\u00e9seau principal en Ille-et-Vilaine peuvent \u00eatre \u00e9galement sal\u00e9es, soit<strong> 1\u2009163\u00a0km<\/strong>. Et sur les itin\u00e9raires limites au territoire, des conventions ont \u00e9t\u00e9 sign\u00e9es avec Rennes M\u00e9tropole et les D\u00e9partements voisins pour \u00ab\u2009assurer l\u2019homog\u00e9n\u00e9it\u00e9\u2009\u00bb des traitements.<\/p>\n<p>Le service routier hivernal en 2024-2025<\/p>\n<p>\u2022 1 765 km sous surveillance, dont 602 km 24h\/24h ;<br \/>\u2022 495 patrouilles r\u00e9alis\u00e9es ;<br \/>\u2022 329 op\u00e9rations de salage ;<br \/>\u2022 521 tonnes de sel r\u00e9pandues.<\/p>\n<p class=\" wall-content\">En revanche, pr\u00e9vient le D\u00e9partement, \u00ab\u2009les \u00e9quipes ne peuvent pas agir simultan\u00e9ment sur les 4\u2009633 km de routes d\u00e9partementales que compte l\u2019Ille-et-Vilaine\u2009\u00bb si bien qu\u2019il faudra <strong>se r\u00e9f\u00e9rer aux conditions de circulation en temps r\u00e9el<\/strong>, sur <a href=\"https:\/\/www.ille-et-vilaine.fr\/inforoute\" rel=\"nofollow noopener\" target=\"_blank\">ce site<\/a>.<\/p>\n<p class=\" wall-content\">Personnalisez votre actualit\u00e9 en ajoutant vos villes et m\u00e9dias en favori avec <a href=\"https:\/\/moncompte.actu.fr\" title=\"D\u00e9couvez Mon Actu\" rel=\"nofollow noopener\" data-trk=\"{&quot;cta&quot;:{&quot;action&quot;:&quot;https:\\\/\\\/moncompte.actu.fr&quot;,&quot;category&quot;:&quot;mon compte&quot;,&quot;from&quot;:&quot;article footer&quot;,&quot;name&quot;:&quot;Mon actu&quot;,&quot;type&quot;:&quot;cta&quot;}}\" target=\"_blank\">Mon Actu<\/a>.<\/p>\n","protected":false},"excerpt":{"rendered":"Par R\u00e9daction Rennes Publi\u00e9 le 20 nov. 2025 \u00e0 8h50 Les premiers flocons de neige tombent, ce jeudi&hellip;\n","protected":false},"author":2,"featured_media":546479,"comment_status":"","ping_status":"","sticky":false,"template":"","format":"standard","meta":{"footnotes":""},"categories":[2821],"tags":[1111,11,829,3542,1777,674,1011,27,2487,10584,12,584,25],"class_list":{"0":"post-546478","1":"post","2":"type-post","3":"status-publish","4":"format-standard","5":"has-post-thumbnail","7":"category-rennes","8":"tag-actu","9":"tag-actualites","10":"tag-bretagne","11":"tag-circulation","12":"tag-eu","13":"tag-europe","14":"tag-fr","15":"tag-france","16":"tag-meteo","17":"tag-neige","18":"tag-news","19":"tag-rennes","20":"tag-republique-francaise"},"share_on_mastodon":{"url":"https:\/\/pubeurope.com\/@fr\/115581136779645277","error":""},"_links":{"self":[{"href":"https:\/\/www.europesays.com\/fr\/wp-json\/wp\/v2\/posts\/546478","targetHints":{"allow":["GET"]}}],"collection":[{"href":"https:\/\/www.europesays.com\/fr\/wp-json\/wp\/v2\/posts"}],"about":[{"href":"https:\/\/www.europesays.com\/fr\/wp-json\/wp\/v2\/types\/post"}],"author":[{"embeddable":true,"href":"https:\/\/www.europesays.com\/fr\/wp-json\/wp\/v2\/users\/2"}],"replies":[{"embeddable":true,"href":"https:\/\/www.europesays.com\/fr\/wp-json\/wp\/v2\/comments?post=546478"}],"version-history":[{"count":0,"href":"https:\/\/www.europesays.com\/fr\/wp-json\/wp\/v2\/posts\/546478\/revisions"}],"wp:featuredmedia":[{"embeddable":true,"href":"https:\/\/www.europesays.com\/fr\/wp-json\/wp\/v2\/media\/546479"}],"wp:attachment":[{"href":"https:\/\/www.europesays.com\/fr\/wp-json\/wp\/v2\/media?parent=546478"}],"wp:term":[{"taxonomy":"category","embeddable":true,"href":"https:\/\/www.europesays.com\/fr\/wp-json\/wp\/v2\/categories?post=546478"},{"taxonomy":"post_tag","embeddable":true,"href":"https:\/\/www.europesays.com\/fr\/wp-json\/wp\/v2\/tags?post=546478"}],"curies":[{"name":"wp","href":"https:\/\/api.w.org\/{rel}","templated":true}]}}