{"id":546480,"date":"2025-11-20T08:42:16","date_gmt":"2025-11-20T08:42:16","guid":{"rendered":"https:\/\/www.europesays.com\/fr\/546480\/"},"modified":"2025-11-20T08:42:16","modified_gmt":"2025-11-20T08:42:16","slug":"une-chanteuse-the-voice-donnera-un-petit-concert-gratuit","status":"publish","type":"post","link":"https:\/\/www.europesays.com\/fr\/546480\/","title":{"rendered":"une chanteuse The Voice donnera un petit concert gratuit"},"content":{"rendered":"<p>                    Par<br \/>\n        <strong><br \/>\n            <a href=\"https:\/\/actu.fr\/auteur\/ivan-capecchi\" title=\"Consulter tous les articles de Ivan CAPECCHI\" target=\"_blank\" rel=\"noopener\">Ivan CAPECCHI<\/a><br \/>\n                    <\/strong><\/p>\n<p>        Publi\u00e9 le<\/p>\n<p>            20 nov. 2025 \u00e0 9h32        <\/p>\n<p>Fait nouveau cette ann\u00e9e\u00a0les <strong>illuminations des rues commer\u00e7antes<\/strong> de la ville de Strasbourg <a href=\"https:\/\/actu.fr\/grand-est\/strasbourg_67482\/marche-de-noel-de-strasbourg-cette-annee-les-illuminations-demarreront-plus-tot-voici-pourquoi_63376802.html\" target=\"_blank\" rel=\"noopener\">d\u00e9marreront un peu plus t\u00f4t<\/a> que le lancement officiel du <a href=\"https:\/\/actu.fr\/grand-est\/strasbourg_67482\/strasbourg-les-dates-du-marche-de-noel-2025-sont-connues_62710676.html\" target=\"_blank\" rel=\"noopener\">march\u00e9 de No\u00ebl<\/a>. En effet, elles seront d\u00e9clench\u00e9es d\u00e8s ce vendredi. Pour l\u2019occasion, des <a href=\"https:\/\/actu.fr\/tag\/animations\" target=\"_blank\" rel=\"noopener\">animations<\/a> sont pr\u00e9vues.<\/p>\n<p>Anne Sila, marraine des illuminations de Strasbourg, donnera un concert<\/p>\n<p class=\" wall-content\">Le lancement des illuminations des Vitrines de Strasbourg, l\u2019association de commer\u00e7ants de la ville, aura lieu <strong>vendredi \u00e0 partir de 18h15, place Gutenberg<\/strong>.<\/p>\n<p class=\" wall-content\">Cette ann\u00e9e, c\u2019est <strong>Anne Sila<\/strong>, une chanteuse fran\u00e7aise r\u00e9v\u00e9l\u00e9e par The Voice (saison 4, 2015), finaliste dans l\u2019\u00e9quipe de <a href=\"https:\/\/actu.fr\/loisirs-culture\/florent-pagny-cancer-retour-a-the-voice-nouveau-titre-le-chanteur-donne-de-ses-nouvelles_61798754.html\" target=\"_blank\" rel=\"noopener\">Florent Pagny<\/a>, qui a \u00e9t\u00e9 d\u00e9sign\u00e9e en tant que marraine.<\/p>\n<p class=\" wall-content\">Aussi, elle donnera un <strong>petit concert gratuit<\/strong> accompagn\u00e9e de son <strong>pianiste Riadh Khodri<\/strong> et de la <strong>chorale des Gospel Kids<\/strong>.<\/p>\n<p class=\" wall-content\">Personnalisez votre actualit\u00e9 en ajoutant vos villes et m\u00e9dias en favori avec <a href=\"https:\/\/moncompte.actu.fr\" title=\"D\u00e9couvez Mon Actu\" rel=\"nofollow noopener\" data-trk=\"{&quot;cta&quot;:{&quot;action&quot;:&quot;https:\\\/\\\/moncompte.actu.fr&quot;,&quot;category&quot;:&quot;mon compte&quot;,&quot;from&quot;:&quot;article footer&quot;,&quot;name&quot;:&quot;Mon actu&quot;,&quot;type&quot;:&quot;cta&quot;}}\" target=\"_blank\">Mon Actu<\/a>.<\/p>\n","protected":false},"excerpt":{"rendered":"Par Ivan CAPECCHI Publi\u00e9 le 20 nov. 2025 \u00e0 9h32 Fait nouveau cette ann\u00e9e\u00a0les illuminations des rues commer\u00e7antes&hellip;\n","protected":false},"author":2,"featured_media":546481,"comment_status":"","ping_status":"","sticky":false,"template":"","format":"standard","meta":{"footnotes":""},"categories":[2820],"tags":[1111,11,1697,1777,674,1011,27,775,1652,12,15830,25,640],"class_list":{"0":"post-546480","1":"post","2":"type-post","3":"status-publish","4":"format-standard","5":"has-post-thumbnail","7":"category-strasbourg","8":"tag-actu","9":"tag-actualites","10":"tag-concert","11":"tag-eu","12":"tag-europe","13":"tag-fr","14":"tag-france","15":"tag-grand-est","16":"tag-loisirs-culture","17":"tag-news","18":"tag-noel","19":"tag-republique-francaise","20":"tag-strasbourg"},"share_on_mastodon":{"url":"https:\/\/pubeurope.com\/@fr\/115581140581951760","error":""},"_links":{"self":[{"href":"https:\/\/www.europesays.com\/fr\/wp-json\/wp\/v2\/posts\/546480","targetHints":{"allow":["GET"]}}],"collection":[{"href":"https:\/\/www.europesays.com\/fr\/wp-json\/wp\/v2\/posts"}],"about":[{"href":"https:\/\/www.europesays.com\/fr\/wp-json\/wp\/v2\/types\/post"}],"author":[{"embeddable":true,"href":"https:\/\/www.europesays.com\/fr\/wp-json\/wp\/v2\/users\/2"}],"replies":[{"embeddable":true,"href":"https:\/\/www.europesays.com\/fr\/wp-json\/wp\/v2\/comments?post=546480"}],"version-history":[{"count":0,"href":"https:\/\/www.europesays.com\/fr\/wp-json\/wp\/v2\/posts\/546480\/revisions"}],"wp:featuredmedia":[{"embeddable":true,"href":"https:\/\/www.europesays.com\/fr\/wp-json\/wp\/v2\/media\/546481"}],"wp:attachment":[{"href":"https:\/\/www.europesays.com\/fr\/wp-json\/wp\/v2\/media?parent=546480"}],"wp:term":[{"taxonomy":"category","embeddable":true,"href":"https:\/\/www.europesays.com\/fr\/wp-json\/wp\/v2\/categories?post=546480"},{"taxonomy":"post_tag","embeddable":true,"href":"https:\/\/www.europesays.com\/fr\/wp-json\/wp\/v2\/tags?post=546480"}],"curies":[{"name":"wp","href":"https:\/\/api.w.org\/{rel}","templated":true}]}}