{"id":546489,"date":"2025-11-20T08:56:54","date_gmt":"2025-11-20T08:56:54","guid":{"rendered":"https:\/\/www.europesays.com\/fr\/546489\/"},"modified":"2025-11-20T08:56:54","modified_gmt":"2025-11-20T08:56:54","slug":"plus-de-56-kilometres-de-bouchons-sur-lagglomeration-ce-jeudi-matin","status":"publish","type":"post","link":"https:\/\/www.europesays.com\/fr\/546489\/","title":{"rendered":"plus de 56 kilom\u00e8tres de bouchons sur l\u2019agglom\u00e9ration ce jeudi matin"},"content":{"rendered":"<p>                    Par<br \/>\n        <strong><br \/>\n            <a href=\"https:\/\/actu.fr\/auteur\/laure-gentil\" title=\"Consulter tous les articles de Laure Gentil\" target=\"_blank\" rel=\"noopener\">Laure Gentil<\/a><br \/>\n                    <\/strong><\/p>\n<p>        Publi\u00e9 le<\/p>\n<p>            20 nov. 2025 \u00e0 9h48        <\/p>\n<p>Ce jeudi 20\u00a0novembre 2025, <b>\u00e0 9h<\/b>,<a href=\"https:\/\/www.bison-fute.gouv.fr\/nantes,10264.html\" target=\"_blank\" rel=\"noopener\"> Bison Fut\u00e9<\/a> enregistre <b>56,8 kilom\u00e8tres de bouchons<\/b> sur les routes de l\u2019agglom\u00e9ration nantaise. 3,5 kilom\u00e8tres de bouchons sur l\u2019A11, de Nantes vers Paris (sens est-ouest), au niveau de la Chapelle-sur-Erdre contribuent \u00e0 la difficult\u00e9 de circulation ce matin. De plus plusieurs incidents sont en cours sur le p\u00e9riph\u00e9rique.<\/p>\n<p class=\" wall-content\"><b>\u00c0 8h30,<\/b> Bison Fut\u00e9 a enregistr\u00e9 un pic \u00e0 63,1 kilom\u00e8tres de bouchons.<\/p>\n<p>Une voiture en panne<\/p>\n<p class=\" wall-content\">Selon Bison Fut\u00e9, la circulation est difficile<b> au sud de Nantes au niveau de Bouguenais<\/b>, apr\u00e8s le pont de Chevir\u00e9. Au nord de Nantes, entre la porte d\u2019Orvault et la porte d\u2019Anjou, un v\u00e9hicule est en panne (sens int\u00e9rieur). Un fourgon est lui aussi en panne, au niveau de Sainte-Luce-sur-Loire, \u00e0 proximit\u00e9 de la porte d\u2019Anjou (sens int\u00e9rieur).<\/p>\n<p class=\" wall-content\">Personnalisez votre actualit\u00e9 en ajoutant vos villes et m\u00e9dias en favori avec <a href=\"https:\/\/moncompte.actu.fr\" title=\"D\u00e9couvez Mon Actu\" rel=\"nofollow noopener\" data-trk=\"{&quot;cta&quot;:{&quot;action&quot;:&quot;https:\\\/\\\/moncompte.actu.fr&quot;,&quot;category&quot;:&quot;mon compte&quot;,&quot;from&quot;:&quot;article footer&quot;,&quot;name&quot;:&quot;Mon actu&quot;,&quot;type&quot;:&quot;cta&quot;}}\" target=\"_blank\">Mon Actu<\/a>.<\/p>\n","protected":false},"excerpt":{"rendered":"Par Laure Gentil Publi\u00e9 le 20 nov. 2025 \u00e0 9h48 Ce jeudi 20\u00a0novembre 2025, \u00e0 9h, Bison Fut\u00e9&hellip;\n","protected":false},"author":2,"featured_media":546490,"comment_status":"","ping_status":"","sticky":false,"template":"","format":"standard","meta":{"footnotes":""},"categories":[2818],"tags":[1111,11,3542,1777,674,1011,27,766,12,2636,4013,25,104],"class_list":{"0":"post-546489","1":"post","2":"type-post","3":"status-publish","4":"format-standard","5":"has-post-thumbnail","7":"category-nantes","8":"tag-actu","9":"tag-actualites","10":"tag-circulation","11":"tag-eu","12":"tag-europe","13":"tag-fr","14":"tag-france","15":"tag-nantes","16":"tag-news","17":"tag-pays-de-la-loire","18":"tag-peripherique","19":"tag-republique-francaise","20":"tag-societe"},"share_on_mastodon":{"url":"https:\/\/pubeurope.com\/@fr\/115581199543429952","error":""},"_links":{"self":[{"href":"https:\/\/www.europesays.com\/fr\/wp-json\/wp\/v2\/posts\/546489","targetHints":{"allow":["GET"]}}],"collection":[{"href":"https:\/\/www.europesays.com\/fr\/wp-json\/wp\/v2\/posts"}],"about":[{"href":"https:\/\/www.europesays.com\/fr\/wp-json\/wp\/v2\/types\/post"}],"author":[{"embeddable":true,"href":"https:\/\/www.europesays.com\/fr\/wp-json\/wp\/v2\/users\/2"}],"replies":[{"embeddable":true,"href":"https:\/\/www.europesays.com\/fr\/wp-json\/wp\/v2\/comments?post=546489"}],"version-history":[{"count":0,"href":"https:\/\/www.europesays.com\/fr\/wp-json\/wp\/v2\/posts\/546489\/revisions"}],"wp:featuredmedia":[{"embeddable":true,"href":"https:\/\/www.europesays.com\/fr\/wp-json\/wp\/v2\/media\/546490"}],"wp:attachment":[{"href":"https:\/\/www.europesays.com\/fr\/wp-json\/wp\/v2\/media?parent=546489"}],"wp:term":[{"taxonomy":"category","embeddable":true,"href":"https:\/\/www.europesays.com\/fr\/wp-json\/wp\/v2\/categories?post=546489"},{"taxonomy":"post_tag","embeddable":true,"href":"https:\/\/www.europesays.com\/fr\/wp-json\/wp\/v2\/tags?post=546489"}],"curies":[{"name":"wp","href":"https:\/\/api.w.org\/{rel}","templated":true}]}}