{"id":546498,"date":"2025-11-20T09:07:19","date_gmt":"2025-11-20T09:07:19","guid":{"rendered":"https:\/\/www.europesays.com\/fr\/546498\/"},"modified":"2025-11-20T09:07:19","modified_gmt":"2025-11-20T09:07:19","slug":"groupe-un-avenir-pour-roubaix-decembre-2025","status":"publish","type":"post","link":"https:\/\/www.europesays.com\/fr\/546498\/","title":{"rendered":"Groupe Un avenir pour Roubaix &#8211; D\u00e9cembre 2025"},"content":{"rendered":"<p class=\"p2\">La p\u00e9riode des \u00abf\u00eates de fin d\u2019ann\u00e9e\u00bb est toujours une p\u00e9riode d\u00e9licate. Elle devrait n\u2019emporter que joie et partage mais la situation sociale de bon nombre de nos concitoyens en fait \u00e9galement un temps o\u00f9 les difficult\u00e9s sont encore plus dures \u00e0 vivre.<\/p>\n<p class=\"p2\">Aussi, nous remercions les acteurs de la solidarit\u00e9 roubaisienne qui \u0153uvrent pour offrir des temps festifs et de partage aux familles les plus d\u00e9munies. Nous remercions en premier lieu les \u00e9quipes de la ville et du CCAS qui vont au devant des situations de d\u00e9tresse quotidiennement. Merci aussi \u00e0 toutes les associations qui portent la solidarit\u00e9 et qui organisent des temps de convivialit\u00e9 en cette p\u00e9riode avec les familles les plus fragiles.<\/p>\n<p class=\"p2\">Partout en France et \u00e0 Roubaix aussi, de plus en plus de personnes se retrouvent dans la rue. Nous voulons ici vous informer que nos \u00e9quipes et celles du CCAS vont syst\u00e9matiquement \u00e0 leur rencontre pour les identifier et leur proposer une aide et une prise en charge d\u2019urgence qu\u2019ils refusent malheureusement tr\u00e8s souvent. Nous continuerons \u00e0 les suivre et \u00e0 leur proposer de l\u2019aide, et la pr\u00e9fecture les prendra en charge avec un plan d\u2019h\u00e9bergement d\u2019urgence si un plan grand froid venait \u00e0 \u00eatre d\u00e9clar\u00e9.<\/p>\n<p class=\"p2\">A Roubaix nous proposerons comme chaque ann\u00e9e des temps festifs et anim\u00e9s pour tous les Roubaisiens en esp\u00e9rant que cela puisse apporter un peu de r\u00e9confort.<\/p>\n<p class=\"p2\">En d\u00e9cembre on retrouvera \u00e0 Roubaix les temps forts de No\u00ebl avec les animations sur la Grand Place, le march\u00e9 de No\u00ebl durable et z\u00e9ro d\u00e9chet mais aussi le plan lumi\u00e8re qui valorise notre patrimoine et la Nuit des Arts qui permet d\u2019acc\u00e9der gratuitement \u00e0 l\u2019art et \u00e0 la culture dans notre ville.<\/p>\n<p class=\"p2\">Ces temps permettent aux familles de partager des moments de convivialit\u00e9 et de profiter de sorties familiales.<\/p>\n<p class=\"p2\">Comme chaque ann\u00e9e, nous invitons toutes les familles \u00e0 se rendre \u00e0 l\u2019H\u00f4tel de Ville le dimanche 21 d\u00e9cembre \u00e0 partir de 16h pour un temps traditionnel avec des animations gratuites, la descente du P\u00e8re No\u00ebl, une photo souvenir avec le P\u00e8re No\u00ebl, la distribution d\u2019une boisson et de bonbons aux enfants.<\/p>\n<p class=\"p2\">Bonnes f\u00eates de fin d\u2019ann\u00e9e \u00e0 tous,<\/p>\n<p style=\"text-align: right;\"><strong>L\u2019\u00e9quipe de la Majorit\u00e9 Municipale<\/strong><\/p>\n","protected":false},"excerpt":{"rendered":"La p\u00e9riode des \u00abf\u00eates de fin d\u2019ann\u00e9e\u00bb est toujours une p\u00e9riode d\u00e9licate. Elle devrait n\u2019emporter que joie et&hellip;\n","protected":false},"author":2,"featured_media":48636,"comment_status":"","ping_status":"","sticky":false,"template":"","format":"standard","meta":{"footnotes":""},"categories":[2815],"tags":[1111,11,1777,674,14030,1011,27,811,1307,12,25,5030],"class_list":{"0":"post-546498","1":"post","2":"type-post","3":"status-publish","4":"format-standard","5":"has-post-thumbnail","7":"category-lille","8":"tag-actu","9":"tag-actualites","10":"tag-eu","11":"tag-europe","12":"tag-expression-politique","13":"tag-fr","14":"tag-france","15":"tag-hauts-de-france","16":"tag-lille","17":"tag-news","18":"tag-republique-francaise","19":"tag-tribune"},"share_on_mastodon":{"url":"https:\/\/pubeurope.com\/@fr\/115581238979120407","error":""},"_links":{"self":[{"href":"https:\/\/www.europesays.com\/fr\/wp-json\/wp\/v2\/posts\/546498","targetHints":{"allow":["GET"]}}],"collection":[{"href":"https:\/\/www.europesays.com\/fr\/wp-json\/wp\/v2\/posts"}],"about":[{"href":"https:\/\/www.europesays.com\/fr\/wp-json\/wp\/v2\/types\/post"}],"author":[{"embeddable":true,"href":"https:\/\/www.europesays.com\/fr\/wp-json\/wp\/v2\/users\/2"}],"replies":[{"embeddable":true,"href":"https:\/\/www.europesays.com\/fr\/wp-json\/wp\/v2\/comments?post=546498"}],"version-history":[{"count":0,"href":"https:\/\/www.europesays.com\/fr\/wp-json\/wp\/v2\/posts\/546498\/revisions"}],"wp:featuredmedia":[{"embeddable":true,"href":"https:\/\/www.europesays.com\/fr\/wp-json\/wp\/v2\/media\/48636"}],"wp:attachment":[{"href":"https:\/\/www.europesays.com\/fr\/wp-json\/wp\/v2\/media?parent=546498"}],"wp:term":[{"taxonomy":"category","embeddable":true,"href":"https:\/\/www.europesays.com\/fr\/wp-json\/wp\/v2\/categories?post=546498"},{"taxonomy":"post_tag","embeddable":true,"href":"https:\/\/www.europesays.com\/fr\/wp-json\/wp\/v2\/tags?post=546498"}],"curies":[{"name":"wp","href":"https:\/\/api.w.org\/{rel}","templated":true}]}}