{"id":546499,"date":"2025-11-20T09:08:14","date_gmt":"2025-11-20T09:08:14","guid":{"rendered":"https:\/\/www.europesays.com\/fr\/546499\/"},"modified":"2025-11-20T09:08:14","modified_gmt":"2025-11-20T09:08:14","slug":"cest-confirme-la-neige-sinstalle-les-previsions-de-meteo-france-pour-les-jours-a-venir","status":"publish","type":"post","link":"https:\/\/www.europesays.com\/fr\/546499\/","title":{"rendered":"c&rsquo;est confirm\u00e9 la neige s&rsquo;installe, les pr\u00e9visions de M\u00e9t\u00e9o France pour les jours \u00e0 venir"},"content":{"rendered":"<p>Un air polaire s&rsquo;installe sur la France,<br \/>\napportant les premiers flocons de la saison. Quelles villes seront<br \/>\ntouch\u00e9es par la neige dans les jours \u00e0 venir ?<\/p>\n<p>Un air polaire s\u2019engouffre sur la France, les thermom\u00e8tres<br \/>\nd\u00e9crochent et les regards se tournent vers le ciel. Des fronti\u00e8res<br \/>\ndu Nord\u2011Est aux c\u00f4tes de la Manche, <a href=\"https:\/\/www.pleinevie.fr\/actualites\/neige-verglas-cest-parti-pour-le-chaos-blanc-la-neige-debarque-15-departements-deja-en-alerte-voici-ou-les-premiers-flocons-tombent-deja-178334.html\" target=\"_blank\" rel=\"noopener\">les premiers flocons<\/a><br \/>\nsignificatifs de la saison s\u2019annoncent, y compris en plaine.<\/p>\n<p>Le mouvement s\u2019est enclench\u00e9 mercredi 19 novembre avec des<br \/>\ngel\u00e9es g\u00e9n\u00e9ralis\u00e9es et un premier passage neigeux sur l\u2019Est. Il<br \/>\ns\u2019\u00e9tend jeudi 20 novembre avec un abaissement de la limite<br \/>\npluie\u2011neige et une vigilance \u00e9largie, notamment sur le quart<br \/>\nNord\u2011Est et l\u2019<strong>\u00cele\u2011de\u2011France<\/strong>. Paris incluse ?<\/p>\n<p>Jeudi 20 novembre : vigilance neige\u2011verglas, altitudes et<br \/>\nvilles \u00e0 surveiller<\/p>\n<p>Bascule du temps sur le quart <strong>Nord\u2011Est<\/strong> : en<br \/>\nplaine, des flocons sont possibles entre 200 et 300 m, et la neige<br \/>\ntient plus facilement sur les premi\u00e8res hauteurs d\u00e8s 300 \u00e0 400 m<br \/>\n(plateau de Langres, Vosges, Morvan). Le <strong>Jura<\/strong> et<br \/>\nles <strong>Alpes du Nord<\/strong> voient la limite pluie\u2011neige<br \/>\ns\u2019abaisser vers 400 \u00e0 500 m, tandis que les<br \/>\n<strong>Pyr\u00e9n\u00e9es<\/strong> blanchissent \u00e0 partir de 600 \u00e0 800 m. Sur<br \/>\nles r\u00e9gions du nord, des giboul\u00e9es peuvent d\u00e9border jusqu\u2019\u00e0 la<br \/>\nBretagne et aux <strong>collines normandes<\/strong>. \u00ab\u00a0Les sols<br \/>\nblanchissent temporairement sur les Ardennes et le nord de la<br \/>\nLorraine, on attend 1 \u00e0 5 cm \u00e0 partir de 500 m d&rsquo;altitude pr\u00e8s des<br \/>\nfronti\u00e8res\u00a0\u00bb, a indiqu\u00e9 M\u00e9t\u00e9o\u2011France, selon L&rsquo;Internaute.<\/p>\n<p>Jeudi, <strong>50 d\u00e9partements<\/strong> passent en vigilance<br \/>\njaune <strong>neige\u2011verglas<\/strong> : Ain, Aisne, Ardennes,<br \/>\nAri\u00e8ge, Aube, Aveyron, Cantal, Corr\u00e8ze, Creuse, C\u00f4te\u2011d\u2019Or, Doubs,<br \/>\nHaute\u2011Garonne, Ille\u2011et\u2011Vilaine, Indre, Is\u00e8re, Jura, Loire,<br \/>\nHaute\u2011Loire, Marne, Haute\u2011Marne, Meurthe\u2011et\u2011Moselle, Meuse,<br \/>\nMoselle, Ni\u00e8vre, Nord, Oise, Orne, Pas\u2011de\u2011Calais, Puy\u2011de\u2011D\u00f4me,<br \/>\nPyr\u00e9n\u00e9es\u2011Atlantiques, Hautes\u2011Pyr\u00e9n\u00e9es, Bas\u2011Rhin, Haut\u2011Rhin,<br \/>\nHaute\u2011Sa\u00f4ne, Sa\u00f4ne\u2011et\u2011Loire, Savoie, Haute\u2011Savoie, Paris,<br \/>\nSeine\u2011et\u2011Marne, Yvelines, Somme, Haute\u2011Vienne, Vosges, Yonne,<br \/>\nTerritoire de Belfort, Essonne, Hauts\u2011de\u2011Seine, Seine\u2011Saint\u2011Denis,<br \/>\nVal\u2011de\u2011Marne, Val\u2011d\u2019Oise.<\/p>\n<p>En <strong>\u00cele\u2011de\u2011France<\/strong>, des \u00e9pisodes de pluie et<br \/>\nneige m\u00eal\u00e9es sont possibles ; sur ce quart Nord\u2011Est, la neige sera<br \/>\n\u00ab\u00a0tr\u00e8s faible\u00a0\u00bb et \u00ab\u00a0tient difficilement sur les routes\u00a0\u00bb, pr\u00e9cise<br \/>\nM\u00e9t\u00e9o\u2011France. C\u00f4t\u00e9 littoral, les C\u00f4tes\u2011d\u2019Armor, l\u2019Ille\u2011et\u2011Vilaine,<br \/>\nle Calvados, la Manche et la Seine\u2011Maritime sont surtout expos\u00e9s \u00e0<br \/>\ndes vents soutenus.<\/p>\n<p>Vendredi puis week\u2011end : massifs<br \/>\nservis, risque jusque Paris<\/p>\n<p>Vendredi, l\u2019activit\u00e9 se tasse un peu. Les pr\u00e9cipitations<br \/>\naccrochent surtout les reliefs de l\u2019Est avec de la neige jusque<br \/>\ndans les plus basses vall\u00e9es du Jura et des Alpes, donnant un petit<br \/>\nmanteau blanc surtout au\u2011dessus de 300 m ; en dessous, la neige<br \/>\nreste souvent fondante. Sur les <strong>Pyr\u00e9n\u00e9es<\/strong>, les<br \/>\nchutes s\u2019intensifient avec une limite pluie\u2011neige pouvant<br \/>\ns\u2019abaisser vers 400 m. Du Pas\u2011de\u2011Calais au Calvados, des giboul\u00e9es<br \/>\nr\u00e9siduelles circulent, tandis que les temp\u00e9ratures se situent<br \/>\nautour de 5 \u00b0C sous les normales de saison.<\/p>\n<p>Le week\u2011end pourrait voir un front oc\u00e9anique aborder le pays et<br \/>\nse heurter \u00e0 l\u2019air froid en place. R\u00e9sultat possible : un \u00e9pisode<br \/>\nde <strong>neige de redoux<\/strong> avec des flocons temporaires<br \/>\navant la pluie, d\u2019abord sur une bande centrale d\u00e8s la nuit de<br \/>\nsamedi \u00e0 dimanche, puis vers l\u2019Est. De samedi soir \u00e0 dimanche, des<br \/>\n<strong>Hauts\u2011de\u2011France<\/strong> au sud du <strong>Massif<br \/>\ncentral<\/strong>, mais aussi en r\u00e9gion <strong>parisienne<\/strong>,<br \/>\nla neige pourrait s\u2019inviter en plaine. Des incertitudes demeurent<br \/>\nsur la chronologie et les cumuls, et deux d\u00e9partements alpins,<br \/>\nl\u2019Is\u00e8re et la Haute\u2011Savoie, restent sous surveillance pour le<br \/>\nrisque d\u2019avalanche.<\/p>\n","protected":false},"excerpt":{"rendered":"Un air polaire s&rsquo;installe sur la France, apportant les premiers flocons de la saison. Quelles villes seront touch\u00e9es&hellip;\n","protected":false},"author":2,"featured_media":546500,"comment_status":"","ping_status":"","sticky":false,"template":"","format":"standard","meta":{"footnotes":""},"categories":[2815],"tags":[1111,11,1102,10281,1777,674,1011,27,811,1307,12,25],"class_list":{"0":"post-546499","1":"post","2":"type-post","3":"status-publish","4":"format-standard","5":"has-post-thumbnail","7":"category-lille","8":"tag-actu","9":"tag-actualites","10":"tag-breakingnews","11":"tag-buzz-nonli","12":"tag-eu","13":"tag-europe","14":"tag-fr","15":"tag-france","16":"tag-hauts-de-france","17":"tag-lille","18":"tag-news","19":"tag-republique-francaise"},"share_on_mastodon":{"url":"https:\/\/pubeurope.com\/@fr\/115581242864736267","error":""},"_links":{"self":[{"href":"https:\/\/www.europesays.com\/fr\/wp-json\/wp\/v2\/posts\/546499","targetHints":{"allow":["GET"]}}],"collection":[{"href":"https:\/\/www.europesays.com\/fr\/wp-json\/wp\/v2\/posts"}],"about":[{"href":"https:\/\/www.europesays.com\/fr\/wp-json\/wp\/v2\/types\/post"}],"author":[{"embeddable":true,"href":"https:\/\/www.europesays.com\/fr\/wp-json\/wp\/v2\/users\/2"}],"replies":[{"embeddable":true,"href":"https:\/\/www.europesays.com\/fr\/wp-json\/wp\/v2\/comments?post=546499"}],"version-history":[{"count":0,"href":"https:\/\/www.europesays.com\/fr\/wp-json\/wp\/v2\/posts\/546499\/revisions"}],"wp:featuredmedia":[{"embeddable":true,"href":"https:\/\/www.europesays.com\/fr\/wp-json\/wp\/v2\/media\/546500"}],"wp:attachment":[{"href":"https:\/\/www.europesays.com\/fr\/wp-json\/wp\/v2\/media?parent=546499"}],"wp:term":[{"taxonomy":"category","embeddable":true,"href":"https:\/\/www.europesays.com\/fr\/wp-json\/wp\/v2\/categories?post=546499"},{"taxonomy":"post_tag","embeddable":true,"href":"https:\/\/www.europesays.com\/fr\/wp-json\/wp\/v2\/tags?post=546499"}],"curies":[{"name":"wp","href":"https:\/\/api.w.org\/{rel}","templated":true}]}}