{"id":546505,"date":"2025-11-20T09:12:26","date_gmt":"2025-11-20T09:12:26","guid":{"rendered":"https:\/\/www.europesays.com\/fr\/546505\/"},"modified":"2025-11-20T09:12:26","modified_gmt":"2025-11-20T09:12:26","slug":"cet-avocat-de-lyon-poursuivi-pour-avoir-provoque-un-accident","status":"publish","type":"post","link":"https:\/\/www.europesays.com\/fr\/546505\/","title":{"rendered":"cet avocat de Lyon poursuivi pour avoir provoqu\u00e9 un accident"},"content":{"rendered":"<p>                    Par<br \/>\n        <strong><br \/>\n            <a href=\"https:\/\/actu.fr\/auteur\/redaction-lyon\" title=\"Consulter tous les articles de R\u00e9daction Lyon\" target=\"_blank\" rel=\"noopener\">R\u00e9daction Lyon<\/a><br \/>\n                    <\/strong><\/p>\n<p>        Publi\u00e9 le<\/p>\n<p>            20 nov. 2025 \u00e0 9h51        <\/p>\n<p>L\u2019avocat <a href=\"https:\/\/actu.fr\/auvergne-rhone-alpes\/lyon_69123\/david-metaxas-celebre-avocat-des-voyous-a-lyon-j-ai-fait-liberer-des-braqueurs_60734751.html\" target=\"_blank\" rel=\"noopener\">Me David Metaxas<\/a> sera jug\u00e9 le 3 mars 2026\u00a0par le tribunal correctionnel de <a href=\"https:\/\/actu.fr\/auvergne-rhone-alpes\/lyon_69123\" target=\"_blank\" rel=\"noopener\">Lyon<\/a>\u00a0pour les \u00ab\u00a0blessures involontaires\u00a0\u00bb qu\u2019il avait caus\u00e9es \u00e0 une jeune femme en roulant \u00e0 une \u00ab\u00a0vitesse excessive\u00a0\u00bb, des poursuites qui viennent s\u2019ajouter aux <a href=\"https:\/\/actu.fr\/auvergne-rhone-alpes\/lyon_69123\/lyon-le-celebre-avocat-des-voyous-en-garde-a-vue-pour-viols-et-agressions-sexuelles_63450118.html\" target=\"_blank\" rel=\"noopener\">accusations\u00a0de \u00ab\u00a0viols\u00a0\u00bb et \u00ab\u00a0agressions sexuelles\u00a0\u00bb<\/a> port\u00e9es \u00e0 son encontre par d\u2019anciennes stagiaires.<\/p>\n<p>Refus de se soumettre aux tests d\u2019alcool\u00e9mie et de stup\u00e9fiants<\/p>\n<p class=\" wall-content\">L\u2019avocat p\u00e9naliste du barreau de Lyon est en fait accus\u00e9 d\u2019avoir <strong>caus\u00e9 un accident de la route<\/strong> le 29 mars 2024 aux alentours de 5h du matin dans le 6e arrondissement de Lyon, au croisement de la rue de Cr\u00e9qui et du boulevard des Belges. Il avait bless\u00e9 \u00e0 cette occasion une femme, Laura X. Il avait ensuite <strong>refus\u00e9 de se soumettre aux tests des policiers<\/strong> qui auraient permis de d\u00e9terminer s\u2019il conduisait, ou non, sous l\u2019emprise de l\u2019alcool ou de stup\u00e9fiants.<\/p>\n<p class=\" wall-content\">L\u2019homme de 49 ans sera ainsi jug\u00e9\u00a0pour \u00ab\u00a0blessures involontaires avec incapacit\u00e9 n\u2019exc\u00e9dant pas trois mois par conducteur de v\u00e9hicule terrestre \u00e0 moteur\u00a0\u00bb, \u00ab\u00a0conduite d\u2019un v\u00e9hicule \u00e0 une vitesse excessive\u00a0\u00bb et \u00ab\u00a0refus (\u2026) de se soumettre aux analyses (\u2026) en vue d\u2019\u00e9tablir\u00a0\u00bb s\u2019il conduisait en ayant fait usage de stup\u00e9fiants ou sous l\u2019empire de l\u2019alcool.<\/p>\n<p>Pas de d\u00e9paysement de l\u2019affaire<\/p>\n<p class=\" wall-content\">\u00c0 l\u2019origine, ces d\u00e9lits routiers auraient d\u00fb \u00eatre examin\u00e9s\u00a0en audience dite \u00ab\u00a0de juge unique\u00a0\u00bb par le tribunal correctionnel de Lyon le 20 d\u00e9cembre 2024. Mais le proc\u00e8s de David Metaxas a \u00e9t\u00e9 renvoy\u00e9 \u00e0 plusieurs reprises \u2013 comme a pu le constater PressPepper \u2013 d\u2019abord en mars 2025,\u00a0puis en mai 2025 et enfin en octobre 2025 \u00e0 la demande des diff\u00e9rentes parties.<\/p>\n<p class=\" wall-content\">En dernier lieu, David Metaxas et son avocat Me Alain Jakubowicz avaient demand\u00e9 un \u00ab\u00a0d\u00e9paysement\u00a0\u00bb du proc\u00e8s dans une autre juridiction que le tribunal judiciaire de Lyon. Cette pratique destin\u00e9e \u00e0 pr\u00e9venir tout soup\u00e7on de conflits d\u2019int\u00e9r\u00eats est autoris\u00e9e quand l\u2019un des protagonistes d\u2019un proc\u00e8s \u2013 qu\u2019il soit auteur ou victime d\u2019infractions \u2013 conna\u00eet \u00e0 titre personnel les magistrats amen\u00e9s \u00e0 se pencher sur son dossier.<\/p>\n<p class=\" wall-content\">\u00ab\u00a0Le renvoi d\u2019une affaire d\u2019une juridiction \u00e0 une autre peut \u00eatre ordonn\u00e9 pour cause de s\u00fbret\u00e9 publique par la chambre criminelle, mais seulement \u00e0 la requ\u00eate du procureur g\u00e9n\u00e9ral pr\u00e8s la Cour de cassation\u00a0\u00bb, pr\u00e9voit pr\u00e9cis\u00e9ment\u00a0le code de proc\u00e9dure p\u00e9nale.<\/p>\n<p>Un \u00ab\u00a0pr\u00e9venu un peu particulier\u00a0\u00bb<\/p>\n<p class=\" wall-content\">\u00ab\u00a0Le renvoi peut \u00e9galement \u00eatre ordonn\u00e9, dans l\u2019int\u00e9r\u00eat d\u2019une bonne administration de la justice, par la chambre criminelle.\u00a0\u00bb Cela se fait \u00ab\u00a0soit sur requ\u00eate du procureur g\u00e9n\u00e9ral pr\u00e8s la Cour de cassation\u00a0\u00bb ou bien \u00ab\u00a0sur requ\u00eate du procureur g\u00e9n\u00e9ral pr\u00e8s la cour d\u2019appel dans le ressort de laquelle la juridiction saisie a son si\u00e8ge\u2019, en l\u2019occurrence la cour d\u2019appel de Lyon. Le parquet g\u00e9n\u00e9ral peut alors \u00ab\u00a0agir d\u2019initiative\u00a0\u00bb ou \u00ab\u00a0sur demande des parties\u00a0\u00bb prenantes au proc\u00e8s.<\/p>\n<p>Votre r\u00e9gion, votre actu !<\/p>\n<p>Recevez chaque jour les infos qui comptent pour vous.<\/p>\n<p>\t<a href=\"https:\/\/actu.fr\/newsletter\" class=\"ac-btn ac-btn--corner ac-btn--medium ac-btn--blue800\" target=\"_blank\" rel=\"noopener\">S&rsquo;incrire<\/a><\/p>\n<p class=\" wall-content\">Lors de la derni\u00e8re audience, le 20 octobre 2025, la procureure de la R\u00e9publique avait propos\u00e9 de renvoyer le proc\u00e8s devant une formation coll\u00e9giale de trois magistrats, toujours \u00e0 Lyon.<\/p>\n<p class=\" wall-content\">L\u2019objectif \u00e9tait que \u00ab\u00a0la juridiction soit un peu plus \u00e0 l\u2019aise pour juger\u00a0\u00bb ce \u00ab\u00a0pr\u00e9venu un peu particulier\u00a0\u00bb, avait-elle expliqu\u00e9. Une demande \u00e0 laquelle avait fait droit le magistrat.<\/p>\n<p class=\" wall-content\"><strong>MJ et GF (PressPepper)<\/strong><\/p>\n<p class=\" wall-content\">Personnalisez votre actualit\u00e9 en ajoutant vos villes et m\u00e9dias en favori avec <a href=\"https:\/\/moncompte.actu.fr\" title=\"D\u00e9couvez Mon Actu\" rel=\"nofollow noopener\" data-trk=\"{&quot;cta&quot;:{&quot;action&quot;:&quot;https:\\\/\\\/moncompte.actu.fr&quot;,&quot;category&quot;:&quot;mon compte&quot;,&quot;from&quot;:&quot;article footer&quot;,&quot;name&quot;:&quot;Mon actu&quot;,&quot;type&quot;:&quot;cta&quot;}}\" target=\"_blank\">Mon Actu<\/a>.<\/p>\n","protected":false},"excerpt":{"rendered":"Par R\u00e9daction Lyon Publi\u00e9 le 20 nov. 2025 \u00e0 9h51 L\u2019avocat Me David Metaxas sera jug\u00e9 le 3&hellip;\n","protected":false},"author":2,"featured_media":541498,"comment_status":"","ping_status":"","sticky":false,"template":"","format":"standard","meta":{"footnotes":""},"categories":[1889],"tags":[119,1111,11,2430,1777,674,1011,27,303,2428,12,25,5009,104],"class_list":{"0":"post-546505","1":"post","2":"type-post","3":"status-publish","4":"format-standard","5":"has-post-thumbnail","7":"category-lyon","8":"tag-accident","9":"tag-actu","10":"tag-actualites","11":"tag-auvergne-rhone-alpes","12":"tag-eu","13":"tag-europe","14":"tag-fr","15":"tag-france","16":"tag-justice","17":"tag-lyon","18":"tag-news","19":"tag-republique-francaise","20":"tag-securite-routiere","21":"tag-societe"},"share_on_mastodon":{"url":"https:\/\/pubeurope.com\/@fr\/115581258508907285","error":""},"_links":{"self":[{"href":"https:\/\/www.europesays.com\/fr\/wp-json\/wp\/v2\/posts\/546505","targetHints":{"allow":["GET"]}}],"collection":[{"href":"https:\/\/www.europesays.com\/fr\/wp-json\/wp\/v2\/posts"}],"about":[{"href":"https:\/\/www.europesays.com\/fr\/wp-json\/wp\/v2\/types\/post"}],"author":[{"embeddable":true,"href":"https:\/\/www.europesays.com\/fr\/wp-json\/wp\/v2\/users\/2"}],"replies":[{"embeddable":true,"href":"https:\/\/www.europesays.com\/fr\/wp-json\/wp\/v2\/comments?post=546505"}],"version-history":[{"count":0,"href":"https:\/\/www.europesays.com\/fr\/wp-json\/wp\/v2\/posts\/546505\/revisions"}],"wp:featuredmedia":[{"embeddable":true,"href":"https:\/\/www.europesays.com\/fr\/wp-json\/wp\/v2\/media\/541498"}],"wp:attachment":[{"href":"https:\/\/www.europesays.com\/fr\/wp-json\/wp\/v2\/media?parent=546505"}],"wp:term":[{"taxonomy":"category","embeddable":true,"href":"https:\/\/www.europesays.com\/fr\/wp-json\/wp\/v2\/categories?post=546505"},{"taxonomy":"post_tag","embeddable":true,"href":"https:\/\/www.europesays.com\/fr\/wp-json\/wp\/v2\/tags?post=546505"}],"curies":[{"name":"wp","href":"https:\/\/api.w.org\/{rel}","templated":true}]}}