{"id":546508,"date":"2025-11-20T09:15:14","date_gmt":"2025-11-20T09:15:14","guid":{"rendered":"https:\/\/www.europesays.com\/fr\/546508\/"},"modified":"2025-11-20T09:15:14","modified_gmt":"2025-11-20T09:15:14","slug":"2-500-foyers-toujours-prives-delectricite","status":"publish","type":"post","link":"https:\/\/www.europesays.com\/fr\/546508\/","title":{"rendered":"2 500 foyers toujours priv\u00e9s d&rsquo;\u00e9lectricit\u00e9"},"content":{"rendered":"<p>                    Par<br \/>\n        <strong><br \/>\n            <a href=\"https:\/\/actu.fr\/auteur\/redaction-paris\" title=\"Consulter tous les articles de R\u00e9daction Paris\" target=\"_blank\" rel=\"noopener\">R\u00e9daction Paris<\/a><br \/>\n                    <\/strong><\/p>\n<p>        Publi\u00e9 le<\/p>\n<p>            20 nov. 2025 \u00e0 9h50        <\/p>\n<p>R\u00e9veil sans lumi\u00e8re pour les Parisiens et les Altos\u00e9quanais, dont l\u2019approvisionnement en <a href=\"https:\/\/actu.fr\/tag\/electricite\" target=\"_blank\" rel=\"noopener\">\u00e9lectricit\u00e9<\/a> d\u00e9pend du poste <strong>RTE<\/strong> d\u2019Issy-les-Moulineaux, victime d\u2019une <a href=\"https:\/\/actu.fr\/tag\/panne\" target=\"_blank\" rel=\"noopener\">panne<\/a> aux alentours de 6h40 ce jeudi 20 novembre 2025.<\/p>\n<p>Les r\u00e9parations en cours<\/p>\n<p class=\" wall-content\">D\u2019apr\u00e8s les informations transmises \u00e0 actu Paris par RTE,<strong> 2 500 foyers<\/strong> sont toujours concern\u00e9s par la coupure. Des agents sont \u00e0 pied d\u2019\u0153uvre pour tenter de r\u00e9tablir le courant. La premi\u00e8re panne a dur\u00e9 cinq minutes et a pu concerner jusqu\u2019\u00e0 110 000 foyers dans le sud de Paris et le secteur d\u2019Issy-les-Moulineaux. Un peu avant 8 heures, 55 000 foyers \u00e9taient toujours concern\u00e9s par l\u2019incident, d\u00e9taille RTE. \u00c0 9h20, il en reste donc 2 500.<\/p>\n<p class=\" wall-content\">Difficile d\u2019estimer une <strong>heure de reprise<\/strong> pour le gestionnaire du r\u00e9seau de transport d\u2019\u00e9lectricit\u00e9 qui s\u2019excuse pour la g\u00eane occasionn\u00e9e.\u00a0<\/p>\n<p class=\" wall-content\">Personnalisez votre actualit\u00e9 en ajoutant vos villes et m\u00e9dias en favori avec <a href=\"https:\/\/moncompte.actu.fr\" title=\"D\u00e9couvez Mon Actu\" rel=\"nofollow noopener\" data-trk=\"{&quot;cta&quot;:{&quot;action&quot;:&quot;https:\\\/\\\/moncompte.actu.fr&quot;,&quot;category&quot;:&quot;mon compte&quot;,&quot;from&quot;:&quot;article footer&quot;,&quot;name&quot;:&quot;Mon actu&quot;,&quot;type&quot;:&quot;cta&quot;}}\" target=\"_blank\">Mon Actu<\/a>.<\/p>\n","protected":false},"excerpt":{"rendered":"Par R\u00e9daction Paris Publi\u00e9 le 20 nov. 2025 \u00e0 9h50 R\u00e9veil sans lumi\u00e8re pour les Parisiens et les&hellip;\n","protected":false},"author":2,"featured_media":546509,"comment_status":"","ping_status":"","sticky":false,"template":"","format":"standard","meta":{"footnotes":""},"categories":[1888],"tags":[1111,1928,11,1927,579,1777,674,1011,27,12,1926,10899,626,1925,25,104],"class_list":{"0":"post-546508","1":"post","2":"type-post","3":"status-publish","4":"format-standard","5":"has-post-thumbnail","7":"category-paris","8":"tag-actu","9":"tag-actu-paris","10":"tag-actualites","11":"tag-actualites-paris","12":"tag-electricite","13":"tag-eu","14":"tag-europe","15":"tag-fr","16":"tag-france","17":"tag-news","18":"tag-news-paris","19":"tag-panne","20":"tag-paris","21":"tag-paris-news","22":"tag-republique-francaise","23":"tag-societe"},"share_on_mastodon":{"url":"https:\/\/pubeurope.com\/@fr\/115581270398110016","error":""},"_links":{"self":[{"href":"https:\/\/www.europesays.com\/fr\/wp-json\/wp\/v2\/posts\/546508","targetHints":{"allow":["GET"]}}],"collection":[{"href":"https:\/\/www.europesays.com\/fr\/wp-json\/wp\/v2\/posts"}],"about":[{"href":"https:\/\/www.europesays.com\/fr\/wp-json\/wp\/v2\/types\/post"}],"author":[{"embeddable":true,"href":"https:\/\/www.europesays.com\/fr\/wp-json\/wp\/v2\/users\/2"}],"replies":[{"embeddable":true,"href":"https:\/\/www.europesays.com\/fr\/wp-json\/wp\/v2\/comments?post=546508"}],"version-history":[{"count":0,"href":"https:\/\/www.europesays.com\/fr\/wp-json\/wp\/v2\/posts\/546508\/revisions"}],"wp:featuredmedia":[{"embeddable":true,"href":"https:\/\/www.europesays.com\/fr\/wp-json\/wp\/v2\/media\/546509"}],"wp:attachment":[{"href":"https:\/\/www.europesays.com\/fr\/wp-json\/wp\/v2\/media?parent=546508"}],"wp:term":[{"taxonomy":"category","embeddable":true,"href":"https:\/\/www.europesays.com\/fr\/wp-json\/wp\/v2\/categories?post=546508"},{"taxonomy":"post_tag","embeddable":true,"href":"https:\/\/www.europesays.com\/fr\/wp-json\/wp\/v2\/tags?post=546508"}],"curies":[{"name":"wp","href":"https:\/\/api.w.org\/{rel}","templated":true}]}}