{"id":546515,"date":"2025-11-20T09:19:17","date_gmt":"2025-11-20T09:19:17","guid":{"rendered":"https:\/\/www.europesays.com\/fr\/546515\/"},"modified":"2025-11-20T09:19:17","modified_gmt":"2025-11-20T09:19:17","slug":"le-paradoxe-russe-le-budget-militaire-explose-mais-un-habitant-sur-neuf-vit-sans-eau-potable","status":"publish","type":"post","link":"https:\/\/www.europesays.com\/fr\/546515\/","title":{"rendered":"Le paradoxe russe: le budget militaire explose, mais un habitant sur neuf vit sans eau potable"},"content":{"rendered":"<p>Bien qu&rsquo;elle poss\u00e8de des r\u00e9serves d&rsquo;eau douce parmi les plus importantes au monde, la Russie est manifestement incapable d&rsquo;assurer un acc\u00e8s \u00e0 l&rsquo;eau potable pour ses propres habitants. 11% des Russes en sont priv\u00e9s, un chiffre qui atteint 22,1% dans les zones rurales. Le programme f\u00e9d\u00e9ral \u00ab\u00a0eau propre\u00a0\u00bb, qui a co\u00fbt\u00e9 2 milliards d&rsquo;euros, n&rsquo;y a pas chang\u00e9 grand chose, raconte le m\u00e9dia financ\u00e9 par les \u00c9tats-Unis <a href=\"https:\/\/www-sibreal-org.translate.goog\/a\/rossii-ne-hvataet-pitevoy-vody-v-tom-chisle-iz-za-voyny\/33586964.html?_x_tr_sl=auto&amp;_x_tr_tl=fr&amp;_x_tr_hl=fr\" target=\"_blank\" rel=\"noopener\">Radio Free Europe\/Radio Liberty<\/a> (RFE\/RL).<\/p>\n<p>\u00ab\u00a0Nous avons \u00e9crit aux d\u00e9put\u00e9s et au gouverneur. La situation est absurde\u00a0: le lac Ba\u00efkal est \u00e0 300 m\u00e8tres et nous n\u2019avons pas d\u2019eau potable, d\u00e9nonce un habitant du village de Boyarsky, en r\u00e9publique de <a href=\"https:\/\/www.geo.fr\/geopolitique\/russie-confins-du-pays-chair-a-canon-de-bouriatie-voit-ressurgir-les-fantomes-du-stalinisme-219615\" target=\"_blank\" rel=\"noopener\">Bouriatie<\/a> (<a href=\"https:\/\/www.geo.fr\/environnement\/d-immenses-crateres-perforent-le-sol-siberien-leur-origine-est-enfin-connue-des-scientifiques-228718\" target=\"_blank\" rel=\"noopener\">Sib\u00e9rie <\/a>orientale). Un puits a \u00e9t\u00e9 r\u00e9par\u00e9, mais (&#8230;) il sera bient\u00f4t contamin\u00e9 par des moisissures ou autre chose. De toute fa\u00e7on, c\u2019est tr\u00e8s contraignant. Les retrait\u00e9s doivent faire tout le trajet jusqu\u2019au lac Ba\u00efkal pour s\u2019y approvisionner en eau.\u00a0\u00bb<\/p>\n<p>Eau et empoisonnement<\/p>\n<p>Le village dispose ne dispose pas d&rsquo;un r\u00e9seau d&rsquo;eau potable, mais de deux pompes (une dans chaque rue) et de deux puits, l&rsquo;un vieux de trente ans et l&rsquo;autre creus\u00e9 en 2017. Tous deux ont \u00e9t\u00e9 contamin\u00e9s par la fonte des neiges et la remont\u00e9e des eaux souterraines. Les puits ont ensuite \u00e9t\u00e9 nettoy\u00e9s (sommairement) et l&rsquo;une des pompes, tomb\u00e9e en panne, a \u00e9t\u00e9 r\u00e9par\u00e9e, mais cela n&rsquo;a pas r\u00e9solu le probl\u00e8me de l&rsquo;acc\u00e8s \u00e0 l&rsquo;eau potable \u00e0 Boyarsky.<\/p>\n<p>\u00ab\u00a0L&rsquo;eau de la pompe est encore majoritairement [d&rsquo;origine] industrielle, explique un habitant de Boyarskoye. On a peur de la boire, m\u00eame si on est reconnaissants de l&rsquo;avoir. Le probl\u00e8me, c&rsquo;est que les pompes peuvent geler par temps froid. Alors, on retourne au lac Ba\u00efkal. Et le lac Ba\u00efkal g\u00e8le aussi en hiver. [Quant au] puits qui a \u00e9t\u00e9 r\u00e9par\u00e9 (&#8230;), il est toujours inutilisable car la nappe phr\u00e9atique va remonter. Apparemment, il a tout simplement \u00e9t\u00e9 mal construit.\u00a0\u00bb<\/p>\n<p>Pollution des sources<\/p>\n<p>De nombreux autres villages de Bouriatie subissent une situation similaire\u00a0: seuls 51% des citoyens de la r\u00e9publique disposent d&rsquo;un acc\u00e8s \u00e0 l&rsquo;eau potable courante. Avant 2024, 2 000 habitants du sud-est de Kabansk devaient se rendre dans une autre partie du village pour s&rsquo;approvisionner. \u00c0 l&rsquo;\u00e9chelle de la Russie, ce sont 16 millions de personnes qui rencontrent des difficult\u00e9s d&rsquo;acc\u00e8s \u00e0 l&rsquo;eau, soit 11% de la population de 146 millions d&rsquo;habitants. Et ce chiffre n&rsquo;a fait qu&rsquo;augmenter.<\/p>\n<p>\u00ab\u00a0Des experts de la Coalition pour le d\u00e9veloppement durable du pays (KURS) (&#8230;) estiment que cette  tendance n\u00e9gative s&rsquo;explique par plusieurs facteurs\u00a0: la d\u00e9gradation des r\u00e9seaux [d&rsquo;eau], la pollution des rivi\u00e8res, l&rsquo;augmentation des inondations et le contr\u00f4le insuffisant de la qualit\u00e9 des eaux de source, souvent contamin\u00e9es\u00a0\u00bb, explique RFE\/RL.<\/p>\n<p>En raison du d\u00e9r\u00e8glement climatique, les inondations plus fr\u00e9quentes transf\u00e8rent les polluants de surface dans les sources. Elles sont \u00e9galement d\u00e9grad\u00e9es par les eaux us\u00e9es non trait\u00e9es, les fosses septiques ainsi que les d\u00e9chets agricoles et industriels. Une situation peu enviable dont le Kremlin, enti\u00e8rement focalis\u00e9 sur sa tentative d&rsquo;assujettir l&rsquo;Ukraine, semble tr\u00e8s bien s&rsquo;accommoder.<\/p>\n","protected":false},"excerpt":{"rendered":"Bien qu&rsquo;elle poss\u00e8de des r\u00e9serves d&rsquo;eau douce parmi les plus importantes au monde, la Russie est manifestement incapable&hellip;\n","protected":false},"author":2,"featured_media":546516,"comment_status":"","ping_status":"","sticky":false,"template":"","format":"standard","meta":{"footnotes":""},"categories":[1591],"tags":[10714,11,1129,4858,1887,131,12,24960,1885,1886,132],"class_list":{"0":"post-546515","1":"post","2":"type-post","3":"status-publish","4":"format-standard","5":"has-post-thumbnail","7":"category-russie","8":"tag-actu-russie","9":"tag-actualites","10":"tag-climat","11":"tag-eau","12":"tag-federation-de-russie","13":"tag-guerre-en-ukraine","14":"tag-news","15":"tag-pauvretu00e9","16":"tag-russia","17":"tag-russian-federation","18":"tag-russie"},"share_on_mastodon":{"url":"https:\/\/pubeurope.com\/@fr\/115581286154819854","error":""},"_links":{"self":[{"href":"https:\/\/www.europesays.com\/fr\/wp-json\/wp\/v2\/posts\/546515","targetHints":{"allow":["GET"]}}],"collection":[{"href":"https:\/\/www.europesays.com\/fr\/wp-json\/wp\/v2\/posts"}],"about":[{"href":"https:\/\/www.europesays.com\/fr\/wp-json\/wp\/v2\/types\/post"}],"author":[{"embeddable":true,"href":"https:\/\/www.europesays.com\/fr\/wp-json\/wp\/v2\/users\/2"}],"replies":[{"embeddable":true,"href":"https:\/\/www.europesays.com\/fr\/wp-json\/wp\/v2\/comments?post=546515"}],"version-history":[{"count":0,"href":"https:\/\/www.europesays.com\/fr\/wp-json\/wp\/v2\/posts\/546515\/revisions"}],"wp:featuredmedia":[{"embeddable":true,"href":"https:\/\/www.europesays.com\/fr\/wp-json\/wp\/v2\/media\/546516"}],"wp:attachment":[{"href":"https:\/\/www.europesays.com\/fr\/wp-json\/wp\/v2\/media?parent=546515"}],"wp:term":[{"taxonomy":"category","embeddable":true,"href":"https:\/\/www.europesays.com\/fr\/wp-json\/wp\/v2\/categories?post=546515"},{"taxonomy":"post_tag","embeddable":true,"href":"https:\/\/www.europesays.com\/fr\/wp-json\/wp\/v2\/tags?post=546515"}],"curies":[{"name":"wp","href":"https:\/\/api.w.org\/{rel}","templated":true}]}}