{"id":546519,"date":"2025-11-20T09:21:16","date_gmt":"2025-11-20T09:21:16","guid":{"rendered":"https:\/\/www.europesays.com\/fr\/546519\/"},"modified":"2025-11-20T09:21:16","modified_gmt":"2025-11-20T09:21:16","slug":"le-fort-recul-des-exportations-horlogeres-aux-usa-se-poursuit","status":"publish","type":"post","link":"https:\/\/www.europesays.com\/fr\/546519\/","title":{"rendered":"Le fort recul des exportations horlog\u00e8res aux USA se poursuit"},"content":{"rendered":"<p class=\"wysiwyg-h2\">Les exportations de montres suisses aux Etats-Unis poursuivent leur recul marqu\u00e9. En octobre, les livraisons dans ce pays ont chut\u00e9 de 46,8% \u00e0 224,3 millions de francs, apr\u00e8s des plongeons de 55,6% en septembre et de 23,9% en ao\u00fbt.<\/p>\n<p>Ces chiffres sont publi\u00e9s pr\u00e8s d&rsquo;une semaine apr\u00e8s la visite du conseiller f\u00e9d\u00e9ral Guy Parmelin \u00e0 Washington, dont l&rsquo;objectif \u00e9tait d&rsquo;obtenir un r\u00e9gime de droits de douane aux Etats-Unis plus favorable que les 39% actuels. Un accord serait \u00e0 bout touchant, a indiqu\u00e9 vendredi le ministre de l&rsquo;Economie.<\/p>\n<p>En octobre, l&rsquo;ensemble des exportations horlog\u00e8res ont baiss\u00e9 de 4,4% sur un an \u00e0 2,2 milliards de francs. Depuis le d\u00e9but de l&rsquo;ann\u00e9e, celles-ci ont recul\u00e9 de 1,6% \u00e0 21,2 milliards.<\/p>\n<p>Malgr\u00e9 le repli enregistr\u00e9 le mois dernier, les Etats-Unis sont devenus le principal d\u00e9bouch\u00e9 pour le secteur et pr\u00e9sentent une part de 10%. Autre march\u00e9 d&rsquo;importance, la Chine a connu un regain de vigueur en octobre, les livraisons ayant bondi de 12,6% en rythme annuel \u00e0 188,5 millions. La demande s&rsquo;est r\u00e9v\u00e9l\u00e9e in\u00e9gale entre le Japon (-5,6%), Hong Kong (+2,4%), Singapour (+6,6%) et le Royaume-Uni (-7,4%).<\/p>\n<p>La cat\u00e9gorie m\u00e9taux pr\u00e9cieux a connu un mois d&rsquo;octobre difficile, le nombre de pi\u00e8ces export\u00e9es ayant recul\u00e9 de 14,8% pour des volumes en francs de 854,8 millions (-1,0%). Les montres en acier (+9,8%), bim\u00e9talliques (+17,1%) et &lsquo;autres m\u00e9taux&rsquo; (+10%) ont \u00e9t\u00e9 davantage export\u00e9es, mais pour des montants en francs en net recul. La situation est inverse pour la cat\u00e9gorie &lsquo;autres mati\u00e8res&rsquo;, dont la demande en pi\u00e8ces s&rsquo;est tass\u00e9e de 23,6%, mais dont le volumes en francs ont augment\u00e9 de 7,6%.<\/p>\n<p> \/ATS<\/p>\n","protected":false},"excerpt":{"rendered":"Les exportations de montres suisses aux Etats-Unis poursuivent leur recul marqu\u00e9. En octobre, les livraisons dans ce pays&hellip;\n","protected":false},"author":2,"featured_media":546520,"comment_status":"","ping_status":"","sticky":false,"template":"","format":"standard","meta":{"footnotes":""},"categories":[1589],"tags":[11,1829,1832,1836,1827,73,1866,1830,1831,1826,1844,1840,1839,1841,1838,12,1843,1828,1834,1825,1833,1822,1823,1824,1837,1864,1865,1863,308,1835,1842],"class_list":{"0":"post-546519","1":"post","2":"type-post","3":"status-publish","4":"format-standard","5":"has-post-thumbnail","7":"category-etats-unis","8":"tag-actualites","9":"tag-ajoie","10":"tag-animation","11":"tag-bienne","12":"tag-delemont","13":"tag-etats-unis","14":"tag-etats-unis-damerique","15":"tag-franches-montagnes","16":"tag-frequence","17":"tag-jura","18":"tag-jura-bernois","19":"tag-la-chaux-de-fonds","20":"tag-moutier","21":"tag-neuchatel","22":"tag-neuveville","23":"tag-news","24":"tag-payerne","25":"tag-porrentruy","26":"tag-publicite","27":"tag-radio","28":"tag-redaction","29":"tag-rfj","30":"tag-rjb","31":"tag-rtn","32":"tag-tavannes","33":"tag-united-states","34":"tag-united-states-of-america","35":"tag-us","36":"tag-usa","37":"tag-vallon-de-st-imier","38":"tag-yverdon"},"share_on_mastodon":{"url":"https:\/\/pubeurope.com\/@fr\/115581293989302099","error":""},"_links":{"self":[{"href":"https:\/\/www.europesays.com\/fr\/wp-json\/wp\/v2\/posts\/546519","targetHints":{"allow":["GET"]}}],"collection":[{"href":"https:\/\/www.europesays.com\/fr\/wp-json\/wp\/v2\/posts"}],"about":[{"href":"https:\/\/www.europesays.com\/fr\/wp-json\/wp\/v2\/types\/post"}],"author":[{"embeddable":true,"href":"https:\/\/www.europesays.com\/fr\/wp-json\/wp\/v2\/users\/2"}],"replies":[{"embeddable":true,"href":"https:\/\/www.europesays.com\/fr\/wp-json\/wp\/v2\/comments?post=546519"}],"version-history":[{"count":0,"href":"https:\/\/www.europesays.com\/fr\/wp-json\/wp\/v2\/posts\/546519\/revisions"}],"wp:featuredmedia":[{"embeddable":true,"href":"https:\/\/www.europesays.com\/fr\/wp-json\/wp\/v2\/media\/546520"}],"wp:attachment":[{"href":"https:\/\/www.europesays.com\/fr\/wp-json\/wp\/v2\/media?parent=546519"}],"wp:term":[{"taxonomy":"category","embeddable":true,"href":"https:\/\/www.europesays.com\/fr\/wp-json\/wp\/v2\/categories?post=546519"},{"taxonomy":"post_tag","embeddable":true,"href":"https:\/\/www.europesays.com\/fr\/wp-json\/wp\/v2\/tags?post=546519"}],"curies":[{"name":"wp","href":"https:\/\/api.w.org\/{rel}","templated":true}]}}