{"id":546521,"date":"2025-11-20T09:22:16","date_gmt":"2025-11-20T09:22:16","guid":{"rendered":"https:\/\/www.europesays.com\/fr\/546521\/"},"modified":"2025-11-20T09:22:16","modified_gmt":"2025-11-20T09:22:16","slug":"droit-dasile-incontrole-leurope-qui-ferme-les-portes-celle-qui-subit","status":"publish","type":"post","link":"https:\/\/www.europesays.com\/fr\/546521\/","title":{"rendered":"Droit d\u2019asile incontr\u00f4l\u00e9 : l\u2019Europe qui ferme les portes, celle qui subit"},"content":{"rendered":"<p>Patrick Stefanini est un haut fonctionnaire fran\u00e7ais, membre du Conseil d&rsquo;\u00c9tat et ancien directeur g\u00e9n\u00e9ral des services de la r\u00e9gion \u00cele-de-France. Sa carri\u00e8re se situe entre l&rsquo;administration et la politique. Dipl\u00f4m\u00e9 de l&rsquo;ENA en 1979, il soutient Chirac avant de devenir un proche conseiller d&rsquo;Alain Jupp\u00e9 lorsque ce dernier est entr\u00e9 \u00e0 Matignon en 1995. Il s&rsquo;est d\u00e9marqu\u00e9 notamment lors de batailles \u00e9lectorales r\u00e9put\u00e9es difficiles ; il fut ainsi l&rsquo;artisan de la victoire de Jacques Chirac \u00e0 la pr\u00e9sidentielle en 1995, de celle de Val\u00e9rie P\u00e9cresse aux \u00e9lections r\u00e9gionales de 2015, avant donc de conduire Fran\u00e7ois Fillon \u00e0 la victoire de la primaire, fin 2016. En mars 2017, il renonce \u00e0 ses fonctions de directeur de campagne de Fran\u00e7ois Fillon. Patrick Stefanini est directeur de campagne de Val\u00e9rie P\u00e9cresse dans le cadre de l&rsquo;\u00e9lection pr\u00e9sidentielle de 2022.<\/p>\n","protected":false},"excerpt":{"rendered":"Patrick Stefanini est un haut fonctionnaire fran\u00e7ais, membre du Conseil d&rsquo;\u00c9tat et ancien directeur g\u00e9n\u00e9ral des services de&hellip;\n","protected":false},"author":2,"featured_media":546522,"comment_status":"","ping_status":"","sticky":false,"template":"","format":"standard","meta":{"footnotes":""},"categories":[1588],"tags":[11,145,2950,66473,1777,674,1061,452,12,316,473,1853,7199,1851,1850,1852],"class_list":{"0":"post-546521","1":"post","2":"type-post","3":"status-publish","4":"format-standard","5":"has-post-thumbnail","7":"category-royaume-uni","8":"tag-actualites","9":"tag-danemark","10":"tag-delinquance","11":"tag-droit-d","12":"tag-eu","13":"tag-europe","14":"tag-immigration","15":"tag-italie","16":"tag-news","17":"tag-politique","18":"tag-royaume-uni","19":"tag-royaume-uni-de-grande-bretagne-et-dirlande-du-nord","20":"tag-suede","21":"tag-uk","22":"tag-united-kingdom","23":"tag-united-kingdom-of-great-britain-and-northern-ireland"},"share_on_mastodon":{"url":"https:\/\/pubeurope.com\/@fr\/115581298005388027","error":""},"_links":{"self":[{"href":"https:\/\/www.europesays.com\/fr\/wp-json\/wp\/v2\/posts\/546521","targetHints":{"allow":["GET"]}}],"collection":[{"href":"https:\/\/www.europesays.com\/fr\/wp-json\/wp\/v2\/posts"}],"about":[{"href":"https:\/\/www.europesays.com\/fr\/wp-json\/wp\/v2\/types\/post"}],"author":[{"embeddable":true,"href":"https:\/\/www.europesays.com\/fr\/wp-json\/wp\/v2\/users\/2"}],"replies":[{"embeddable":true,"href":"https:\/\/www.europesays.com\/fr\/wp-json\/wp\/v2\/comments?post=546521"}],"version-history":[{"count":0,"href":"https:\/\/www.europesays.com\/fr\/wp-json\/wp\/v2\/posts\/546521\/revisions"}],"wp:featuredmedia":[{"embeddable":true,"href":"https:\/\/www.europesays.com\/fr\/wp-json\/wp\/v2\/media\/546522"}],"wp:attachment":[{"href":"https:\/\/www.europesays.com\/fr\/wp-json\/wp\/v2\/media?parent=546521"}],"wp:term":[{"taxonomy":"category","embeddable":true,"href":"https:\/\/www.europesays.com\/fr\/wp-json\/wp\/v2\/categories?post=546521"},{"taxonomy":"post_tag","embeddable":true,"href":"https:\/\/www.europesays.com\/fr\/wp-json\/wp\/v2\/tags?post=546521"}],"curies":[{"name":"wp","href":"https:\/\/api.w.org\/{rel}","templated":true}]}}