{"id":546523,"date":"2025-11-20T09:23:14","date_gmt":"2025-11-20T09:23:14","guid":{"rendered":"https:\/\/www.europesays.com\/fr\/546523\/"},"modified":"2025-11-20T09:23:14","modified_gmt":"2025-11-20T09:23:14","slug":"avec-de-nouveaux-magasins-primark-vise-a-nouveau-la-croissance-en-allemagne","status":"publish","type":"post","link":"https:\/\/www.europesays.com\/fr\/546523\/","title":{"rendered":"Avec de nouveaux magasins, Primark vise \u00e0 nouveau la croissance en Allemagne"},"content":{"rendered":"<p>        <img decoding=\"async\" src=\"https:\/\/www.retaildetail.be\/wp-content\/themes\/retaildetail\/assets\/sources\/images\/book_icon.svg\" alt=\"icon\" title=\"Article\"\/>    <\/p>\n<p>            <img width=\"1000\" height=\"655\" src=\"https:\/\/www.europesays.com\/fr\/wp-content\/uploads\/2025\/11\/Primark_4_0_0.jpg\" class=\"attachment-large size-large wp-post-image\" alt=\"\" decoding=\"async\" fetchpriority=\"high\"  \/>        <\/p>\n<p>Apr\u00e8s plusieurs fermetures de magasins ces derni\u00e8res ann\u00e9es, <strong>Primark <\/strong>souhaite renouer avec la croissance en Allemagne. Le d\u00e9taillant a ouvert cette semaine son premier nouveau magasin allemand en cinq ans et pr\u00e9voit deux autres implantations suppl\u00e9mentaires afin d\u2019inverser la tendance r\u00e9cente \u00e0 la baisse de son chiffre d\u2019affaires.<\/p>\n<p>Des magasins plus compacts<\/p>\n<p>Au cours des derni\u00e8res ann\u00e9es, Primark a ferm\u00e9 cinq magasins allemands et une autre fermeture est pr\u00e9vue au premier trimestre de l\u2019ann\u00e9e prochaine, mais dans le m\u00eame temps, la cha\u00eene de mode mise \u00e0 nouveau sur l\u2019expansion : un premier nouveau magasin depuis 2019 a ouvert ses portes mercredi dernier. Apr\u00e8s des ann\u00e9es de r\u00e9duction et de restructuration, <a href=\"https:\/\/www.reuters.com\/business\/retail-consumer\/primark-eyes-growth-again-germany-with-new-store-openings-2025-11-19\/\" rel=\"nofollow noopener\" target=\"_blank\">Primark se concentre donc \u00e0 nouveau sur l\u2019Allemagne<\/a>, a d\u00e9clar\u00e9 Sandra Luxem-Bremen, directrice des ventes pour l\u2019Allemagne et l\u2019Autriche, lors d\u2019une conversation avec des journalistes rapport\u00e9e par Reuters.<\/p>\n<p>La cha\u00eene subit la pression d\u2019acteurs en ligne tels que Shein et Temu. De plus, certains magasins en Allemagne \u00e9taient trop grands ou trop proches les uns des autres. Les nouveaux magasins seront plus compacts et mieux adapt\u00e9s aux besoins locaux. Primark souhaite ainsi accro\u00eetre son efficacit\u00e9 et sa rentabilit\u00e9 en Allemagne. En outre, l\u2019entreprise a investi dans l\u2019am\u00e9lioration de ses produits, une politique de prix plus stricte et une interaction en ligne accrue avec ses clients. Primark souhaite ainsi contrer la concurrence f\u00e9roce et la faiblesse des d\u00e9penses de consommation. Les ventes m\u00e9diocres en Allemagne ont entra\u00een\u00e9 une baisse de 1 % du chiffre d\u2019affaires en Europe du Nord au cours du dernier exercice. <\/p>\n","protected":false},"excerpt":{"rendered":"Apr\u00e8s plusieurs fermetures de magasins ces derni\u00e8res ann\u00e9es, Primark souhaite renouer avec la croissance en Allemagne. Le d\u00e9taillant&hellip;\n","protected":false},"author":2,"featured_media":546524,"comment_status":"","ping_status":"","sticky":false,"template":"","format":"standard","meta":{"footnotes":""},"categories":[1587],"tags":[11,672,1804,1805,1803,1777,674,1801,12,1802],"class_list":{"0":"post-546523","1":"post","2":"type-post","3":"status-publish","4":"format-standard","5":"has-post-thumbnail","7":"category-allemagne","8":"tag-actualites","9":"tag-allemagne","10":"tag-bundesrepublik-deutschland","11":"tag-de","12":"tag-deutschland","13":"tag-eu","14":"tag-europe","15":"tag-germany","16":"tag-news","17":"tag-republique-federale-dallemagne"},"share_on_mastodon":{"url":"https:\/\/pubeurope.com\/@fr\/115581302686188448","error":""},"_links":{"self":[{"href":"https:\/\/www.europesays.com\/fr\/wp-json\/wp\/v2\/posts\/546523","targetHints":{"allow":["GET"]}}],"collection":[{"href":"https:\/\/www.europesays.com\/fr\/wp-json\/wp\/v2\/posts"}],"about":[{"href":"https:\/\/www.europesays.com\/fr\/wp-json\/wp\/v2\/types\/post"}],"author":[{"embeddable":true,"href":"https:\/\/www.europesays.com\/fr\/wp-json\/wp\/v2\/users\/2"}],"replies":[{"embeddable":true,"href":"https:\/\/www.europesays.com\/fr\/wp-json\/wp\/v2\/comments?post=546523"}],"version-history":[{"count":0,"href":"https:\/\/www.europesays.com\/fr\/wp-json\/wp\/v2\/posts\/546523\/revisions"}],"wp:featuredmedia":[{"embeddable":true,"href":"https:\/\/www.europesays.com\/fr\/wp-json\/wp\/v2\/media\/546524"}],"wp:attachment":[{"href":"https:\/\/www.europesays.com\/fr\/wp-json\/wp\/v2\/media?parent=546523"}],"wp:term":[{"taxonomy":"category","embeddable":true,"href":"https:\/\/www.europesays.com\/fr\/wp-json\/wp\/v2\/categories?post=546523"},{"taxonomy":"post_tag","embeddable":true,"href":"https:\/\/www.europesays.com\/fr\/wp-json\/wp\/v2\/tags?post=546523"}],"curies":[{"name":"wp","href":"https:\/\/api.w.org\/{rel}","templated":true}]}}