{"id":546525,"date":"2025-11-20T09:24:21","date_gmt":"2025-11-20T09:24:21","guid":{"rendered":"https:\/\/www.europesays.com\/fr\/546525\/"},"modified":"2025-11-20T09:24:21","modified_gmt":"2025-11-20T09:24:21","slug":"plan-de-paix-americain-devoile-leurope-veut-avoir-son-mot-a-dire","status":"publish","type":"post","link":"https:\/\/www.europesays.com\/fr\/546525\/","title":{"rendered":"plan de paix am\u00e9ricain d\u00e9voil\u00e9, l\u2019Europe veut avoir son mot \u00e0 dire"},"content":{"rendered":"<p>La paix en Ukraine ne peut se faire qu\u2019avec les Europ\u00e9ens, dit Kallas<\/p>\n<p>\u00ab\u00a0Pour qu\u2019un plan fonctionne, il faut que les Ukrainiens et les Europ\u00e9ens soient impliqu\u00e9s, c\u2019est tr\u00e8s clair\u00a0\u00bb, a assur\u00e9 jeudi 20\u00a0novembre la cheffe de la diplomatie de l\u2019UE, Kaja Kallas, interrog\u00e9e sur <a href=\"https:\/\/www.la-croix.com\/international\/guerre-en-ukraine-un-plan-de-paix-americain-prevoit-la-cession-de-territoires-a-moscou-20251120\" data-tracking=\"inpage_click\" data-tracking-action=\"lire un article\" data-tracking-category=\"recirculation\" rel=\"nofollow noopener\" target=\"_blank\">un plan de paix am\u00e9ricain<\/a> pr\u00e9voyant que Kiev accepte notamment de c\u00e9der des territoires et de r\u00e9duire son arm\u00e9e de moiti\u00e9.<\/p>\n<p>\u00ab\u00a0La paix ne peut pas \u00eatre la capitulation\u00a0\u00bb, a affirm\u00e9 de son c\u00f4t\u00e9 le ministre fran\u00e7ais des affaires \u00e9trang\u00e8res, Jean-No\u00ebl Barrot, \u00e0 son arriv\u00e9e \u00e0 Bruxelles pour une r\u00e9union de ses homologues de l\u2019Union europ\u00e9enne. \u00ab\u00a0Les Ukrainiens refuseront toujours toute forme de capitulation\u00a0\u00bb, a-t-il martel\u00e9, rappelant que les Europ\u00e9ens d\u00e9fendaient le principe d\u2019une paix \u00ab\u00a0juste\u00a0\u00bb et \u00ab\u00a0durable\u00a0\u00bb.<\/p>\n<p>22 disparus au lendemain de la frappe sur Ternopil<\/p>\n<p>Vingt-deux personnes sont toujours port\u00e9es disparues au lendemain de la frappe russe sur la ville de Ternopil, dans l\u2019ouest de l\u2019Ukraine, qui a fait 26 morts et plus de 90 bless\u00e9s, a indiqu\u00e9 le pr\u00e9sident Volodymyr Zelensky.<\/p>\n<p> \u00ab\u00a0Nos sauveteurs ont travaill\u00e9 toute la nuit \u00e0 Ternopil, et les op\u00e9rations de recherche et de secours se poursuivent. Vingt-deux personnes sont toujours port\u00e9es disparues\u00a0\u00bb, a-t-il d\u00e9clar\u00e9, ajoutant que plus de 230 secouristes avaient \u00e9t\u00e9 d\u00e9ploy\u00e9s.<\/p>\n<blockquote class=\"twitter-tweet\">\n<p lang=\"en\" dir=\"ltr\">All night long, our rescuers worked in Ternopil, and search-and-rescue operations are still ongoing. 22 people are still missing \u2013 the effort to find them continues. More than 230 first responders from nine regions of Ukraine have been deployed. In some areas, work can only be\u2026 <a href=\"https:\/\/t.co\/3wrrdwIiNd\" rel=\"nofollow\">pic.twitter.com\/3wrrdwIiNd<\/a><\/p>\n<p>\u2014 Volodymyr Zelenskyy \/ \u0412\u043e\u043b\u043e\u0434\u0438\u043c\u0438\u0440 \u0417\u0435\u043b\u0435\u043d\u0441\u044c\u043a\u0438\u0439 (@ZelenskyyUa) <a href=\"https:\/\/twitter.com\/ZelenskyyUa\/status\/1991414010902720641?ref_src=twsrc%5Etfw\" rel=\"nofollow noopener\" target=\"_blank\">November 20, 2025<\/a><\/p><\/blockquote>\n<p class=\"article-embed-disclaimer__text\">\n                Ce contenu est bloqu\u00e9 car vous n&rsquo;avez pas accept\u00e9 les cookies et autres traceurs.\n            <\/p>\n<p>\n                Je g\u00e8re mes choix<br \/>\n                J&rsquo;autorise\n            <\/p>\n<p>Le bombardement a souffl\u00e9 les \u00e9tages sup\u00e9rieurs d\u2019immeubles r\u00e9sidentiels de la ville, et les secouristes tentent depuis de retrouver des survivants pi\u00e9g\u00e9s sous les d\u00e9combres.<\/p>\n<p>\u00ab\u00a0Plus de 20 personnes sont actuellement injoignables\u00a0\u00bb, a indiqu\u00e9 de son c\u00f4t\u00e9 le porte-parole des services de secours ukrainiens, Oleksandre Khorounji. \u00ab\u00a0Notre priorit\u00e9 est de d\u00e9gager les structures et, avant tout, de localiser les survivants ou de r\u00e9cup\u00e9rer les corps, selon la situation\u00a0\u00bb, a ajout\u00e9 cette source.<\/p>\n<p>Il s\u2019agit de l\u2019une des frappes les plus meurtri\u00e8res de l\u2019ann\u00e9e en Ukraine, qui lutte depuis plus de trois ans contre l\u2019invasion de la Russie.<\/p>\n<p>L\u2019Ukraine dubitative face au nouveau plan de paix am\u00e9ricain<\/p>\n<p>Le plan de paix transmis \u00e0 l\u2019Ukraine par les \u00c9tats-Unis mercredi propose de c\u00e9der des territoires \u00e0 la Russie et de r\u00e9duire l\u2019arm\u00e9e ukrainienne de moiti\u00e9. Il inclut la \u00ab\u00a0reconnaissance de (l\u2019annexion de) la Crim\u00e9e et d\u2019autres r\u00e9gions prises par la Russie\u00a0\u00bb et \u00ab\u00a0la r\u00e9duction de l\u2019arm\u00e9e \u00e0 400\u00a0000 personnes\u00a0\u00bb, a indiqu\u00e9 un haut responsable ukrainien. L\u2019Ukraine\u00a0devrait \u00e9galement<a href=\"https:\/\/www.la-croix.com\/international\/guerre-en-ukraine-trump-envisage-de-fournir-des-missiles-de-longue-portee-a-kiev-20251015\" data-tracking=\"inpage_click\" data-tracking-action=\"lire un article\" data-tracking-category=\"recirculation\" rel=\"nofollow noopener\" target=\"_blank\"> renoncer \u00e0 toutes ses armes \u00e0 longue port\u00e9e.<\/a><\/p>\n<p>Cette m\u00eame source indique ne pas savoir si ce nouveau plan de paix am\u00e9ricain, qui semble reprendre les conditions maximalistes avanc\u00e9es pr\u00e9c\u00e9demment par la Russie, est \u00ab\u00a0r\u00e9ellement d\u2019un plan Trump\u00a0\u00bb ou \u00ab\u00a0de son entourage\u00a0\u00bb.<\/p>\n<p><script async src=\"https:\/\/platform.twitter.com\/widgets.js\" charset=\"utf-8\"><\/script><\/p>\n","protected":false},"excerpt":{"rendered":"La paix en Ukraine ne peut se faire qu\u2019avec les Europ\u00e9ens, dit Kallas \u00ab\u00a0Pour qu\u2019un plan fonctionne, il&hellip;\n","protected":false},"author":2,"featured_media":546526,"comment_status":"","ping_status":"","sticky":false,"template":"","format":"standard","meta":{"footnotes":""},"categories":[1586],"tags":[11,1777,674,1011,27,12,25],"class_list":{"0":"post-546525","1":"post","2":"type-post","3":"status-publish","4":"format-standard","5":"has-post-thumbnail","7":"category-europe","8":"tag-actualites","9":"tag-eu","10":"tag-europe","11":"tag-fr","12":"tag-france","13":"tag-news","14":"tag-republique-francaise"},"share_on_mastodon":{"url":"https:\/\/pubeurope.com\/@fr\/115581305787115282","error":""},"_links":{"self":[{"href":"https:\/\/www.europesays.com\/fr\/wp-json\/wp\/v2\/posts\/546525","targetHints":{"allow":["GET"]}}],"collection":[{"href":"https:\/\/www.europesays.com\/fr\/wp-json\/wp\/v2\/posts"}],"about":[{"href":"https:\/\/www.europesays.com\/fr\/wp-json\/wp\/v2\/types\/post"}],"author":[{"embeddable":true,"href":"https:\/\/www.europesays.com\/fr\/wp-json\/wp\/v2\/users\/2"}],"replies":[{"embeddable":true,"href":"https:\/\/www.europesays.com\/fr\/wp-json\/wp\/v2\/comments?post=546525"}],"version-history":[{"count":0,"href":"https:\/\/www.europesays.com\/fr\/wp-json\/wp\/v2\/posts\/546525\/revisions"}],"wp:featuredmedia":[{"embeddable":true,"href":"https:\/\/www.europesays.com\/fr\/wp-json\/wp\/v2\/media\/546526"}],"wp:attachment":[{"href":"https:\/\/www.europesays.com\/fr\/wp-json\/wp\/v2\/media?parent=546525"}],"wp:term":[{"taxonomy":"category","embeddable":true,"href":"https:\/\/www.europesays.com\/fr\/wp-json\/wp\/v2\/categories?post=546525"},{"taxonomy":"post_tag","embeddable":true,"href":"https:\/\/www.europesays.com\/fr\/wp-json\/wp\/v2\/tags?post=546525"}],"curies":[{"name":"wp","href":"https:\/\/api.w.org\/{rel}","templated":true}]}}