{"id":546527,"date":"2025-11-20T09:25:16","date_gmt":"2025-11-20T09:25:16","guid":{"rendered":"https:\/\/www.europesays.com\/fr\/546527\/"},"modified":"2025-11-20T09:25:16","modified_gmt":"2025-11-20T09:25:16","slug":"renew-europe-calls-for-bold-reforms-to-protect-eu","status":"publish","type":"post","link":"https:\/\/www.europesays.com\/fr\/546527\/","title":{"rendered":"Renew Europe calls for bold reforms to protect EU\u2026"},"content":{"rendered":"<p class=\"lg:tw-mb-[18px] tw-mb-3 last:tw-mb-0 tw-font-light tw-text-16 tw-leading-160 md:tw-text-18\">Dans le rapport d&rsquo;initiative, nous appelons \u00e0 des r\u00e9formes ambitieuses afin de garantir que le r\u00e8glement de l&rsquo;UE sur la conditionnalit\u00e9 soit appliqu\u00e9 de mani\u00e8re rigoureuse, \u00e9quitable et transparente dans tous les \u00c9tats membres. <\/p>\n<p class=\"lg:tw-mb-[18px] tw-mb-3 last:tw-mb-0 tw-font-light tw-text-16 tw-leading-160 md:tw-text-18\">Le r\u00e8glement sur la conditionnalit\u00e9 est en vigueur depuis pr\u00e8s de cinq ans maintenant et n&rsquo;a \u00e9t\u00e9 d\u00e9clench\u00e9 qu&rsquo;une seule fois, en d\u00e9cembre 2022, \u00e0 l&rsquo;encontre de la Hongrie, o\u00f9 les mesures sont toujours en vigueur. En cons\u00e9quence, le pays a perdu d\u00e9finitivement 1 milliard d&rsquo;euros de financement \u00e0 ce jour. <\/p>\n<p class=\"lg:tw-mb-[18px] tw-mb-3 last:tw-mb-0 tw-font-light tw-text-16 tw-leading-160 md:tw-text-18\">Si nous consid\u00e9rons que cet outil a \u00e9t\u00e9 efficace, de nombreux aspects doivent encore \u00eatre am\u00e9lior\u00e9s. Les d\u00e9cisions relatives \u00e0 l&rsquo;utilisation des fonds europ\u00e9ens non d\u00e9pens\u00e9s devraient \u00eatre prises par les responsables du budget de l&rsquo;UE lors du processus budg\u00e9taire annuel, et non laiss\u00e9es \u00e0 la seule appr\u00e9ciation de la Commission.<\/p>\n<p class=\"lg:tw-mb-[18px] tw-mb-3 last:tw-mb-0 tw-font-light tw-text-16 tw-leading-160 md:tw-text-18\">Pour Renew Europe, une chose est claire : les fonds europ\u00e9ens doivent toujours servir les int\u00e9r\u00eats des citoyens. Nous mettons en garde contre toute tentative de manipulation de ce m\u00e9canisme \u00e0 des fins politiques et demandons instamment un contr\u00f4le d\u00e9mocratique plus strict afin de garantir la responsabilit\u00e9 et la confiance. Nous d\u00e9fendons un budget europ\u00e9en \u00e9quitable, transparent et ax\u00e9 sur les citoyens, dans lequel chaque euro est d\u00e9pens\u00e9 conform\u00e9ment aux valeurs communes de l&rsquo;Union et \u00e0 l&rsquo;\u00e9tat de droit.<\/p>\n<p class=\"lg:tw-mb-[18px] tw-mb-3 last:tw-mb-0 tw-font-light tw-text-16 tw-leading-160 md:tw-text-18\"><strong class=\"tw-font-semibold\">Les d\u00e9put\u00e9s europ\u00e9ens de Renew Europe Moritz K\u00f6rner (FDP, Allemagne) et Vlad Vasile-Voiculescu (Uniunea Salva\u021bi, Roumanie)<\/strong> ont men\u00e9 les n\u00e9gociations au nom du groupe.<\/p>\n<p class=\"lg:tw-mb-[18px] tw-mb-3 last:tw-mb-0 tw-font-light tw-text-16 tw-leading-160 md:tw-text-18\"><strong class=\"tw-font-semibold\">Le d\u00e9put\u00e9 europ\u00e9en Moritz K\u00f6rner (FDP, Allemagne) d\u00e9clare :<\/strong><\/p>\n<p class=\"lg:tw-mb-[18px] tw-mb-3 last:tw-mb-0 tw-font-light tw-text-16 tw-leading-160 md:tw-text-18\"><strong class=\"tw-font-semibold\">Nous sommes heureux d&rsquo;avoir obtenu que l&rsquo;accord du Parlement adopte une position claire et ferme : l&rsquo;Europe a besoin d&rsquo;un m\u00e9canisme puissant de protection de l&rsquo;\u00e9tat de droit couvrant l&rsquo;ensemble du budget de l&rsquo;UE, sans exceptions ni \u00e9chappatoires. Il exige des conditions strictes pour le financement et le gel imm\u00e9diat des fonds d\u00e8s qu&rsquo;un gouvernement fait marche arri\u00e8re. En tant que lib\u00e9raux et d\u00e9mocrates, nous insistons sur le fait que le Parlement doit avoir une voix \u00e9gale dans chaque d\u00e9cision d&rsquo;application et refusons de laisser les gouvernements s&rsquo;autocontr\u00f4ler.<\/strong><\/p>\n<p class=\"lg:tw-mb-[18px] tw-mb-3 last:tw-mb-0 tw-font-light tw-text-16 tw-leading-160 md:tw-text-18\"><strong class=\"tw-font-semibold\">Le d\u00e9put\u00e9 europ\u00e9en Vlad Vasile-Voiculescu (Uniunea Salva\u021bi, Roumanie) d\u00e9clare :<\/strong><\/p>\n<p class=\"lg:tw-mb-[18px] tw-mb-3 last:tw-mb-0 tw-font-light tw-text-16 tw-leading-160 md:tw-text-18\"><strong class=\"tw-font-semibold\">Le r\u00e8glement sur la conditionnalit\u00e9 fonctionne, la Hongrie l&rsquo;a clairement d\u00e9montr\u00e9, mais son application a \u00e9t\u00e9 trop lente et trop incoh\u00e9rente. La Commission aurait d\u00fb agir d\u00e8s le premier jour. Pour restaurer la cr\u00e9dibilit\u00e9, nous avons besoin d&rsquo;un syst\u00e8me rigoureux, transparent et totalement impartial, quel que soit le gouvernement en place dans un \u00c9tat membre. Et nous devons prot\u00e9ger les b\u00e9n\u00e9ficiaires finaux, les communaut\u00e9s locales, les ONG, les universit\u00e9s et les entreprises contre les sanctions li\u00e9es aux manquements de leurs gouvernements, tandis que les violations syst\u00e9miques doivent d\u00e9clencher des mesures rapides et proportionn\u00e9es afin de pr\u00e9server le budget de l&rsquo;UE.<\/strong><\/p>\n","protected":false},"excerpt":{"rendered":"Dans le rapport d&rsquo;initiative, nous appelons \u00e0 des r\u00e9formes ambitieuses afin de garantir que le r\u00e8glement de l&rsquo;UE&hellip;\n","protected":false},"author":2,"featured_media":546528,"comment_status":"","ping_status":"","sticky":false,"template":"","format":"standard","meta":{"footnotes":""},"categories":[1586],"tags":[11,1777,674,1779,1011,27,12,25,1778,364],"class_list":{"0":"post-546527","1":"post","2":"type-post","3":"status-publish","4":"format-standard","5":"has-post-thumbnail","7":"category-europe","8":"tag-actualites","9":"tag-eu","10":"tag-europe","11":"tag-european-union","12":"tag-fr","13":"tag-france","14":"tag-news","15":"tag-republique-francaise","16":"tag-ue","17":"tag-union-europeenne"},"share_on_mastodon":{"url":"https:\/\/pubeurope.com\/@fr\/115581309809323949","error":""},"_links":{"self":[{"href":"https:\/\/www.europesays.com\/fr\/wp-json\/wp\/v2\/posts\/546527","targetHints":{"allow":["GET"]}}],"collection":[{"href":"https:\/\/www.europesays.com\/fr\/wp-json\/wp\/v2\/posts"}],"about":[{"href":"https:\/\/www.europesays.com\/fr\/wp-json\/wp\/v2\/types\/post"}],"author":[{"embeddable":true,"href":"https:\/\/www.europesays.com\/fr\/wp-json\/wp\/v2\/users\/2"}],"replies":[{"embeddable":true,"href":"https:\/\/www.europesays.com\/fr\/wp-json\/wp\/v2\/comments?post=546527"}],"version-history":[{"count":0,"href":"https:\/\/www.europesays.com\/fr\/wp-json\/wp\/v2\/posts\/546527\/revisions"}],"wp:featuredmedia":[{"embeddable":true,"href":"https:\/\/www.europesays.com\/fr\/wp-json\/wp\/v2\/media\/546528"}],"wp:attachment":[{"href":"https:\/\/www.europesays.com\/fr\/wp-json\/wp\/v2\/media?parent=546527"}],"wp:term":[{"taxonomy":"category","embeddable":true,"href":"https:\/\/www.europesays.com\/fr\/wp-json\/wp\/v2\/categories?post=546527"},{"taxonomy":"post_tag","embeddable":true,"href":"https:\/\/www.europesays.com\/fr\/wp-json\/wp\/v2\/tags?post=546527"}],"curies":[{"name":"wp","href":"https:\/\/api.w.org\/{rel}","templated":true}]}}