{"id":546529,"date":"2025-11-20T09:26:12","date_gmt":"2025-11-20T09:26:12","guid":{"rendered":"https:\/\/www.europesays.com\/fr\/546529\/"},"modified":"2025-11-20T09:26:12","modified_gmt":"2025-11-20T09:26:12","slug":"la-phrase-choc-du-chef-detat-major-des-armees-qui-cree-la-polemique","status":"publish","type":"post","link":"https:\/\/www.europesays.com\/fr\/546529\/","title":{"rendered":"la phrase choc du chef d&rsquo;\u00e9tat-major des Arm\u00e9es qui cr\u00e9\u00e9 la pol\u00e9mique"},"content":{"rendered":"<p>                    Par<br \/>\n        <strong><br \/>\n            <a href=\"https:\/\/actu.fr\/auteur\/redaction-actu\" title=\"Consulter tous les articles de R\u00e9daction Actu\" rel=\"nofollow noopener\" target=\"_blank\">R\u00e9daction Actu<\/a><br \/>\n                    <\/strong><\/p>\n<p>        Publi\u00e9 le<\/p>\n<p>            20 nov. 2025 \u00e0 7h56<br \/>\n        ; mis \u00e0 jour le 20 nov. 2025 \u00e0 8h22    <\/p>\n<p>Le leader de La France insoumise Jean-Luc M\u00e9lenchon a exprim\u00e9 mercredi 19 novembre 2025 son \u00ab\u00a0d\u00e9saccord total\u00a0\u00bb avec le chef d\u2019\u00e9tat-major des Arm\u00e9es fran\u00e7ais, le g\u00e9n\u00e9ral Fabien Mandon, qui a estim\u00e9 la veille lors du Congr\u00e8s des maires de France que le pays devait \u00ab\u00a0<strong>accepter de perdre ses enfants\u00a0\u00bb.<\/strong><\/p>\n<blockquote class=\"ac-article-quote wall-content\">\n<p>On a tout le savoir, toute la force \u00e9conomique et d\u00e9mographique pour dissuader le r\u00e9gime de Moscou (&#8230;). Ce qu&rsquo;il nous manque, et c&rsquo;est l\u00e0 o\u00f9 vous avez un r\u00f4le majeur, c&rsquo;est la force d&rsquo;\u00e2me pour accepter de nous faire mal pour prot\u00e9ger ce que l&rsquo;on est.<\/p>\n<p>    <strong> G\u00e9n\u00e9ral Fabien Mandon<\/strong>\n            <\/p><\/blockquote>\n<p class=\" wall-content\">\u00ab\u00a0Si notre pays flanche parce qu\u2019<strong>il n\u2019est pas pr\u00eat \u00e0 accepter de perdre ses enfants<\/strong>, parce qu\u2019il faut dire les choses, de souffrir \u00e9conomiquement parce que les priorit\u00e9s iront \u00e0 de la production d\u00e9fense, alors on est en risque\u00a0\u00bb, a-t-il ajout\u00e9. \u00ab\u00a0Il faut en parler dans vos communes\u00a0\u00bb, a-t-il conclu.<\/p>\n<p>\u00ab\u00a0Les arm\u00e9es doivent se tenir pr\u00eates \u00e0 un choc dans trois, quatre ans\u00a0\u00bb<\/p>\n<p>\u00ab\u00a0Le premier objectif que j&rsquo;ai donn\u00e9 aux arm\u00e9es, c&rsquo;est de se tenir pr\u00eates \u00e0 un choc dans trois, quatre ans qui serait une forme de test &#8211; peut-\u00eatre le test existe d\u00e9j\u00e0 sous des formes hybrides &#8211; mais peut-\u00eatre (quelque chose de) plus violent\u00a0\u00bb, avait d\u00e9clar\u00e9 le plus haut grad\u00e9 fran\u00e7ais devant les d\u00e9put\u00e9s de la commission de la D\u00e9fense le 22 octobre dernier.<br \/>\u00ab\u00a0La Russie est un pays qui peut \u00eatre tent\u00e9 de poursuivre la guerre sur notre continent et c&rsquo;est l&rsquo;\u00e9l\u00e9ment d\u00e9terminant dans ce que je pr\u00e9pare\u00a0\u00bb, a ajout\u00e9 le g\u00e9n\u00e9ral qui a pris la t\u00eate des arm\u00e9es fran\u00e7aises le 1er septembre.<\/p>\n<p>\u00ab\u00a0Des pr\u00e9parations guerri\u00e8res d\u00e9cid\u00e9es par personne\u00a0\u00bb<\/p>\n<p class=\" wall-content\">Ces d\u00e9clarations ne sont pas pass\u00e9es inaper\u00e7ues.<\/p>\n<blockquote class=\"ac-article-quote wall-content\">\n<p>Je veux exprimer un d\u00e9saccord total avec le discours du chef d&rsquo;\u00c9tat-major des arm\u00e9es. Ce n&rsquo;est pas \u00e0 lui d&rsquo;aller inviter les maires ni qui que ce soit \u00e0 des pr\u00e9parations guerri\u00e8res d\u00e9cid\u00e9es par personne.<\/p>\n<p>    <strong>Jean-Luc M\u00e9lenchon<\/strong>\n            <\/p><\/blockquote>\n<p class=\" wall-content\"><a href=\"https:\/\/actu.fr\/tag\/jean-luc-melenchon\" rel=\"nofollow noopener\" target=\"_blank\">Le leader de LFI<\/a> a \u00e9galement reproch\u00e9 au chef d\u2019\u00e9tat-major des Arm\u00e9es fran\u00e7ais de<strong> \u00ab\u00a0pr\u00e9voir des sacrifices<\/strong> qui seraient la cons\u00e9quence de nos \u00e9checs diplomatiques sur lesquels son avis public n\u2019a pas \u00e9t\u00e9 demand\u00e9\u00a0\u00bb.<\/p>\n<p>Votre r\u00e9gion, votre actu !<\/p>\n<p>Recevez chaque jour les infos qui comptent pour vous.<\/p>\n<p>\t<a href=\"https:\/\/actu.fr\/newsletter\" class=\"ac-btn ac-btn--corner ac-btn--medium ac-btn--blue800\" rel=\"nofollow noopener\" target=\"_blank\">S&rsquo;incrire<\/a><\/p>\n<p class=\" wall-content\">\u00ab\u00a0Un chef d\u2019\u00e9tat-major des Arm\u00e9es ne devrait pas dire \u00e7a\u00a0\u00bb, a r\u00e9agi le groupe parlementaire de <a href=\"https:\/\/actu.fr\/tag\/la-france-insoumise-lfi\" rel=\"nofollow noopener\" target=\"_blank\">LFI<\/a> dans un communiqu\u00e9.<\/p>\n<blockquote class=\"ac-article-quote wall-content\">\n<p>Ces d\u00e9clarations interviennent apr\u00e8s d&rsquo;autres prises de position expliquant que la France devait se tenir pr\u00eate \u00e0 un possible affrontement avec la Russie d&rsquo;ici quatre ou cinq ans. En r\u00e9p\u00e9tant publiquement ces sc\u00e9narios de guerre et en les dramatisant jusqu&rsquo;\u00e0 \u00e9voquer la perte d&rsquo;enfants, le CEMA outrepasse son r\u00f4le. De tels propos ne rel\u00e8vent en aucun cas de sa fonction.<\/p>\n<p>    <strong>Parlementaires LFI<\/strong>\n            <\/p><\/blockquote>\n<p>\u00ab\u00a0C\u2019est NON !\u00a0\u00bb<\/p>\n<p class=\" wall-content\">M\u00eame constat pour le patron du Parti communiste fran\u00e7ais <a href=\"https:\/\/actu.fr\/tag\/fabien-roussel\" rel=\"nofollow noopener\" target=\"_blank\">Fabien Roussel,<\/a> au positionnement proche de celui des Insoumis sur le dossier russo-ukrainien.<\/p>\n<p class=\" wall-content\">\u00ab\u00a0C\u2019est NON ! <strong>51.000 monuments aux morts dans nos communes ce n\u2019est pas assez ?<\/strong> Oui \u00e0 la d\u00e9fense nationale mais non aux discours va-t-en guerre insupportables !\u00a0\u00bb, a-t-il tonn\u00e9 sur X.<\/p>\n<p class=\" wall-content\"><strong>Tonalit\u00e9 similaire l\u2019extr\u00eame droite<\/strong>, o\u00f9 le vice-pr\u00e9sident du <a href=\"https:\/\/actu.fr\/tag\/rassemblement-national-rn\" rel=\"nofollow noopener\" target=\"_blank\">Rassemblement national<\/a> <a href=\"https:\/\/actu.fr\/hauts-de-france\/denain_59172\/legislatives-2024-sebastien-chenu-reelu-des-le-1er-tour-dans-la-19e-circonscription-du-nord_61281712.html\" rel=\"nofollow noopener\" target=\"_blank\">S\u00e9bastien Chenu<\/a> a estim\u00e9 sur LCI que le g\u00e9n\u00e9ral Fabien Mandon n\u2019avait pas \u00ab\u00a0la l\u00e9gitimit\u00e9\u00a0\u00bb pour tenir ces propos et a d\u00e9nonc\u00e9 \u00ab\u00a0une faute\u00a0\u00bb de sa part.<\/p>\n<p class=\" wall-content\">\u00ab\u00a0Ou alors le pr\u00e9sident de la R\u00e9publique lui a demand\u00e9 de le faire et c\u2019est encore plus \u00e9norme.\u00a0\u00bb<\/p>\n<p class=\" wall-content\">Source : AFP.<\/p>\n<p class=\" wall-content\">Personnalisez votre actualit\u00e9 en ajoutant vos villes et m\u00e9dias en favori avec <a href=\"https:\/\/moncompte.actu.fr\" title=\"D\u00e9couvez Mon Actu\" rel=\"nofollow noopener\" data-trk=\"{&quot;cta&quot;:{&quot;action&quot;:&quot;https:\\\/\\\/moncompte.actu.fr&quot;,&quot;category&quot;:&quot;mon compte&quot;,&quot;from&quot;:&quot;article footer&quot;,&quot;name&quot;:&quot;Mon actu&quot;,&quot;type&quot;:&quot;cta&quot;}}\" target=\"_blank\">Mon Actu<\/a>.<\/p>\n","protected":false},"excerpt":{"rendered":"Par R\u00e9daction Actu Publi\u00e9 le 20 nov. 2025 \u00e0 7h56 ; mis \u00e0 jour le 20 nov. 2025&hellip;\n","protected":false},"author":2,"featured_media":546530,"comment_status":"","ping_status":"","sticky":false,"template":"","format":"standard","meta":{"footnotes":""},"categories":[2],"tags":[11,1813,1011,27,12,25,132,104],"class_list":{"0":"post-546529","1":"post","2":"type-post","3":"status-publish","4":"format-standard","5":"has-post-thumbnail","7":"category-actualites","8":"tag-actualites","9":"tag-armee","10":"tag-fr","11":"tag-france","12":"tag-news","13":"tag-republique-francaise","14":"tag-russie","15":"tag-societe"},"share_on_mastodon":{"url":"https:\/\/pubeurope.com\/@fr\/115581313594807785","error":""},"_links":{"self":[{"href":"https:\/\/www.europesays.com\/fr\/wp-json\/wp\/v2\/posts\/546529","targetHints":{"allow":["GET"]}}],"collection":[{"href":"https:\/\/www.europesays.com\/fr\/wp-json\/wp\/v2\/posts"}],"about":[{"href":"https:\/\/www.europesays.com\/fr\/wp-json\/wp\/v2\/types\/post"}],"author":[{"embeddable":true,"href":"https:\/\/www.europesays.com\/fr\/wp-json\/wp\/v2\/users\/2"}],"replies":[{"embeddable":true,"href":"https:\/\/www.europesays.com\/fr\/wp-json\/wp\/v2\/comments?post=546529"}],"version-history":[{"count":0,"href":"https:\/\/www.europesays.com\/fr\/wp-json\/wp\/v2\/posts\/546529\/revisions"}],"wp:featuredmedia":[{"embeddable":true,"href":"https:\/\/www.europesays.com\/fr\/wp-json\/wp\/v2\/media\/546530"}],"wp:attachment":[{"href":"https:\/\/www.europesays.com\/fr\/wp-json\/wp\/v2\/media?parent=546529"}],"wp:term":[{"taxonomy":"category","embeddable":true,"href":"https:\/\/www.europesays.com\/fr\/wp-json\/wp\/v2\/categories?post=546529"},{"taxonomy":"post_tag","embeddable":true,"href":"https:\/\/www.europesays.com\/fr\/wp-json\/wp\/v2\/tags?post=546529"}],"curies":[{"name":"wp","href":"https:\/\/api.w.org\/{rel}","templated":true}]}}