{"id":546531,"date":"2025-11-20T09:28:17","date_gmt":"2025-11-20T09:28:17","guid":{"rendered":"https:\/\/www.europesays.com\/fr\/546531\/"},"modified":"2025-11-20T09:28:17","modified_gmt":"2025-11-20T09:28:17","slug":"amazon-donne-le-coup-denvoi-avec-de-nouvelles-offres","status":"publish","type":"post","link":"https:\/\/www.europesays.com\/fr\/546531\/","title":{"rendered":"Amazon donne le coup d&rsquo;envoi avec de nouvelles offres"},"content":{"rendered":"<p>C\u2019est le lancement de la Black Friday Week sur Amazon, mais aussi chez d\u2019autres e-commer\u00e7ants comme Fnac, Darty, Boulanger ou encore Cdiscount, qui suivront le pas sous peu. C\u2019est donc le bon moment pour faire une excellente affaire sur votre prochain smartphone, tablette, PC portable, TV, etc. Vous retrouverez les meilleures offres Tech en temps r\u00e9el dans cet article. <\/p>\n<p><a href=\"https:\/\/images.frandroid.com\/wp-content\/uploads\/2025\/11\/black-friday-week-frandroid-une-1.jpg\" target=\"_blank\" class=\"article-content__figure\" rel=\"noopener\"><img fetchpriority=\"high\" decoding=\"async\" loading=\"eager\" width=\"1200\" height=\"675\" src=\"https:\/\/www.europesays.com\/fr\/wp-content\/uploads\/2025\/11\/black-friday-week-frandroid-une-1.jpg\" alt=\"\" class=\"wp-image-2876935 wp-image wp-image\"  \/><\/a><\/p>\n<p>Apr\u00e8s une grosse p\u00e9riode d\u2019offres en avant-premi\u00e8re, on arrive enfin dans le dur avec la Black Friday Week, la semaine de promotions qui pr\u00e9c\u00e8de le vendredi noir. Elle est officiellement lanc\u00e9e ce jeudi 20 novembre 2025 sur Amazon, et demain chez d\u2019autres, mais dans tous les cas, vous pouvez faire de tr\u00e8s bonnes affaires d\u00e8s maintenant !<\/p>\n<p>Bref, si vous recherchez un nouveau <a href=\"https:\/\/www.frandroid.com\/bons-plans\/bons-plans-smartphone\" target=\"_blank\" rel=\"noopener\">smartphone<\/a>, <a href=\"https:\/\/www.frandroid.com\/bons-plans\/bons-plans-tablette\" target=\"_blank\" rel=\"noopener\">tablette<\/a>, <a href=\"https:\/\/www.frandroid.com\/bons-plans\/bons-plans-tv\" target=\"_blank\" rel=\"noopener\">TV,<\/a> <a href=\"https:\/\/www.frandroid.com\/bons-plans\/bons-plans-pc-portable\" target=\"_blank\" rel=\"noopener\">PC portable<\/a>, <a href=\"https:\/\/www.frandroid.com\/bons-plans\/bons-plans-audio\" target=\"_blank\" rel=\"noopener\">casque ou \u00e9couteurs sans fil<\/a>, <a href=\"https:\/\/www.frandroid.com\/bons-plans\/bons-plans-objets-connectes\" target=\"_blank\" rel=\"noopener\">objets connect\u00e9s<\/a> ou m\u00eame une <a href=\"https:\/\/www.frandroid.com\/bons-plans\/bons-plans-gaming\" target=\"_blank\" rel=\"noreferrer noopener\">console gaming<\/a> vous \u00eates au bon endroit. Cet article sera mis \u00e0 jour tr\u00e8s r\u00e9guli\u00e8rement pour vous faire profiter en temps r\u00e9el des meilleurs prix !<\/p>\n<p>Black Friday Week : les meilleures offres en temps r\u00e9el<\/p>\n<p>            mises \u00e0 jour disponibles<\/p>\n<p>Que l\u2019on soit gamer sur Xbox, PC ou sur une autre plateforme, on a toujours besoin d\u2019une deuxi\u00e8me manette en cas de secours ou pour le multijoueur local.<\/p>\n<p><a target=\"_blank\" href=\"https:\/\/images.frandroid.com\/wp-content\/uploads\/2025\/11\/manette-xbox-series-black-friday-2025.jpg\" class=\"article-content__figure\" rel=\"noopener\"><img loading=\"lazy\" decoding=\"async\" width=\"1200\" height=\"675\" src=\"https:\/\/www.europesays.com\/fr\/wp-content\/uploads\/2025\/11\/manette-xbox-series-black-friday-2025-1200x675.jpg\" alt=\"\" class=\"wp-image-2877745 wp-image\"  \/><\/a><\/p>\n<ul class=\"wp-block-list\">\n<li>Une ergonomie au top !<\/li>\n<li>Une grande polyvalence avec les autres plateformes<\/li>\n<li>Une autonomie de 40 heures avec les piles AA<\/li>\n<\/ul>\n<p>Au lieu de 59,99 euros habituellement, la manette sans fil Xbox Series est maintenant disponible <a href=\"https:\/\/shop.frandroid.com\/dhwlw6cs\" data-type=\"link\" data-id=\"https:\/\/shop.frandroid.com\/dhwlw6cs\" target=\"_blank\" rel=\"noreferrer noopener affiliate nofollow\" data-gtm=\"{&quot;event&quot;:&quot;afficlic&quot;,&quot;nom_marchand&quot;:&quot;Cdiscount&quot;,&quot;nom_produit&quot;:&quot;inconnu&quot;,&quot;categorie_produit&quot;:&quot;inconnu&quot;,&quot;module_produit&quot;:&quot;editolink&quot;,&quot;position_marchand&quot;:0,&quot;texte&quot;:&quot;en-promotion-a-39-99-euros-chez-cdiscount&quot;}\">en promotion \u00e0 39,99 euros chez Cdiscount<\/a>.<\/p>\n<p>Entre milieu de gamme et premium, le Nothing Phone (3) n\u2019arrive peut-\u00eatre pas \u00e0 la cheville d\u2019un Galaxy S25 Ultra ou d\u2019un iPhone 17 Pro, mais il compense tout de m\u00eame par ses traits uniques. \u00c0 savoir un design toujours aussi singulier, une interface soign\u00e9e et styl\u00e9e et un syst\u00e8me Glyph revu au go\u00fbt du jour. <\/p>\n<p><a href=\"https:\/\/images.frandroid.com\/wp-content\/uploads\/2025\/11\/nothing-phone-3.jpg\" target=\"_blank\" class=\"article-content__figure\" rel=\"noopener\"><img loading=\"lazy\" decoding=\"async\" width=\"1200\" height=\"675\" src=\"https:\/\/www.europesays.com\/fr\/wp-content\/uploads\/2025\/11\/nothing-phone-3-1200x675.jpg\" alt=\"\" class=\"wp-image-2870945 wp-image\"  \/><\/a><\/p>\n<ul class=\"wp-block-list\">\n<li>Toujours un design atypique et un nouveau Glyph<\/li>\n<\/ul>\n<ul class=\"wp-block-list\">\n<li>Bonnes performances du SoC et de l\u2019appareil photo<\/li>\n<\/ul>\n<ul class=\"wp-block-list\">\n<li>7 ans de mises \u00e0 jour de s\u00e9curit\u00e9<\/li>\n<\/ul>\n<p>Au lieu de 849 euros, le Nothing Phone (3) de 256 Go est aujourd\u2019hui disponible <a href=\"https:\/\/shop.frandroid.com\/us4t9gs3\" data-type=\"link\" data-id=\"https:\/\/www.amazon.fr\/dp\/B0F6Y8F3QD?th=1\" target=\"_blank\" rel=\"noreferrer noopener affiliate nofollow\" data-gtm=\"{&quot;event&quot;:&quot;afficlic&quot;,&quot;nom_marchand&quot;:&quot;amazon_fr&quot;,&quot;nom_produit&quot;:&quot;inconnu&quot;,&quot;categorie_produit&quot;:&quot;inconnu&quot;,&quot;module_produit&quot;:&quot;editolink&quot;,&quot;position_marchand&quot;:0,&quot;texte&quot;:&quot;en-promotion-a-599-euros&quot;,&quot;offer_url&quot;:&quot;https:\/\/shop.frandroid.com\/us4t9gs3&quot;,&quot;zone&quot;:&quot;contenu-page&quot;}\">en promotion \u00e0 599 euros<\/a> sur Amazon. On le trouve aussi <a href=\"https:\/\/shop.frandroid.com\/czuwfzor\" target=\"_blank\" rel=\"noreferrer noopener affiliate nofollow\" data-gtm=\"{&quot;event&quot;:&quot;afficlic&quot;,&quot;nom_marchand&quot;:&quot;boulanger&quot;,&quot;nom_produit&quot;:&quot;inconnu&quot;,&quot;categorie_produit&quot;:&quot;inconnu&quot;,&quot;module_produit&quot;:&quot;editolink&quot;,&quot;position_marchand&quot;:0,&quot;texte&quot;:&quot;en-pack-avec-une-montre-connectee-une-coque-de-protection-et-un-tour-de-cou-pour-le-meme-prix-chez-boulanger&quot;,&quot;offer_url&quot;:&quot;https:\/\/shop.frandroid.com\/czuwfzor&quot;,&quot;zone&quot;:&quot;contenu-page&quot;}\">en pack avec une montre connect\u00e9e, une coque de protection et un tour de cou, pour le m\u00eame prix chez Boulanger<\/a>. <\/p>\n<p>La Switch 2 est la nouvelle console hybride de Nintendo et on sent la volont\u00e9 du constructeur nippon de vouloir la mettre sous la majorit\u00e9 des sapins de No\u00ebl cette ann\u00e9e gr\u00e2ce aux nombreuses offres. <\/p>\n<p><a target=\"_blank\" href=\"https:\/\/images.frandroid.com\/wp-content\/uploads\/2025\/11\/nintendo-switch-2-black-friday-2025-1.jpg\" class=\"article-content__figure\" rel=\"noopener\"><img loading=\"lazy\" decoding=\"async\" width=\"1200\" height=\"675\" src=\"https:\/\/www.europesays.com\/fr\/wp-content\/uploads\/2025\/11\/nintendo-switch-2-black-friday-2025-1-1200x675.jpg\" alt=\"\" class=\"wp-image-2877625 wp-image\"  \/><\/a><\/p>\n<ul class=\"wp-block-list\">\n<li>Un nouvel \u00e9cran de 8,4 pouces, compatible HDR et 120 Hz<\/li>\n<li>Un syst\u00e8me de dock repens\u00e9 et des Joy-con magn\u00e9tiques<\/li>\n<li>Une puce Nvidia surboost\u00e9e<\/li>\n<\/ul>\n<p>En ce moment, on trouve <a href=\"https:\/\/shop.frandroid.com\/opgpj38m\" target=\"_blank\" rel=\"noreferrer noopener affiliate nofollow\" data-gtm=\"{&quot;event&quot;:&quot;afficlic&quot;,&quot;nom_marchand&quot;:&quot;amazon_fr&quot;,&quot;nom_produit&quot;:&quot;inconnu&quot;,&quot;categorie_produit&quot;:&quot;inconnu&quot;,&quot;module_produit&quot;:&quot;editolink&quot;,&quot;position_marchand&quot;:0,&quot;texte&quot;:&quot;la-console-seule-pour-419-euros-sur-amazon&quot;,&quot;offer_url&quot;:&quot;https:\/\/shop.frandroid.com\/opgpj38m&quot;,&quot;zone&quot;:&quot;contenu-page&quot;}\">la console seule pour 419 euros sur Amazon<\/a>. Elle est aussi disponible en pack avec Mario Kart World <a href=\"https:\/\/shop.frandroid.com\/lvz33xei\" target=\"_blank\" rel=\"noreferrer noopener affiliate nofollow\" data-gtm=\"{&quot;event&quot;:&quot;afficlic&quot;,&quot;nom_marchand&quot;:&quot;aliexpress&quot;,&quot;nom_produit&quot;:&quot;inconnu&quot;,&quot;categorie_produit&quot;:&quot;inconnu&quot;,&quot;module_produit&quot;:&quot;editolink&quot;,&quot;position_marchand&quot;:0,&quot;texte&quot;:&quot;a-seulement-388-euros-sur-ali-express&quot;,&quot;offer_url&quot;:&quot;https:\/\/shop.frandroid.com\/lvz33xei&quot;,&quot;zone&quot;:&quot;contenu-page&quot;}\">\u00e0 seulement 388 euros sur AliExpress<\/a> avec le code promo <strong>FRBF60<\/strong>.<\/p>\n<p>Dans le catalogue de Philips Hue, on y trouve des suspensions et plafonniers connect\u00e9s, \u00e0 l\u2019image du Philips Hue Devote White &amp; Color, pratique pour diffuser une lumi\u00e8re color\u00e9e et chaleureuse dans toute la pi\u00e8ce. <\/p>\n<p><a href=\"https:\/\/images.frandroid.com\/wp-content\/uploads\/2025\/11\/philips-hue-devote-panneau-black-friday.jpg\" target=\"_blank\" class=\"article-content__figure\" rel=\"noopener\"><img loading=\"lazy\" decoding=\"async\" width=\"1200\" height=\"675\" src=\"https:\/\/www.europesays.com\/fr\/wp-content\/uploads\/2025\/11\/philips-hue-devote-panneau-black-friday-1200x675.jpg\" alt=\"\" class=\"wp-image-2877577 wp-image\"  \/><\/a><\/p>\n<ul class=\"wp-block-list\">\n<li>Un plafonnier discret et \u00e9l\u00e9gant<\/li>\n<li>Un flux de 2 000 lumens<\/li>\n<li>16 millions de couleurs disponibles sur l\u2019application<\/li>\n<\/ul>\n<p>Au d\u00e9part affich\u00e9 \u00e0 79,99 euros, le plafonnier Philips Hue Devote  est en ce moment <a href=\"https:\/\/shop.frandroid.com\/82hos43j\" target=\"_blank\" rel=\"noreferrer noopener affiliate nofollow\" data-gtm=\"{&quot;event&quot;:&quot;afficlic&quot;,&quot;nom_marchand&quot;:&quot;amazon_fr&quot;,&quot;nom_produit&quot;:&quot;inconnu&quot;,&quot;categorie_produit&quot;:&quot;inconnu&quot;,&quot;module_produit&quot;:&quot;editolink&quot;,&quot;position_marchand&quot;:0,&quot;texte&quot;:&quot;remise-a-59-98-euros-sur-amazon&quot;,&quot;offer_url&quot;:&quot;https:\/\/shop.frandroid.com\/82hos43j&quot;,&quot;zone&quot;:&quot;contenu-page&quot;}\">remis\u00e9 \u00e0 59,98 euros sur Amazon.<\/a><\/p>\n<p>Le TCL 55Q6C, un t\u00e9l\u00e9viseur QD-Mini LED 4K de 55 pouces, compatible Dolby Vision IQ et Dolby Atmos, 144 Hz et fonctionnant avec Google TV. Pour ne rien g\u00e2cher, il se n\u00e9gocie \u00e0 moins de 450 euros.<\/p>\n<p><a href=\"https:\/\/images.frandroid.com\/wp-content\/uploads\/2025\/11\/tcl-55q6c-black-friday.jpg\" target=\"_blank\" class=\"article-content__figure\" rel=\"noopener\"><img loading=\"lazy\" decoding=\"async\" width=\"1200\" height=\"675\" src=\"https:\/\/www.europesays.com\/fr\/wp-content\/uploads\/2025\/11\/tcl-55q6c-black-friday-1200x675.jpg\" alt=\"\" class=\"wp-image-2877555 wp-image\"  \/><\/a><\/p>\n<ul class=\"wp-block-list\">\n<li>Le syst\u00e8me de QD-Mini LED renforce bien les contrastes<\/li>\n<li>La prise en charge Dolby Vision et Dolby Atmos<\/li>\n<li>Les 144 Hz de fr\u00e9quence de rafra\u00eechissement pour le gaming<\/li>\n<\/ul>\n<p>De base \u00e0 799 euros, le t\u00e9l\u00e9viseur TCL 55Q6C <a href=\"https:\/\/shop.frandroid.com\/4qmyvu4i\" target=\"_blank\" rel=\"noreferrer noopener affiliate nofollow\" data-gtm=\"{&quot;event&quot;:&quot;afficlic&quot;,&quot;nom_marchand&quot;:&quot;amazon_fr&quot;,&quot;nom_produit&quot;:&quot;inconnu&quot;,&quot;categorie_produit&quot;:&quot;inconnu&quot;,&quot;module_produit&quot;:&quot;editolink&quot;,&quot;position_marchand&quot;:0,&quot;texte&quot;:&quot;revient-a-seulement-449-euros-sur-amazon&quot;,&quot;offer_url&quot;:&quot;https:\/\/shop.frandroid.com\/4qmyvu4i&quot;,&quot;zone&quot;:&quot;contenu-page&quot;}\">revient \u00e0 seulement 449 euros sur Amazon<\/a>. <\/p>\n<p>En lan\u00e7ant sa T-Rex 3 Pro, Amazfit cherche \u00e0 rivaliser avec les r\u00e9f\u00e9rences de Garmin, tout en proposant un prix plus accessible. Alors certes, elle n\u2019a pas le niveau de finition d\u2019une Fenix 8, elle offre un verre saphir r\u00e9sistant, mais surtout un suivi GPS pr\u00e9cis et un bon capteur cardio.\u00a0Not\u00e9e 9\/10 par nos soins, c\u2019est un mod\u00e8le que l\u2019on recommande chaudement et qui co\u00fbte moins cher \u00e0 l\u2019occasion de la Black Week. <\/p>\n<p><a href=\"https:\/\/images.frandroid.com\/wp-content\/uploads\/2025\/11\/amazfit-t-rex-3-pro-black-friday.jpg\" target=\"_blank\" class=\"article-content__figure\" rel=\"noopener\"><img loading=\"lazy\" decoding=\"async\" width=\"1200\" height=\"675\" src=\"https:\/\/www.europesays.com\/fr\/wp-content\/uploads\/2025\/11\/amazfit-t-rex-3-pro-black-friday-1200x675.jpg\" alt=\"\" class=\"wp-image-2877525 wp-image\"  \/><\/a><\/p>\n<ul class=\"wp-block-list\">\n<li>Le design r\u00e9sistant et l\u2019\u00e9cran lumineux<\/li>\n<li>La lampe torche<\/li>\n<li>La pr\u00e9cision des donn\u00e9es<\/li>\n<\/ul>\n<p>La montre est propos\u00e9e au prix de 399 euros, mais en ce moment la T-Rex 3 Pro d\u2019Amazfit <a href=\"https:\/\/shop.frandroid.com\/cb8uamb2\" target=\"_blank\" rel=\"noreferrer noopener affiliate nofollow\" data-gtm=\"{&quot;event&quot;:&quot;afficlic&quot;,&quot;nom_marchand&quot;:&quot;amazon_fr&quot;,&quot;nom_produit&quot;:&quot;inconnu&quot;,&quot;categorie_produit&quot;:&quot;inconnu&quot;,&quot;module_produit&quot;:&quot;editolink&quot;,&quot;position_marchand&quot;:0,&quot;texte&quot;:&quot;se-trouve-a-372-87-euros-sur-amazon&quot;,&quot;offer_url&quot;:&quot;https:\/\/shop.frandroid.com\/cb8uamb2&quot;,&quot;zone&quot;:&quot;contenu-page&quot;}\">se trouve \u00e0 372,87 euros sur Amazon.<\/a><\/p>\n<p>Le <a href=\"https:\/\/www.frandroid.com\/produits\/dell\" target=\"_blank\" rel=\"noopener\">Dell<\/a> XPS 13 (9350) est <a href=\"https:\/\/www.frandroid.com\/guide-dachat\/638058_quels-sont-les-meilleurs-pc-portables-haut-de-gamme-de-2019\" target=\"_blank\" rel=\"noopener\">un PC portable<\/a> fin, l\u00e9ger et puissant qui est certifi\u00e9 Copilot+ pour prendre en charge toutes les fonctions li\u00e9es \u00e0 l\u2019IA. Son seul d\u00e9faut : son prix, qui est plus avantageux suite \u00e0 cette r\u00e9duction de 31 % lors de la Black Friday Week. <\/p>\n<p><a href=\"https:\/\/images.frandroid.com\/wp-content\/uploads\/2025\/11\/dell-xps-13-9350-black-friday.jpg\" target=\"_blank\" class=\"article-content__figure\" rel=\"noopener\"><img loading=\"lazy\" decoding=\"async\" width=\"1200\" height=\"675\" src=\"https:\/\/www.europesays.com\/fr\/wp-content\/uploads\/2025\/11\/dell-xps-13-9350-black-friday-1200x675.jpg\" alt=\"\" class=\"wp-image-2877505 wp-image\"  \/><\/a><\/p>\n<ul class=\"wp-block-list\">\n<li>L\u2019\u00e9cran de 13,4 pouces en Full HD+ et 120 Hz<\/li>\n<li>La puissance du processeur Intel Core Ultra 7 Series 2 + 32 Go RAM + 1 To SSD <\/li>\n<li>Il est si fin et l\u00e9ger qu\u2019on pourrait le faxer<\/li>\n<\/ul>\n<p>Initialement \u00e0 2 149 euros, puis r\u00e9duit \u00e0 1 799 euros, le Dell XPS 13 (9350) s\u2019affiche d\u00e9sormais <a href=\"https:\/\/shop.frandroid.com\/g5ix5448\" target=\"_blank\" rel=\"noreferrer noopener affiliate nofollow\" data-gtm=\"{&quot;event&quot;:&quot;afficlic&quot;,&quot;nom_marchand&quot;:&quot;amazon_fr&quot;,&quot;nom_produit&quot;:&quot;inconnu&quot;,&quot;categorie_produit&quot;:&quot;inconnu&quot;,&quot;module_produit&quot;:&quot;editolink&quot;,&quot;position_marchand&quot;:0,&quot;texte&quot;:&quot;en-promotion-a-1-249-euros-sur-amazon&quot;,&quot;offer_url&quot;:&quot;https:\/\/shop.frandroid.com\/g5ix5448&quot;,&quot;zone&quot;:&quot;contenu-page&quot;}\">en promotion \u00e0 1 249 euros sur Amazon.<\/a><\/p>\n<p>Si vous souhaitez investir dans un robot tondeuse, quoi de mieux que la Black Friday Week pour se lancer ? Ces appareils sont dot\u00e9s de technologie de guidage intelligent qui facilite grandement la mise en place. C\u2019est le cas du <a target=\"_blank\" href=\"https:\/\/www.amazon.fr\/dp\/B0CXDNFZLL\" rel=\"noopener\">Navimow i105E<\/a>\u00a0de Segway-Ninebot qui utilise une cam\u00e9ra pour \u00e9viter les obstacles et une liaison satellite pour se (g\u00e9o)localiser avec pr\u00e9cision. <\/p>\n<p><a href=\"https:\/\/images.frandroid.com\/wp-content\/uploads\/2025\/11\/navimow-i105e-black-friday.jpg\" target=\"_blank\" class=\"article-content__figure\" rel=\"noopener\"><img loading=\"lazy\" decoding=\"async\" width=\"1200\" height=\"675\" src=\"https:\/\/www.europesays.com\/fr\/wp-content\/uploads\/2025\/11\/navimow-i105e-black-friday-1200x675.jpg\" alt=\"\" class=\"wp-image-2877495 wp-image\"  \/><\/a><\/p>\n<ul class=\"wp-block-list\">\n<li>La facilit\u00e9 de configuration et installation<\/li>\n<li>La qualit\u00e9 de la tonte tout en silence<\/li>\n<li>Les nombreuses options de l\u2019application<\/li>\n<\/ul>\n<p>De base \u00e0 999 euros, puis r\u00e9duit \u00e0 849 euros, le robot tondeuse Navimow i105E\u00a0est aujourd\u2019hui <a href=\"https:\/\/shop.frandroid.com\/oof0jtcq\" target=\"_blank\" rel=\"noreferrer noopener affiliate nofollow\" data-gtm=\"{&quot;event&quot;:&quot;afficlic&quot;,&quot;nom_marchand&quot;:&quot;amazon_fr&quot;,&quot;nom_produit&quot;:&quot;inconnu&quot;,&quot;categorie_produit&quot;:&quot;inconnu&quot;,&quot;module_produit&quot;:&quot;editolink&quot;,&quot;position_marchand&quot;:0,&quot;texte&quot;:&quot;remise-a-649-euros-sur-amazon&quot;,&quot;offer_url&quot;:&quot;https:\/\/shop.frandroid.com\/oof0jtcq&quot;,&quot;zone&quot;:&quot;contenu-page&quot;}\">remis\u00e9 \u00e0 649 euros sur Amazon.<\/a> <\/p>\n<p>Si vous avez envie d\u2019avoir une belle image OLED devant les yeux et <a href=\"https:\/\/www.frandroid.com\/guide-dachat\/688285_quel-ecran-pc-pour-le-gaming-choisir-en-2020-notre-selection\" target=\"_blank\" rel=\"noopener\">un \u00e9cran d\u00e9di\u00e9 aux jeux vid\u00e9o<\/a>, vous avez l\u00e0 un bon moniteur avec le MSI MAG 321UPX. Sur une surface de 32 pouces, vous profitez de 3 840 x 2 160 pixels \u00e0 240 Hz, soit une fluidit\u00e9 folle pour assurer \u00e0 tous vos titres pr\u00e9f\u00e9r\u00e9s et ceux \u00e0 venir.<\/p>\n<p><a href=\"https:\/\/images.frandroid.com\/wp-content\/uploads\/2025\/11\/msi-mag-321upx-black-friday.jpg\" target=\"_blank\" class=\"article-content__figure\" rel=\"noopener\"><img loading=\"lazy\" decoding=\"async\" width=\"1200\" height=\"675\" src=\"https:\/\/www.europesays.com\/fr\/wp-content\/uploads\/2025\/11\/msi-mag-321upx-black-friday-1200x675.jpg\" alt=\"\" class=\"wp-image-2877483 wp-image\"  \/><\/a><\/p>\n<ul class=\"wp-block-list\">\n<li>Sa dalle QD-OLED qui affiche de la 4K@240 Hz<\/li>\n<li>La r\u00e9activit\u00e9 quasi instantan\u00e9e avec les 0,03 ms de latence<\/li>\n<li>La prise en charge HDR<\/li>\n<\/ul>\n<p>De base \u00e0 949 euros, l\u2019\u00e9cran MSI MAG 321UPX se n\u00e9gocie <a href=\"https:\/\/shop.frandroid.com\/82wx0469\" target=\"_blank\" rel=\"noreferrer noopener affiliate nofollow\" data-gtm=\"{&quot;event&quot;:&quot;afficlic&quot;,&quot;nom_marchand&quot;:&quot;amazon_fr&quot;,&quot;nom_produit&quot;:&quot;inconnu&quot;,&quot;categorie_produit&quot;:&quot;inconnu&quot;,&quot;module_produit&quot;:&quot;editolink&quot;,&quot;position_marchand&quot;:0,&quot;texte&quot;:&quot;aujourd-hui-a-649-euros-sur-amazon&quot;,&quot;offer_url&quot;:&quot;https:\/\/shop.frandroid.com\/82wx0469&quot;,&quot;zone&quot;:&quot;contenu-page&quot;}\">aujourd\u2019hui \u00e0 649 euros sur Amazon.<\/a> <\/p>\n<p>Si vous souhaitez changer <a href=\"https:\/\/www.frandroid.com\/guide-dachat\/638058_quels-sont-les-meilleurs-pc-portables-haut-de-gamme-de-2019\" target=\"_blank\" rel=\"noopener\">d\u2019ordinateur portable <\/a>et investir dans une machine avec un bon rapport qualit\u00e9-prix, nous avons la solution. Le Dell Inspiron 16\u00a0avec un Ryzen 7-8840U perd 32 % de son prix et passe ainsi de 849 euros \u00e0 579 euros. <\/p>\n<p><a href=\"https:\/\/images.frandroid.com\/wp-content\/uploads\/2025\/11\/dell-inspiron-16-5645-black-friday.jpg\" target=\"_blank\" class=\"article-content__figure\" rel=\"noopener\"><img loading=\"lazy\" decoding=\"async\" width=\"1200\" height=\"675\" src=\"https:\/\/www.europesays.com\/fr\/wp-content\/uploads\/2025\/11\/dell-inspiron-16-5645-black-friday-1200x675.jpg\" alt=\"\" class=\"wp-image-2877451 wp-image\"  \/><\/a><\/p>\n<ul class=\"wp-block-list\">\n<li>Un \u00e9cran 16 pouces FHD+ au format 16:10<\/li>\n<li>Une puce AMD Ryzen 7-8840U<\/li>\n<li>Accompagn\u00e9 de 16 Go de RAM + 1 To SSD<\/li>\n<\/ul>\n<p>Le Dell Inspiron 16 5645 co\u00fbte habituellement 849 euros, mais \u00e0 l\u2019occasion de la Black Week, <a href=\"https:\/\/shop.frandroid.com\/mbjn2kfj\" target=\"_blank\" rel=\"noreferrer noopener affiliate nofollow\" data-gtm=\"{&quot;event&quot;:&quot;afficlic&quot;,&quot;nom_marchand&quot;:&quot;amazon_fr&quot;,&quot;nom_produit&quot;:&quot;inconnu&quot;,&quot;categorie_produit&quot;:&quot;inconnu&quot;,&quot;module_produit&quot;:&quot;editolink&quot;,&quot;position_marchand&quot;:0,&quot;texte&quot;:&quot;il-passe-a-579-euros-sur-amazon&quot;,&quot;offer_url&quot;:&quot;https:\/\/shop.frandroid.com\/mbjn2kfj&quot;,&quot;zone&quot;:&quot;contenu-page&quot;}\">il passe \u00e0 579 euros sur Amazon.<\/a> <\/p>\n<p>Avec ce <a href=\"https:\/\/www.frandroid.com\/guide-dachat\/guides-dachat-tv\/1172961_meilleures-tv-lg\" target=\"_blank\" rel=\"noopener\">TV LG<\/a> OLED 4K de 65 pouces, vous avez le compagnon id\u00e9al pour vous accompagner dans tous vos divertissements. La technologie OLED promet de belles couleurs et sa fluidit\u00e9 de 100 Hz pouvant monter jusqu\u2019\u00e0 120 Hz permet de profiter de vos jeux dans les meilleures conditions. <\/p>\n<p><a href=\"https:\/\/images.frandroid.com\/wp-content\/uploads\/2025\/11\/lg-oled65b4e-black-friday.jpg\" target=\"_blank\" class=\"article-content__figure\" rel=\"noopener\"><img loading=\"lazy\" decoding=\"async\" width=\"1200\" height=\"675\" src=\"https:\/\/www.europesays.com\/fr\/wp-content\/uploads\/2025\/11\/lg-oled65b4e-black-friday-1200x675.jpg\" alt=\"\" class=\"wp-image-2877443 wp-image\"  \/><\/a><\/p>\n<ul class=\"wp-block-list\">\n<li>Il est compatible HDR10, Dolby Vision et Dolby Atmos<\/li>\n<li>La qualit\u00e9 de l\u2019OLED et une grande pr\u00e9cision colorim\u00e9trique<\/li>\n<li>La fr\u00e9quence de rafra\u00eechissement \u00e0 120 Hz<\/li>\n<\/ul>\n<p>Lanc\u00e9 \u00e0 1 499 euros, le LG OLEDB4 en 65 pouces peut vous revenir <a href=\"https:\/\/shop.frandroid.com\/ddcnvqgj\" target=\"_blank\" rel=\"noreferrer noopener affiliate nofollow\" data-gtm=\"{&quot;event&quot;:&quot;afficlic&quot;,&quot;nom_marchand&quot;:&quot;amazon_fr&quot;,&quot;nom_produit&quot;:&quot;inconnu&quot;,&quot;categorie_produit&quot;:&quot;inconnu&quot;,&quot;module_produit&quot;:&quot;editolink&quot;,&quot;position_marchand&quot;:0,&quot;texte&quot;:&quot;a-seulement-949-euros-sur-amazon&quot;,&quot;offer_url&quot;:&quot;https:\/\/shop.frandroid.com\/ddcnvqgj&quot;,&quot;zone&quot;:&quot;contenu-page&quot;}\">\u00e0 seulement 949 euros sur Amazon.<\/a><\/p>\n<p>Xgimi a attendu tr\u00e8s peu de temps pour pr\u00e9senter le successeur du vid\u00e9oprojecteur nomade\u00a0<a href=\"https:\/\/www.frandroid.com\/produits\/smart-tv\/xgimi\/2345374-xgimi-mogo-3-pro\" target=\"_blank\" rel=\"noopener\">MoGo 3 Pro<\/a>\u00a0que l\u2019on a not\u00e9 8\/10 dans nos colonnes. La nouvelle s\u00e9rie MoGo compte deux mod\u00e8les, dont<a href=\"https:\/\/www.frandroid.com\/produits\/smart-tv\/xgimi\/2645433-xgimi-mogo-4-laser\" target=\"_blank\" rel=\"noopener\"> le MoGo 4 Laser.<\/a>\u00a0Il s\u2019agit de la version haut de gamme qui combine puissance lumineuse et compacit\u00e9. Et si jusqu\u2019ici, il co\u00fbtait 799 euros, aujourd\u2019hui il est en promotion \u00e0 679 euros.<\/p>\n<p><a href=\"https:\/\/images.frandroid.com\/wp-content\/uploads\/2025\/11\/xgimi-mogo-4-laser-black-friday.jpg\" target=\"_blank\" class=\"article-content__figure\" rel=\"noopener\"><img loading=\"lazy\" decoding=\"async\" width=\"1200\" height=\"675\" src=\"https:\/\/www.europesays.com\/fr\/wp-content\/uploads\/2025\/11\/xgimi-mogo-4-laser-black-friday-1200x675.jpg\" alt=\"\" class=\"wp-image-2877425 wp-image\"  \/><\/a><\/p>\n<ul class=\"wp-block-list\">\n<li>Un vid\u00e9oprojecteur portable qui pivote \u00e0 360<strong>\u00b0<\/strong><\/li>\n<li>Avec la technologie triple laser<\/li>\n<li>Et batterie int\u00e9gr\u00e9e<\/li>\n<\/ul>\n<p>Le Xgimi MoGo 4 Laser est sorti au prix de 799 euros mais sur le site d\u2019Amazon,\u00a0<a href=\"https:\/\/shop.frandroid.com\/q599nzqd\" target=\"_blank\" rel=\"noreferrer noopener affiliate nofollow\" data-gtm=\"{&quot;event&quot;:&quot;afficlic&quot;,&quot;nom_marchand&quot;:&quot;amazon_fr&quot;,&quot;nom_produit&quot;:&quot;inconnu&quot;,&quot;categorie_produit&quot;:&quot;inconnu&quot;,&quot;module_produit&quot;:&quot;editolink&quot;,&quot;position_marchand&quot;:0,&quot;texte&quot;:&quot;il-revient-a-679-euros&quot;,&quot;offer_url&quot;:&quot;https:\/\/shop.frandroid.com\/q599nzqd&quot;,&quot;zone&quot;:&quot;contenu-page&quot;}\">il revient \u00e0 679 euros<\/a>. On trouve m\u00eame le kit cin\u00e9ma ext\u00e9rieur <a href=\"https:\/\/shop.frandroid.com\/am5md755\" target=\"_blank\" rel=\"noreferrer noopener affiliate nofollow\" data-gtm=\"{&quot;event&quot;:&quot;afficlic&quot;,&quot;nom_marchand&quot;:&quot;amazon_fr&quot;,&quot;nom_produit&quot;:&quot;inconnu&quot;,&quot;categorie_produit&quot;:&quot;inconnu&quot;,&quot;module_produit&quot;:&quot;editolink&quot;,&quot;position_marchand&quot;:0,&quot;texte&quot;:&quot;avec-150-euros-de-moins&quot;,&quot;offer_url&quot;:&quot;https:\/\/shop.frandroid.com\/am5md755&quot;,&quot;zone&quot;:&quot;contenu-page&quot;}\">avec 150 euros de moins<\/a> qui comprend un tr\u00e9pied, une toile, une valise et des filtres. <\/p>\n<p>Le Dreame H15 Pro est un balai aspirateur que l\u2019on appr\u00e9cie pour sa bonne puissance d\u2019aspiration, la qualit\u00e9 de sa t\u00eate motoris\u00e9e et l\u2019automatisation de l\u2019entretien du rouleau.\u00a0Un appareil polyvalent et complet pour assurer le nettoyage. <\/p>\n<p><a href=\"https:\/\/images.frandroid.com\/wp-content\/uploads\/2025\/11\/dreame-h15-pro-black-friday.jpg\" target=\"_blank\" class=\"article-content__figure\" rel=\"noopener\"><img loading=\"lazy\" decoding=\"async\" width=\"1200\" height=\"675\" src=\"https:\/\/www.europesays.com\/fr\/wp-content\/uploads\/2025\/11\/dreame-h15-pro-black-friday-1200x675.jpg\" alt=\"\" class=\"wp-image-2877417 wp-image\"  \/><\/a><\/p>\n<ul class=\"wp-block-list\">\n<li>Une aspiration puissante \u00e0 21 kPa pour avaler poussi\u00e8res, liquides et miettes de la veille.<\/li>\n<li>Un nettoyage automatique \u00e0 100 \u00b0C et s\u00e9chage express en 5 minutes.<\/li>\n<li>La technologie GapFree et couverture triple ar\u00eate pour ne rien laisser filer.<\/li>\n<\/ul>\n<p>Au lieu de 599 euros, le Dreame H15 Pro est\u00a0aujourd\u2019hui <a href=\"https:\/\/shop.frandroid.com\/sfqd93yz\" target=\"_blank\" rel=\"noreferrer noopener affiliate nofollow\" data-gtm=\"{&quot;event&quot;:&quot;afficlic&quot;,&quot;nom_marchand&quot;:&quot;amazon_fr&quot;,&quot;nom_produit&quot;:&quot;inconnu&quot;,&quot;categorie_produit&quot;:&quot;inconnu&quot;,&quot;module_produit&quot;:&quot;editolink&quot;,&quot;position_marchand&quot;:0,&quot;texte&quot;:&quot;remise-a-349-euros-sur-amazon&quot;,&quot;offer_url&quot;:&quot;https:\/\/shop.frandroid.com\/sfqd93yz&quot;,&quot;zone&quot;:&quot;contenu-page&quot;}\">remis\u00e9 \u00e0 349 euros sur Amazon.<\/a><\/p>\n<p>Si vous cherchez <a href=\"https:\/\/www.frandroid.com\/guide-dachat\/689411_guide-meilleurs-pc-portables-gamer\" target=\"_blank\" rel=\"noopener\">une machine gaming<\/a> vraiment performante et dot\u00e9e d\u2019un \u00e9cran ultra-fluide, alors le MSI Vector 16 HX AI A2XW devrait combler vos attentes avec sa <a href=\"https:\/\/www.frandroid.com\/produits\/carte-graphique\/nvidia\/2464100-nvidia-geforce-rtx-5070-ti\" target=\"_blank\" rel=\"noopener\">RTX 5070 Ti <\/a>et son \u00e9cran QHD+ \u00e0 240 Hz. En plus, son prix s\u2019adoucit : il passe de 2 499 euros \u00e0 1 799 euros sur Amazon.<\/p>\n<p><a href=\"https:\/\/images.frandroid.com\/wp-content\/uploads\/2025\/11\/msi-vector-16-hx-ai-black-friday-1.jpg\" target=\"_blank\" class=\"article-content__figure\" rel=\"noopener\"><img loading=\"lazy\" decoding=\"async\" width=\"1200\" height=\"675\" src=\"https:\/\/www.europesays.com\/fr\/wp-content\/uploads\/2025\/11\/msi-vector-16-hx-ai-black-friday-1-1200x675.jpg\" alt=\"\" class=\"wp-image-2877407 wp-image\"  \/><\/a><\/p>\n<ul class=\"wp-block-list\">\n<li>Une dalle IPS QHD+ de 16 pouces + 240 Hz<\/li>\n<li>Un combo Intel Core Ultra 7 + RTX 5070 Ti + 16 Go de RAM<\/li>\n<li>Un SSD de 1 To<\/li>\n<\/ul>\n<p>Initialement affich\u00e9 \u00e0 2 499 euros, le MSI Vector 16 HX AI A2XW est aujourd\u2019hui disponible <a href=\"https:\/\/shop.frandroid.com\/04p3eee0\" target=\"_blank\" rel=\"noreferrer noopener affiliate nofollow\" data-gtm=\"{&quot;event&quot;:&quot;afficlic&quot;,&quot;nom_marchand&quot;:&quot;amazon_fr&quot;,&quot;nom_produit&quot;:&quot;inconnu&quot;,&quot;categorie_produit&quot;:&quot;inconnu&quot;,&quot;module_produit&quot;:&quot;editolink&quot;,&quot;position_marchand&quot;:0,&quot;texte&quot;:&quot;en-promotion-a-1-799-euros-sur-amazon&quot;,&quot;offer_url&quot;:&quot;https:\/\/shop.frandroid.com\/04p3eee0&quot;,&quot;zone&quot;:&quot;contenu-page&quot;}\">en promotion \u00e0 1 799 euros sur Amazon.<\/a><\/p>\n<p>Avec <a href=\"https:\/\/www.frandroid.com\/marques\/bose\/1834249_test-de-la-bose-smart-ultra-soundbar-un-son-surround-convaincant-et-des-dialogues-dopes-a-lia\" target=\"_blank\" rel=\"noopener\">la Bose Ultra<\/a>, vous b\u00e9n\u00e9ficiez d\u2019un son de meilleure qualit\u00e9, d\u2019une IA plus pouss\u00e9e qui travaille surtout sur les dialogues et une puissance qui cache bien son jeu. Donc si vous aimez le bon son, sachez que vous pouvez la retrouver \u00e0 moins de 600 euros. <\/p>\n<p><a href=\"https:\/\/images.frandroid.com\/wp-content\/uploads\/2025\/11\/bose-ultra-black-friday.jpg\" target=\"_blank\" class=\"article-content__figure\" rel=\"noopener\"><img loading=\"lazy\" decoding=\"async\" width=\"1200\" height=\"675\" src=\"https:\/\/www.europesays.com\/fr\/wp-content\/uploads\/2025\/11\/bose-ultra-black-friday-1200x675.jpg\" alt=\"\" class=\"wp-image-2877393 wp-image\"  \/><\/a><\/p>\n<ul class=\"wp-block-list\">\n<li>La puissance du son, sous tous ses aspects<\/li>\n<li>L\u2019intelligence artificielle fait des miracles sur les dialogues<\/li>\n<li>La compatibilit\u00e9 AirPlay 2, Chromecast et Spotify Connect qui fait plaisir<\/li>\n<\/ul>\n<p>La Bose Ultra co\u00fbte 999 euros depuis sa sortie en septembre 2023. Aujourd\u2019hui chez Amazon,\u00a0on la trouve <a href=\"https:\/\/shop.frandroid.com\/40oeqn0e\" target=\"_blank\" rel=\"noreferrer noopener affiliate nofollow\" data-gtm=\"{&quot;event&quot;:&quot;afficlic&quot;,&quot;nom_marchand&quot;:&quot;amazon_fr&quot;,&quot;nom_produit&quot;:&quot;inconnu&quot;,&quot;categorie_produit&quot;:&quot;inconnu&quot;,&quot;module_produit&quot;:&quot;editolink&quot;,&quot;position_marchand&quot;:0,&quot;texte&quot;:&quot;en-promotion-a-599-euros-sur-amazon&quot;,&quot;offer_url&quot;:&quot;https:\/\/shop.frandroid.com\/40oeqn0e&quot;,&quot;zone&quot;:&quot;contenu-page&quot;}\">en promotion \u00e0 599 euros sur Amazon<\/a>. <\/p>\n<p>L\u2019Asus Vivobook S 15 est un laptop boost\u00e9e \u00e0 l\u2019IA dot\u00e9e d\u2019une configuration ultra-solide avec sa puce Snapdragon X Plus et son bel \u00e9cran OLED 3K. Gr\u00e2ce \u00e0 la Black Friday Week d\u2019Amazon, il perd la moiti\u00e9 de prix et passe ainsi de 1 199,99 euros \u00e0 629,99 euros. <\/p>\n<p><a href=\"https:\/\/images.frandroid.com\/wp-content\/uploads\/2025\/11\/asus-vivobook-s-15-black-friday.jpg\" target=\"_blank\" class=\"article-content__figure\" rel=\"noopener\"><img loading=\"lazy\" decoding=\"async\" width=\"1200\" height=\"675\" src=\"https:\/\/www.europesays.com\/fr\/wp-content\/uploads\/2025\/11\/asus-vivobook-s-15-black-friday-1200x675.jpg\" alt=\"\" class=\"wp-image-2877383 wp-image\"  \/><\/a><\/p>\n<ul class=\"wp-block-list\">\n<li>Une dalle OLED 3K de 15,6 pouces + 120 Hz<\/li>\n<li>Une puce Snapdragon X Plus<\/li>\n<li>De l\u2019IA avec Copilot<\/li>\n<\/ul>\n<p>Auparavant affich\u00e9 \u00e0 1 199,99 euros, l\u2019Asus Vivobook S 15 est\u00a0aujourd\u2019hui <a href=\"https:\/\/shop.frandroid.com\/egm6hn8v\" target=\"_blank\" rel=\"noreferrer noopener affiliate nofollow\" data-gtm=\"{&quot;event&quot;:&quot;afficlic&quot;,&quot;nom_marchand&quot;:&quot;amazon_fr&quot;,&quot;nom_produit&quot;:&quot;inconnu&quot;,&quot;categorie_produit&quot;:&quot;inconnu&quot;,&quot;module_produit&quot;:&quot;editolink&quot;,&quot;position_marchand&quot;:0,&quot;texte&quot;:&quot;propose-a-629-99-euros-sur-amazon&quot;,&quot;offer_url&quot;:&quot;https:\/\/shop.frandroid.com\/egm6hn8v&quot;,&quot;zone&quot;:&quot;contenu-page&quot;}\">propos\u00e9 \u00e0 629,99 euros sur Amazon.<\/a><\/p>\n<p>Samsung propose <a href=\"https:\/\/www.frandroid.com\/produits\/audio-casques-ecouteurs\/samsung\/2073884-samsung-galaxy-buds-3-pro\" target=\"_blank\" rel=\"noopener\">ses Galaxy Buds 3 Pro<\/a> depuis l\u2019ann\u00e9e derni\u00e8re, une paire <a href=\"https:\/\/www.frandroid.com\/guide-dachat\/guide-audio\/482350_quels-sont-les-meilleurs-ecouteurs-true-wireless-a-moins-de-200-euros-en-2018\" target=\"_blank\" rel=\"noopener\">d\u2019\u00e9couteurs True Wireless<\/a> avec r\u00e9duction de bruit active pour plonger t\u00eate la premi\u00e8re dans vos contenus audio. Ils sont en quelque sorte les concurrents directs des\u00a0<a href=\"https:\/\/www.frandroid.com\/produits\/audio-casques-ecouteurs\/apple\/2788529-apple-airpods-pro-3\" target=\"_blank\" rel=\"noopener\">AirPods Pro. <\/a><\/p>\n<p><a href=\"https:\/\/images.frandroid.com\/wp-content\/uploads\/2025\/11\/samsung-galaxy-buds-3-pro-black-friday.jpg\" target=\"_blank\" class=\"article-content__figure\" rel=\"noopener\"><img loading=\"lazy\" decoding=\"async\" width=\"1200\" height=\"675\" src=\"https:\/\/www.europesays.com\/fr\/wp-content\/uploads\/2025\/11\/samsung-galaxy-buds-3-pro-black-friday-1200x675.jpg\" alt=\"\" class=\"wp-image-2877371 wp-image\"  \/><\/a><\/p>\n<ul class=\"wp-block-list\">\n<li>Une autonomie qui monte jusqu\u2019\u00e0 8h sans ANC<\/li>\n<li>Ils sont tr\u00e8s confortables et ergonomiques<\/li>\n<li>L\u2019audio 360 et la qualit\u00e9 du son en g\u00e9n\u00e9ral<\/li>\n<\/ul>\n<p>Lanc\u00e9s \u00e0 249,99 euros, les Samsung Galaxy Buds 3 Pro sont aujourd\u2019hui disponibles en promotion\u00a0\u00e0 179,99 euros sur Amazon, mais en appliquant le coupon de 30 euros, <a href=\"https:\/\/shop.frandroid.com\/we111hiq\" target=\"_blank\" rel=\"noreferrer noopener affiliate nofollow\" data-gtm=\"{&quot;event&quot;:&quot;afficlic&quot;,&quot;nom_marchand&quot;:&quot;amazon_fr&quot;,&quot;nom_produit&quot;:&quot;inconnu&quot;,&quot;categorie_produit&quot;:&quot;inconnu&quot;,&quot;module_produit&quot;:&quot;editolink&quot;,&quot;position_marchand&quot;:0,&quot;texte&quot;:&quot;ils-reviennent-a-seulement-149-99-euros&quot;,&quot;offer_url&quot;:&quot;https:\/\/shop.frandroid.com\/we111hiq&quot;,&quot;zone&quot;:&quot;contenu-page&quot;}\">ils reviennent \u00e0 seulement 149,99 euros.<\/a><\/p>\n<p>En cette p\u00e9riode de Black Friday Week, la Fnac baisse le prix de son pack contenant le DJI Avata 2, le casque Goggles 3 et le stabilisateur RC Motion 3. Un lot id\u00e9al pour les amateurs de vols immersifs. <\/p>\n<p><a href=\"https:\/\/images.frandroid.com\/wp-content\/uploads\/2025\/11\/copie-de-blackfriday-frandroid-solo-7.jpg\" target=\"_blank\" class=\"article-content__figure\" rel=\"noopener\"><img loading=\"lazy\" decoding=\"async\" width=\"1200\" height=\"675\" src=\"https:\/\/www.europesays.com\/fr\/wp-content\/uploads\/2025\/11\/copie-de-blackfriday-frandroid-solo-7-1200x675.jpg\" alt=\"Avata II BF\" class=\"wp-image-2876575 wp-image\"  \/><\/a><\/p>\n<ul class=\"wp-block-list\">\n<li>Une captation en 4K \u00e0 60 images par seconde<\/li>\n<li>Le casque Goggles 3 pour avoir les yeux en face des trous<\/li>\n<li>Un mode sport pour un rendu le plus dynamique possible<\/li>\n<\/ul>\n<p>Au lieu de 999 euros, ce pack DJI Avata 2 est aujourd\u2019hui disponible \u00e0<a href=\"https:\/\/shop.frandroid.com\/2nw7qw9x\" target=\"_blank\" rel=\"noreferrer noopener affiliate nofollow\" data-gtm=\"{&quot;event&quot;:&quot;afficlic&quot;,&quot;nom_marchand&quot;:&quot;fnac&quot;,&quot;nom_produit&quot;:&quot;inconnu&quot;,&quot;categorie_produit&quot;:&quot;inconnu&quot;,&quot;module_produit&quot;:&quot;editolink&quot;,&quot;position_marchand&quot;:0,&quot;texte&quot;:&quot;849-euros-au-lieu-de-999-euros&quot;,&quot;offer_url&quot;:&quot;https:\/\/shop.frandroid.com\/2nw7qw9x&quot;,&quot;zone&quot;:&quot;contenu-page&quot;}\"> 839 euros<\/a> \u00e0 la Fnac.<\/p>\n<p>Sortie il y a \u00e0 peine trois semaines, Amazon veut mettre en avant sa nouvelle Echo Dot Max et utilise cette Black Friday Week pour cela. <\/p>\n<p><a href=\"https:\/\/images.frandroid.com\/wp-content\/uploads\/2025\/11\/copie-de-blackfriday-frandroid-solo-4.jpg\" target=\"_blank\" class=\"article-content__figure\" rel=\"noopener\"><img loading=\"lazy\" decoding=\"async\" width=\"1200\" height=\"675\" src=\"https:\/\/www.europesays.com\/fr\/wp-content\/uploads\/2025\/11\/copie-de-blackfriday-frandroid-solo-4-1200x675.jpg\" alt=\"Amazon Echot Dot Max BF\" class=\"wp-image-2876207 wp-image\"  \/><\/a><\/p>\n<ul class=\"wp-block-list\">\n<li>Un son qui s\u2019adapte \u00e0 votre pi\u00e8ce<\/li>\n<li>La compatibilit\u00e9 avec les appareils Fire TV<\/li>\n<li>La pr\u00e9sence d\u2019Alexa pour en faire un v\u00e9ritable alli\u00e9 du quotidien<\/li>\n<\/ul>\n<p>Sortie \u00e0 109 euros, l\u2019Amazon Echo Dot Max conna\u00eet d\u00e9j\u00e0 une premi\u00e8re promotion et affiche un prix de <a href=\"https:\/\/shop.frandroid.com\/aj4jyfb4\" target=\"_blank\" rel=\"noreferrer noopener affiliate nofollow\" data-gtm=\"{&quot;event&quot;:&quot;afficlic&quot;,&quot;nom_marchand&quot;:&quot;amazon_fr&quot;,&quot;nom_produit&quot;:&quot;inconnu&quot;,&quot;categorie_produit&quot;:&quot;inconnu&quot;,&quot;module_produit&quot;:&quot;editolink&quot;,&quot;position_marchand&quot;:0,&quot;texte&quot;:&quot;109-euros-a-99-euros&quot;,&quot;offer_url&quot;:&quot;https:\/\/shop.frandroid.com\/aj4jyfb4&quot;,&quot;zone&quot;:&quot;contenu-page&quot;}\">99 euros<\/a> durant cette Black Friday Week.<\/p>\n<p>Commercialis\u00e9 depuis la fin du mois de septembre, le Sony Xperia 10 VII est celui du changement pour la marque. Cette derni\u00e8re a en effet rattrap\u00e9 son retard par rapport \u00e0 la concurrence et a enfin d\u00e9cid\u00e9 de r\u00e9pondre aux codes du march\u00e9 sur certains aspects : module photo horizontal et non plus vertical, \u00e9cran enfin rafra\u00eechi \u00e0 120 Hz, format allong\u00e9 21:9 abandonn\u00e9, puce plus moderne\u2026 <\/p>\n<p><a href=\"https:\/\/images.frandroid.com\/wp-content\/uploads\/2025\/11\/sony-xperia-10-vii-black-friday-2025.jpg\" target=\"_blank\" class=\"article-content__figure\" rel=\"noopener\"><img loading=\"lazy\" decoding=\"async\" width=\"1200\" height=\"675\" src=\"https:\/\/www.europesays.com\/fr\/wp-content\/uploads\/2025\/11\/sony-xperia-10-vii-black-friday-2025-1200x675.jpg\" alt=\"\" class=\"wp-image-2876173 wp-image\"  \/><\/a><\/p>\n<ul class=\"wp-block-list\">\n<li>Un \u00e9cran OLED de 6,1 pouces + 120 Hz<\/li>\n<li>Une puce Snapdragon 6 Gen 3<\/li>\n<li>Android 15 avec 4 ans de mises \u00e0 jour majeures + 6 ans de patchs de s\u00e9curit\u00e9<\/li>\n<\/ul>\n<p>Initialement affich\u00e9 \u00e0 449 euros, le Sony Xperia 10 VII est aujourd\u2019hui <a href=\"https:\/\/shop.frandroid.com\/sllk2zgt\" target=\"_blank\" rel=\"noreferrer noopener affiliate nofollow\" data-gtm=\"{&quot;event&quot;:&quot;afficlic&quot;,&quot;nom_marchand&quot;:&quot;amazon_fr&quot;,&quot;nom_produit&quot;:&quot;inconnu&quot;,&quot;categorie_produit&quot;:&quot;inconnu&quot;,&quot;module_produit&quot;:&quot;editolink&quot;,&quot;position_marchand&quot;:0,&quot;texte&quot;:&quot;disponible-en-promotion-a-379-euros-sur-amazon&quot;,&quot;offer_url&quot;:&quot;https:\/\/shop.frandroid.com\/sllk2zgt&quot;,&quot;zone&quot;:&quot;contenu-page&quot;}\">disponible en promotion \u00e0 379 euros sur Amazon<\/a>.<\/p>\n<p>\u00c0 l\u2019approche des f\u00eates de fin d\u2019ann\u00e9e, vous allez, peut-\u00eatre, vouloir sortir votre appareil photo pour capter des instants qui seront certainement inoubliables. Pour pouvoir enregistrer sans crainte d\u2019\u00eatre \u00e0 court de place, vous pouvez compter sur la Samsung MicroSDXC PRO Plus avec ses 1 To de stockage ! <\/p>\n<p><a href=\"https:\/\/images.frandroid.com\/wp-content\/uploads\/2025\/11\/copie-de-blackfriday-frandroid-solo-2.jpg\" target=\"_blank\" class=\"article-content__figure\" rel=\"noopener\"><img loading=\"lazy\" decoding=\"async\" width=\"1200\" height=\"675\" src=\"https:\/\/www.europesays.com\/fr\/wp-content\/uploads\/2025\/11\/copie-de-blackfriday-frandroid-solo-2-1200x675.jpg\" alt=\"MicroSD Samsung\" class=\"wp-image-2875553 wp-image\"  \/><\/a><\/p>\n<ul class=\"wp-block-list\">\n<li>Une compatibilit\u00e9 \u00e0 toute \u00e9preuve de l\u2019appareil photo \u00e0 la console de jeux vid\u00e9o en passant par les drones<\/li>\n<li>Ses 1 To de stockage pour pouvoir continuer \u00e0 enregistrer sans s\u2019inqui\u00e9ter<\/li>\n<li>Une vitesse d\u2019\u00e9criture de 130 MB\/s pour capter des images en 4K<\/li>\n<\/ul>\n<p>Au lieu de 179,99 euros, la Samsung MicroSDXC, PRO Plus est disponible <a href=\"https:\/\/shop.frandroid.com\/rgtzjo2y\" target=\"_blank\" rel=\"noreferrer noopener affiliate nofollow\">en promotion \u00e0 75,99 euros sur Amazon<\/a>.<\/p>\n<p>Id\u00e9al pour la bureautique, mais aussi pour quelques parties de jeux pendant vos pauses, le LG Gram Pro 17 est aussi et surtout un PC portable hyper l\u00e9ger et fin, en ce moment \u00e0 -20 % !<\/p>\n<p><a href=\"https:\/\/images.frandroid.com\/wp-content\/uploads\/2025\/11\/lg-gram-pro-black-friday-2025.jpg\" target=\"_blank\" class=\"article-content__figure\" rel=\"noopener\"><img loading=\"lazy\" decoding=\"async\" width=\"1200\" height=\"675\" src=\"https:\/\/www.europesays.com\/fr\/wp-content\/uploads\/2025\/11\/lg-gram-pro-black-friday-2025-1200x675.jpg\" alt=\"\" class=\"wp-image-2876525 wp-image\"  \/><\/a><\/p>\n<ul class=\"wp-block-list\">\n<li>Une grande dalle IPS QHD+ de 17 pouces<\/li>\n<li>Un combo Intel Core Ultra 7 + 32 Go de RAM + RTX 5050<\/li>\n<li>Un SSD de 2 To<\/li>\n<\/ul>\n<p>Auparavant affich\u00e9 \u00e0 2 729 euros, le LG Gram Pro 17 est aujourd\u2019hui <a href=\"https:\/\/shop.frandroid.com\/81c0papv\" target=\"_blank\" rel=\"noreferrer noopener affiliate nofollow\" data-gtm=\"{&quot;event&quot;:&quot;afficlic&quot;,&quot;nom_marchand&quot;:&quot;amazon_fr&quot;,&quot;nom_produit&quot;:&quot;inconnu&quot;,&quot;categorie_produit&quot;:&quot;inconnu&quot;,&quot;module_produit&quot;:&quot;editolink&quot;,&quot;position_marchand&quot;:0,&quot;texte&quot;:&quot;disponible-en-promotion-a-2-179-euros-sur-amazon&quot;,&quot;offer_url&quot;:&quot;https:\/\/shop.frandroid.com\/81c0papv&quot;,&quot;zone&quot;:&quot;contenu-page&quot;}\">disponible en promotion \u00e0 2 179 euros sur Amazon<\/a>.<\/p>\n<p>Qui dit f\u00eates de fin d\u2019ann\u00e9e, dit films de No\u00ebl. Pour les savourer dans les meilleures conditions, Amazon profite de cette Black Friday Week pour casser le prix du Xiaomi F Pro 75. En effet, ce t\u00e9l\u00e9viseur g\u00e9ant <a href=\"https:\/\/shop.frandroid.com\/m19wcc7n\" target=\"_blank\" rel=\"noreferrer noopener affiliate nofollow\" data-gtm=\"{&quot;event&quot;:&quot;afficlic&quot;,&quot;nom_marchand&quot;:&quot;amazon_fr&quot;,&quot;nom_produit&quot;:&quot;inconnu&quot;,&quot;categorie_produit&quot;:&quot;inconnu&quot;,&quot;module_produit&quot;:&quot;editolink&quot;,&quot;position_marchand&quot;:0,&quot;texte&quot;:&quot;perd-50-de-son-prix&quot;,&quot;offer_url&quot;:&quot;https:\/\/shop.frandroid.com\/m19wcc7n&quot;,&quot;zone&quot;:&quot;contenu-page&quot;}\">perd 50 % de son prix de base<\/a>. <\/p>\n<p><a href=\"https:\/\/images.frandroid.com\/wp-content\/uploads\/2025\/11\/copie-de-blackfriday-frandroid-solo-3.jpg\" target=\"_blank\" class=\"article-content__figure\" rel=\"noopener\"><img loading=\"lazy\" decoding=\"async\" width=\"1200\" height=\"675\" src=\"https:\/\/www.europesays.com\/fr\/wp-content\/uploads\/2025\/11\/copie-de-blackfriday-frandroid-solo-3-1200x675.jpg\" alt=\"Xiaomi TV Black Friday\" class=\"wp-image-2875749 wp-image\"  \/><\/a><\/p>\n<ul class=\"wp-block-list\">\n<li>Un design \u00e9pur\u00e9 avec une dalle 4K QLED de 75 pouces<\/li>\n<li>Un mode Filmmaker pour un rendu cin\u00e9ma convaincant<\/li>\n<li>L\u2019int\u00e9gration de l\u2019\u00e9cosyst\u00e8me d\u2019Amazon gr\u00e2ce \u00e0 la Fire TV<\/li>\n<\/ul>\n<p>Au lieu de 999 euros, le TV Xiaomi F Pro 75 est aujourd\u2019hui disponible <a href=\"https:\/\/shop.frandroid.com\/m19wcc7n\" target=\"_blank\" rel=\"noreferrer noopener affiliate nofollow\">\u00e0 seulement 499 euros chez Amazon<\/a>.<\/p>\n<p>Le Galaxy Z Fold 7, c\u2019est la derni\u00e8re vitrine technologique de Samsung, un petit chef-d\u2019\u0153uvre d\u2019ing\u00e9nierie\u2026 vendu \u00e0 un tarif qui, lui, fr\u00f4le l\u2019ind\u00e9cent. Lors de sa sortie en ao\u00fbt, notre verdict \u00e9tait limpide : ne surtout pas l\u2019acheter plein pot, malgr\u00e9 un bon 8\/10 d\u00e9croch\u00e9 \u00e0 l\u2019issue de nos tests.<\/p>\n<p><a href=\"https:\/\/images.frandroid.com\/wp-content\/uploads\/2025\/11\/samsung-galaxy-z-fold-7-black-friday-frandroid.jpg\" target=\"_blank\" class=\"article-content__figure\" rel=\"noopener\"><img loading=\"lazy\" decoding=\"async\" width=\"1200\" height=\"675\" src=\"https:\/\/www.europesays.com\/fr\/wp-content\/uploads\/2025\/11\/samsung-galaxy-z-fold-7-black-friday-frandroid-1200x675.jpg\" alt=\"\" class=\"wp-image-2876457 wp-image\"  \/><\/a><\/p>\n<ul class=\"wp-block-list\">\n<li>Une finesse de 4,2 mm quand il est d\u00e9pli\u00e9, seul le <a href=\"https:\/\/www.frandroid.com\/marques\/honor\/2769107_test-du-honor-magic-v5-grandes-qualites-petits-defauts-et-belle-bataille\" target=\"_blank\" rel=\"noopener\">Honor Magic V5<\/a> fait mieux (avec 4,1 mm)<\/li>\n<li>Un duo d\u2019\u00e9cran AMOLED luminieux et fluide<\/li>\n<li>Une bonne autonomie<\/li>\n<\/ul>\n<p>Au lieu de 2 099 euros, le Samsung Galaxy Z Fold 7 est <a href=\"https:\/\/shop.frandroid.com\/d1mlme11\" target=\"_blank\" rel=\"noreferrer noopener affiliate nofollow\" data-gtm=\"{&quot;event&quot;:&quot;afficlic&quot;,&quot;nom_marchand&quot;:&quot;fnac&quot;,&quot;nom_produit&quot;:&quot;inconnu&quot;,&quot;categorie_produit&quot;:&quot;inconnu&quot;,&quot;module_produit&quot;:&quot;editolink&quot;,&quot;position_marchand&quot;:0,&quot;texte&quot;:&quot;aujourd-hui-disponible-en-promotion-a-1-499-euros-sur-la-fnac&quot;,&quot;offer_url&quot;:&quot;https:\/\/shop.frandroid.com\/d1mlme11&quot;,&quot;zone&quot;:&quot;contenu-page&quot;}\">aujourd\u2019hui disponible en promotion \u00e0 1 499 euros sur la Fnac<\/a>, ainsi <a href=\"https:\/\/shop.frandroid.com\/wu05j8wv\" data-type=\"link\" data-id=\"https:\/\/www.darty.com\/nav\/achat\/gps_communication\/telephone_mobile\/telephone_portable\/samsung_z_fold7_256go_black.html\" target=\"_blank\" rel=\"noreferrer noopener affiliate nofollow\" data-gtm=\"{&quot;event&quot;:&quot;afficlic&quot;,&quot;nom_marchand&quot;:&quot;darty&quot;,&quot;nom_produit&quot;:&quot;inconnu&quot;,&quot;categorie_produit&quot;:&quot;inconnu&quot;,&quot;module_produit&quot;:&quot;editolink&quot;,&quot;position_marchand&quot;:0,&quot;texte&quot;:&quot;que-sur-darty&quot;,&quot;offer_url&quot;:&quot;https:\/\/shop.frandroid.com\/wu05j8wv&quot;,&quot;zone&quot;:&quot;contenu-page&quot;}\">que sur Darty<\/a>.<\/p>\n<p>M\u00eame si on n\u2019y conna\u00eet absolument rien en VPN, on a forc\u00e9ment entendu un jour ou l\u2019autre parler de NordVPN. Le fournisseur s\u2019impose comme l\u2019un des leaders du march\u00e9 et combine un service d\u2019excellente qualit\u00e9 avec une politique de confidentialit\u00e9 des plus solides. Et pour les n\u00e9ophytes, il est simple d\u2019utilisation. <a href=\"https:\/\/www.frandroid.com\/services\/vpn\/700419_nordvpn-notre-avis-complet\" data-type=\"link\" data-id=\"https:\/\/www.frandroid.com\/services\/vpn\/700419_nordvpn-notre-avis-complet\" target=\"_blank\" rel=\"noopener\">Nous le recommandons les yeux ferm\u00e9s<\/a>.<\/p>\n<p><a href=\"https:\/\/images.frandroid.com\/wp-content\/uploads\/2025\/11\/nordvpn.jpg\" target=\"_blank\" class=\"article-content__figure\" rel=\"noopener\"><img loading=\"lazy\" decoding=\"async\" width=\"1200\" height=\"675\" src=\"https:\/\/www.europesays.com\/fr\/wp-content\/uploads\/2025\/11\/nordvpn-1200x675.jpg\" alt=\"\" class=\"wp-image-2875767 wp-image\"  \/><\/a><\/p>\n<p>Pendant le Black Friday, <a href=\"https:\/\/shop.frandroid.com\/nordvpn\" data-type=\"link\" data-id=\"https:\/\/nordvpn.com\/fr\/pricing\/\" target=\"_blank\" rel=\"noreferrer noopener affiliate nofollow\" data-gtm=\"{&quot;event&quot;:&quot;afficlic&quot;,&quot;nom_marchand&quot;:&quot;nord_vpn&quot;,&quot;nom_produit&quot;:&quot;inconnu&quot;,&quot;categorie_produit&quot;:&quot;inconnu&quot;,&quot;module_produit&quot;:&quot;editolink&quot;,&quot;position_marchand&quot;:0,&quot;texte&quot;:&quot;nord-vpn-applique-une-reduction-de-74-sur-ses-abonnements&quot;,&quot;offer_url&quot;:&quot;https:\/\/shop.frandroid.com\/nordvpn&quot;,&quot;zone&quot;:&quot;contenu-page&quot;}\">NordVPN applique une r\u00e9duction de 74 % sur ses abonnements<\/a> de deux ans :<\/p>\n<ul class=\"wp-block-list\">\n<li>NordVPN Basique : <strong>2,99 euros par mois<\/strong> (+3 mois offerts)<\/li>\n<li>NordVPN Plus : <strong>3,89 euros par mois<\/strong> (+3 mois offerts)<\/li>\n<li>NordVPN Ultime : <strong>6,39 euros par mois<\/strong> (+3 mois offerts)<\/li>\n<\/ul>\n<p>Pour l\u2019occasion de la Black Friday Week, le g\u00e9ant am\u00e9ricain Amazon brade de nombreux produits Tech, notamment sur ses produits Echo, Blink, Kindle et Fire, les rendant particuli\u00e8rement int\u00e9ressants.\u00a0<\/p>\n<p><a href=\"https:\/\/images.frandroid.com\/wp-content\/uploads\/2025\/11\/amazon-selec-black-friday.jpg\" target=\"_blank\" class=\"article-content__figure\" rel=\"noopener\"><img loading=\"lazy\" decoding=\"async\" width=\"1200\" height=\"675\" src=\"https:\/\/www.europesays.com\/fr\/wp-content\/uploads\/2025\/11\/amazon-selec-black-friday-1200x675.jpg\" alt=\"\" class=\"wp-image-2876971 wp-image\"  \/><\/a><\/p>\n<p>Le <a href=\"https:\/\/www.frandroid.com\/marques\/samsung\/2545269_test-du-samsung-galaxy-a56-un-bon-smartphone-qui-a-oublie-detre-different#conclusion\" target=\"_blank\" rel=\"noopener\">Galaxy A56<\/a>, not\u00e9 8\/10, incarne le milieu de gamme par excellence. Il est parfait pour les personnes qui cherchent un t\u00e9l\u00e9phone \u00e9quilibr\u00e9 et pas trop cher. Ses points forts : un grand \u00e9cran Amoled de 6,7 pouces en 120 Hz, ainsi que OneUI et six ans de mises \u00e0 jour logicielles.<\/p>\n<p><a href=\"https:\/\/images.frandroid.com\/wp-content\/uploads\/2025\/11\/galaxy-a56-black-week.jpg\" target=\"_blank\" class=\"article-content__figure\" rel=\"noopener\"><img loading=\"lazy\" decoding=\"async\" width=\"1200\" height=\"675\" src=\"https:\/\/www.europesays.com\/fr\/wp-content\/uploads\/2025\/11\/galaxy-a56-black-week-1200x675.jpg\" alt=\"\" class=\"wp-image-2876431 wp-image\"  \/><\/a><\/p>\n<ul class=\"wp-block-list\">\n<li>Grand \u00e9cran tr\u00e8s lumineux<\/li>\n<\/ul>\n<p>La Black Week met le Galaxy A56 en promo : <a href=\"https:\/\/shop.frandroid.com\/5jno8edw\" target=\"_blank\" rel=\"noreferrer noopener affiliate nofollow\" data-gtm=\"{&quot;event&quot;:&quot;afficlic&quot;,&quot;nom_marchand&quot;:&quot;amazon_fr&quot;,&quot;nom_produit&quot;:&quot;inconnu&quot;,&quot;categorie_produit&quot;:&quot;inconnu&quot;,&quot;module_produit&quot;:&quot;editolink&quot;,&quot;position_marchand&quot;:0,&quot;texte&quot;:&quot;il-chute-a-262-10-euros&quot;,&quot;offer_url&quot;:&quot;https:\/\/shop.frandroid.com\/5jno8edw&quot;,&quot;zone&quot;:&quot;contenu-page&quot;}\">il chute \u00e0 262,10 euros<\/a> au lieu de 499 euros \u00e0 sa sortie. Attention, il est livr\u00e9 sans chargeur.<\/p>\n<p>Le Realme 14 Pro est un t\u00e9l\u00e9phone plut\u00f4t original. En plus d\u2019un design all\u00e9chant, il poss\u00e8de une belle dalle Amoled incurv\u00e9e de 6,7 pouces. Pour ne rien g\u00e2cher, son autonomie est au-dessus de la moyenne et son module photo principal fait du bon boulot.<\/p>\n<p><a href=\"https:\/\/images.frandroid.com\/wp-content\/uploads\/2025\/11\/realme-14-pro-black-week.jpg\" target=\"_blank\" class=\"article-content__figure\" rel=\"noopener\"><img loading=\"lazy\" decoding=\"async\" width=\"1200\" height=\"675\" src=\"https:\/\/www.europesays.com\/fr\/wp-content\/uploads\/2025\/11\/realme-14-pro-black-week-1200x675.jpg\" alt=\"\" class=\"wp-image-2876553 wp-image\"  \/><\/a><\/p>\n<ul class=\"wp-block-list\">\n<li>Bon appareil photo Sony OIS 50 Mpx<\/li>\n<li>\u00c9tanche\u00a0: IP69<\/li>\n<li>La coque change de couleur selon la temp\u00e9rature<\/li>\n<\/ul>\n<p>Au lieu de 499 euros \u00e0 sa sortie, il est <a href=\"https:\/\/shop.frandroid.com\/ws2oj04z\" target=\"_blank\" rel=\"noreferrer noopener affiliate nofollow\" data-gtm=\"{&quot;event&quot;:&quot;afficlic&quot;,&quot;nom_marchand&quot;:&quot;amazon_fr&quot;,&quot;nom_produit&quot;:&quot;inconnu&quot;,&quot;categorie_produit&quot;:&quot;inconnu&quot;,&quot;module_produit&quot;:&quot;editolink&quot;,&quot;position_marchand&quot;:0,&quot;texte&quot;:&quot;realme-14-pro-5-g-a-223-39-euros-au-lieu-de-429-99-euros&quot;,&quot;offer_url&quot;:&quot;https:\/\/shop.frandroid.com\/ws2oj04z&quot;,&quot;zone&quot;:&quot;contenu-page&quot;}\">\u00e0 223,39 euros<\/a> sur Amazon pour la Black Week.<\/p>\n<p>On pourra difficilement trouver moins cher pour un smartphone en 2025. Le Moto G05 (vendu avec son chargeur) est vendu \u00e0 moins de 150 euros, avec une fiche technique pourtant honn\u00eate, comprenant un \u00e9cran de 6,67 pouces \u00e0 90Hz et une grosse batterie de 5200 mAh.<\/p>\n<p><a href=\"https:\/\/images.frandroid.com\/wp-content\/uploads\/2025\/11\/moto-g05-black-week.jpg\" target=\"_blank\" class=\"article-content__figure\" rel=\"noopener\"><img loading=\"lazy\" decoding=\"async\" width=\"1200\" height=\"675\" src=\"https:\/\/www.europesays.com\/fr\/wp-content\/uploads\/2025\/11\/moto-g05-black-week-1200x675.jpg\" alt=\"\" class=\"wp-image-2876993 wp-image\"  \/><\/a><\/p>\n<ul class=\"wp-block-list\">\n<li>4 Go + 256 Go de stockage<\/li>\n<\/ul>\n<ul class=\"wp-block-list\">\n<li>Capteur photo principal de 50 Mpx<\/li>\n<\/ul>\n<ul class=\"wp-block-list\">\n<li>Nombreux coloris tr\u00e8s sympas<\/li>\n<\/ul>\n<p>Un plan vraiment pas cher : le Moto G05 en 256 Go <a href=\"https:\/\/shop.frandroid.com\/57hkna7y\" target=\"_blank\" rel=\"noreferrer noopener affiliate nofollow\" data-gtm=\"{&quot;event&quot;:&quot;afficlic&quot;,&quot;nom_marchand&quot;:&quot;amazon_fr&quot;,&quot;nom_produit&quot;:&quot;inconnu&quot;,&quot;categorie_produit&quot;:&quot;inconnu&quot;,&quot;module_produit&quot;:&quot;editolink&quot;,&quot;position_marchand&quot;:0,&quot;texte&quot;:&quot;tombe-a-129-euros&quot;,&quot;offer_url&quot;:&quot;https:\/\/shop.frandroid.com\/57hkna7y&quot;,&quot;zone&quot;:&quot;contenu-page&quot;}\">tombe \u00e0 129 euros<\/a> au lieu de 189 euros. Il est aussi \u00e0 <a href=\"https:\/\/shop.frandroid.com\/xyoorx37\" target=\"_blank\" rel=\"noreferrer noopener affiliate nofollow\" data-gtm=\"{&quot;event&quot;:&quot;afficlic&quot;,&quot;nom_marchand&quot;:&quot;fnac&quot;,&quot;nom_produit&quot;:&quot;inconnu&quot;,&quot;categorie_produit&quot;:&quot;inconnu&quot;,&quot;module_produit&quot;:&quot;editolink&quot;,&quot;position_marchand&quot;:0,&quot;texte&quot;:&quot;la-fnac&quot;,&quot;offer_url&quot;:&quot;https:\/\/shop.frandroid.com\/xyoorx37&quot;,&quot;zone&quot;:&quot;contenu-page&quot;}\">la Fnac<\/a>. Et en 64 Go, vous le trouvez \u00e0 seulement <a href=\"https:\/\/shop.frandroid.com\/al28pu0h\" target=\"_blank\" rel=\"noreferrer noopener affiliate nofollow\" data-gtm=\"{&quot;event&quot;:&quot;afficlic&quot;,&quot;nom_marchand&quot;:&quot;amazon_fr&quot;,&quot;nom_produit&quot;:&quot;inconnu&quot;,&quot;categorie_produit&quot;:&quot;inconnu&quot;,&quot;module_produit&quot;:&quot;editolink&quot;,&quot;position_marchand&quot;:0,&quot;texte&quot;:&quot;109-euros&quot;,&quot;offer_url&quot;:&quot;https:\/\/shop.frandroid.com\/al28pu0h&quot;,&quot;zone&quot;:&quot;contenu-page&quot;}\">109 euros<\/a> (au lieu de 119 euros).<\/p>\n<p>Pour un PC portable orient\u00e9 gaming au bon rapport qualit\u00e9\/prix, l\u2019Acer Nitro V 15 est une bonne option. Le ch\u00e2ssis est d\u00e9j\u00e0 de tr\u00e8s bonne facture et dispose d\u2019une connectivit\u00e9 compl\u00e8te. L\u2019\u00e9cran est aussi de qualit\u00e9 avec un rafra\u00eechissement allant jusqu\u2019\u00e0 180 Hz. Les configurations sont articul\u00e9es autour des nouvelles RTX mobiles et d\u2019un CPU Intel. La bonne gestion de chaleur permet au PC d\u2019\u00eatre coh\u00e9rent sur des sessions de jeu.<\/p>\n<p><a href=\"https:\/\/images.frandroid.com\/wp-content\/uploads\/2025\/11\/acer-nitro-v-15-blackfriday-frandroid-solo.jpg\" target=\"_blank\" class=\"article-content__figure\" rel=\"noopener\"><img loading=\"lazy\" decoding=\"async\" width=\"1200\" height=\"675\" src=\"https:\/\/www.europesays.com\/fr\/wp-content\/uploads\/2025\/11\/acer-nitro-v-15-blackfriday-frandroid-solo-1200x675.jpg\" alt=\"\" class=\"wp-image-2876069 wp-image\"  \/><\/a><\/p>\n<ul class=\"wp-block-list\">\n<li>Une construction de qualit\u00e9<\/li>\n<\/ul>\n<ul class=\"wp-block-list\">\n<li>Les tr\u00e8s bonnes performances en jeu<\/li>\n<\/ul>\n<p>Pendant le lancement des offres de la Black Week, plusieurs configurations du PC portable gaming sont mises en promotion. <a href=\"https:\/\/shop.frandroid.com\/pn20c11j\" target=\"_blank\" rel=\"noreferrer noopener affiliate nofollow\" data-gtm=\"{&quot;event&quot;:&quot;afficlic&quot;,&quot;nom_marchand&quot;:&quot;amazon_fr&quot;,&quot;nom_produit&quot;:&quot;inconnu&quot;,&quot;categorie_produit&quot;:&quot;inconnu&quot;,&quot;module_produit&quot;:&quot;editolink&quot;,&quot;position_marchand&quot;:0,&quot;texte&quot;:&quot;l-acer-nitro-v-15-articule-autour-de-la-rtx-5050-avec-intel-core-i7-est-a-849-euros-au-lieu-de-1299-euros&quot;,&quot;offer_url&quot;:&quot;https:\/\/shop.frandroid.com\/pn20c11j&quot;,&quot;zone&quot;:&quot;contenu-page&quot;}\">L\u2019Acer Nitro V 15 articul\u00e9 autour de la RTX 5050 avec Intel Core i7 est \u00e0 849 euros au lieu de 1299 euros<\/a>. Si vous \u00eates \u00e0 la recherche d\u2019une configuration plus p\u00eachue, <a href=\"https:\/\/shop.frandroid.com\/b92nlbob\" target=\"_blank\" rel=\"noreferrer noopener affiliate nofollow\" data-gtm=\"{&quot;event&quot;:&quot;afficlic&quot;,&quot;nom_marchand&quot;:&quot;amazon_fr&quot;,&quot;nom_produit&quot;:&quot;inconnu&quot;,&quot;categorie_produit&quot;:&quot;inconnu&quot;,&quot;module_produit&quot;:&quot;editolink&quot;,&quot;position_marchand&quot;:0,&quot;texte&quot;:&quot;l-acer-nitro-v-15-avec-rtx-5060-est-a-899-euros-contre-1399-euros&quot;,&quot;offer_url&quot;:&quot;https:\/\/shop.frandroid.com\/b92nlbob&quot;,&quot;zone&quot;:&quot;contenu-page&quot;}\">l\u2019Acer Nitro V 15 avec RTX 5060 est \u00e0 949 euros contre 1399 euros<\/a>.<\/p>\n<p>Le<a href=\"https:\/\/www.frandroid.com\/produits\/smartphones\/google\/2754909-google-pixel-10\" target=\"_blank\" rel=\"noopener\"> Google 10<\/a> \u00e0 de belles choses \u00e0 offrir : un zoom optique x5, un Tensor G5 optimis\u00e9, une meilleure batterie et la promesse de 7 ans de mises \u00e0 jour. Int\u00e9ress\u00e9 ? Il peut vous revenir \u00e0 moins de 600 euros gr\u00e2ce \u00e0 cette offre pr\u00e9-Black Friday.<\/p>\n<p><a href=\"https:\/\/images.frandroid.com\/wp-content\/uploads\/2025\/10\/google-pixel-10-pre-black-friday-frandroid.jpg\" target=\"_blank\" class=\"article-content__figure\" rel=\"noopener\"><img loading=\"lazy\" decoding=\"async\" width=\"1200\" height=\"675\" src=\"https:\/\/www.europesays.com\/fr\/wp-content\/uploads\/2025\/11\/1763630892_264_google-pixel-10-pre-black-friday-frandroid-1200x675.jpg\" alt=\"\" class=\"wp-image-2849057 wp-image\"  \/><\/a><\/p>\n<ul class=\"wp-block-list\">\n<li>Un \u00e9cran tr\u00e8s tr\u00e8s lumineux et une autonomie en hausse<\/li>\n<li>Le Tensor G5 bien optimis\u00e9 et efficace<\/li>\n<li>La pr\u00e9sence d\u2019un t\u00e9l\u00e9objectif x5\u00a0<\/li>\n<\/ul>\n<p>Initialement \u00e0 899 euros, le Google Pixel 10 est <a href=\"https:\/\/shop.frandroid.com\/tdd9vi1w\" target=\"_blank\" rel=\"noreferrer noopener affiliate nofollow\" data-gtm=\"{&quot;event&quot;:&quot;afficlic&quot;,&quot;nom_marchand&quot;:&quot;amazon_fr&quot;,&quot;nom_produit&quot;:&quot;inconnu&quot;,&quot;categorie_produit&quot;:&quot;inconnu&quot;,&quot;module_produit&quot;:&quot;editolink&quot;,&quot;position_marchand&quot;:0,&quot;texte&quot;:&quot;aujourd-hui-en-promotion-a-639-euros-chez-amazon&quot;,&quot;offer_url&quot;:&quot;https:\/\/shop.frandroid.com\/tdd9vi1w&quot;,&quot;zone&quot;:&quot;contenu-page&quot;}\">aujourd\u2019hui en promotion \u00e0 639 euros chez Amazon<\/a>, \u00e9ligible en plus au <a href=\"https:\/\/shop.frandroid.com\/d70tvnvz\" target=\"_blank\" rel=\"noreferrer noopener affiliate nofollow\" data-gtm=\"{&quot;event&quot;:&quot;afficlic&quot;,&quot;nom_marchand&quot;:&quot;amazon_fr&quot;,&quot;nom_produit&quot;:&quot;inconnu&quot;,&quot;categorie_produit&quot;:&quot;inconnu&quot;,&quot;module_produit&quot;:&quot;editolink&quot;,&quot;position_marchand&quot;:0,&quot;texte&quot;:&quot;le-bonus-de-reprise&quot;,&quot;offer_url&quot;:&quot;https:\/\/shop.frandroid.com\/d70tvnvz&quot;,&quot;zone&quot;:&quot;contenu-page&quot;}\">bonus de reprise<\/a> de 100 euros. Cela permet d\u2019en profiter \u00e0 539 euros via ce bonus, une excellente offre pour ce smartphone tr\u00e8s r\u00e9cent.<\/p>\n<p>Le dongle HDMI de Google, le Chromecast, est maintenant de l\u2019histoire ancienne. La firme de Mountain View propose \u00e0 pr\u00e9sent <a href=\"https:\/\/www.frandroid.com\/marques\/google\/2348638_le-nouveau-google-tv-streamer-est-desormais-disponible-en-france\" target=\"_blank\" rel=\"noopener\">le Google TV Streamer 4K<\/a>, une\u00a0box TV\u00a0plus \u00ab\u00a0premium\u00a0\u00bb avec des fonctionnalit\u00e9s plus avanc\u00e9es pour concurrencer les appareils haut de gamme comme l\u2019<a href=\"https:\/\/www.frandroid.com\/marques\/apple\/1560770_test-apple-tv-4k-2022\" target=\"_blank\" rel=\"noopener\">Apple TV 4K<\/a>\u00a0et la\u00a0<a href=\"https:\/\/www.frandroid.com\/marques\/nvidia\/635316_test-nvidia-shield-tv-2019\" target=\"_blank\" rel=\"noopener\">Nvidia Shield<\/a>.<\/p>\n<p><a href=\"https:\/\/images.frandroid.com\/wp-content\/uploads\/2025\/11\/google-tv-streamer-pre-black-friday.jpg\" target=\"_blank\" class=\"article-content__figure\" rel=\"noopener\"><img loading=\"lazy\" decoding=\"async\" width=\"1200\" height=\"675\" src=\"https:\/\/www.europesays.com\/fr\/wp-content\/uploads\/2025\/11\/1763630894_83_google-tv-streamer-pre-black-friday-1200x675.jpg\" alt=\"\" class=\"wp-image-2868921 wp-image\"  \/><\/a><\/p>\n<ul class=\"wp-block-list\">\n<li>Un bo\u00eetier \u00e9l\u00e9gant et minimaliste<\/li>\n<li>Compatible 4K,\u00a0HLG, HDR10, HDR10+ et Dolby Vision<\/li>\n<li>L\u2019interface Google TV<\/li>\n<\/ul>\n<p>Lanc\u00e9 \u00e0 119\u00a0euros, le Google TV Streamer 4K est en ce moment <a href=\"https:\/\/shop.frandroid.com\/itm0apf5\" target=\"_blank\" rel=\"noreferrer noopener affiliate nofollow\">remis\u00e9 \u00e0 89 euros sur Amazon<\/a>.<\/p>\n<p>La s\u00e9rie C des TV OLED de LG est souvent l\u2019option la plus int\u00e9ressante pour go\u00fbter au savoir faire de la marque. C\u2019est l\u2019\u00e9quilibre entre performance et accessibilit\u00e9. Aujourd\u2019hui, il est possible d\u2019en profiter pour moins de 900 euros. <\/p>\n<p><a href=\"https:\/\/images.frandroid.com\/wp-content\/uploads\/2025\/10\/lg-oled-55c5-pre-black-friday.jpg\" target=\"_blank\" class=\"article-content__figure\" rel=\"noopener\"><img loading=\"lazy\" decoding=\"async\" width=\"1200\" height=\"675\" src=\"https:\/\/www.europesays.com\/fr\/wp-content\/uploads\/2025\/11\/1763630897_132_lg-oled-55c5-pre-black-friday-1200x675.jpg\" alt=\"\" class=\"wp-image-2860997 wp-image\"  \/><\/a><\/p>\n<ul class=\"wp-block-list\">\n<li>Une dalle White-OLED Evo de 55 pouces<\/li>\n<li>Sa compatibilit\u00e9 avec les normes HLG, HDR10, Dolby Vision et Dolby Vision IQ<\/li>\n<li>Les performances gaming<\/li>\n<\/ul>\n<p>Lanc\u00e9 \u00e0 1 999 euros, <a href=\"https:\/\/shop.frandroid.com\/7wwwlca1\" target=\"_blank\" rel=\"noreferrer noopener affiliate nofollow\">le LG OLED55C5 2025 est en promotion \u00e0 990 euros chez Son-Vid\u00e9o<\/a>.<\/p>\n<p>Voici les codes promos utilisables pendant la Black Friday Week<\/p>\n<p>AliExpress<\/p>\n<ul class=\"wp-block-list\">\n<li>3 euros de remise d\u00e8s 18 euros d\u2019achat avec le code <strong>FRBF03<\/strong><\/li>\n<li>4 euros de remise d\u00e8s 26 euros d\u2019achat avec le code <strong>FRBF04<\/strong><\/li>\n<li>9 euros de remise d\u00e8s 59 euros d\u2019achat avec le code <strong>FRBF09<\/strong><\/li>\n<li>15 euros de remise d\u00e8s 89 euros d\u2019achat avec le code <strong>FRBF15<\/strong><\/li>\n<li>20 euros de remise d\u00e8s 139 euros d\u2019achat avec le code <strong>FRBF20<\/strong><\/li>\n<li>30 euros de remise d\u00e8s 209 euros d\u2019achat avec le code <strong>FRBF30<\/strong><\/li>\n<li>40 euros de remise d\u00e8s 279 euros d\u2019achat avec le code <strong>FRBF40<\/strong><\/li>\n<li>60 euros de remise d\u00e8s 369 euros d\u2019achat avec le code <strong>FRBF60<\/strong><\/li>\n<li>70 euros de remise d\u00e8s 499 euros d\u2019achat avec le code <strong>FRBF70<\/strong><\/li>\n<li>80 euros de remise d\u00e8s 589 euros d\u2019achat avec le code <strong>FRBF80<\/strong><\/li>\n<\/ul>\n<p>Les dates du Black Friday en France<\/p>\n<p>Aux \u00c9tats-Unis, les dates officielles du Black Friday sont fix\u00e9es <strong>du vendredi 28 au dimanche 30 novembre 2025 inclus<\/strong>. En France, c\u2019est un peu plus compliqu\u00e9 que \u00e7a, puisque les promotions ont commenc\u00e9 depuis le 31 octobre dernier sous le signe de l\u2019avant-premi\u00e8re.<\/p>\n<p>La traditionnelle Black Week commence d\u00e8s aujourd\u2019hui et se poursuivra jusqu\u2019\u00e0 la veille du vendredi noir. Enfin, le c\u00e9l\u00e8bre <strong><a href=\"https:\/\/www.frandroid.com\/tag\/cyber-monday\" target=\"_blank\" rel=\"noopener\">Cyber Monday<\/a><\/strong> cl\u00f4turera le tout pendant la journ\u00e9e du lundi 1\u1d49\u02b3\u00a0d\u00e9cembre.<\/p>\n<p>Quels sont les e-commer\u00e7ants participants ?<\/p>\n<p>Black Friday Week : pour ne rien rater des offres<\/p>\n<p>Le v\u00e9ritable Black Friday ne commencera que le 28 novembre prochain, mais les e-commer\u00e7ants ont d\u00e9j\u00e0 partag\u00e9 des offres en avance lors d\u2019une sorte d\u2019avant-premi\u00e8re du vendredi noir. En ce moment, Amazon lance la Black Friday Week, pour faire encore plus de bonnes affaires. Une aubaine si vous voulez anticiper vos achats de fin d\u2019ann\u00e9e.<\/p>\n<p>Si vous n\u2019avez pas trouv\u00e9 votre bonheur dans les s\u00e9lections pr\u00e9c\u00e9demment cit\u00e9es, voici ce qu\u2019il vous reste \u00e0 faire : <\/p>\n<ul class=\"wp-block-list\">\n<li>Suivez notre compte X\u00a0<a href=\"https:\/\/twitter.com\/FrandroidPromos\" target=\"_blank\" rel=\"noreferrer noopener\">@FrandroidPromos<\/a> uniquement d\u00e9di\u00e9 aux bons plans (pensez \u00e0 activer la cloche pour recevoir les notifications en temps r\u00e9el)<\/li>\n<li><a href=\"https:\/\/whatsapp.com\/channel\/0029VabYxm5LI8YhSlD8xc05\" target=\"_blank\" rel=\"noreferrer noopener\">Rejoignez notre canal WhatsApp<\/a> pour recevoir une fois par jour un condens\u00e9 des meilleures offres<\/li>\n<li>T\u00e9l\u00e9chargez notre <a href=\"https:\/\/www.frandroid.com\/telecharger\/apps\/frandroid\" target=\"_blank\" rel=\"noreferrer noopener\">application Frandroid<\/a> (disponible sur iOS et Android) pour activer les notifications de la cat\u00e9gorie \u00ab Bons Plans \u00bb et ainsi recevoir en temps r\u00e9el les nouveaux articles li\u00e9s au Black Friday 2025 at au Singles Day (11.11)<\/li>\n<li>Abonnez-vous \u00e0 notre newsletter pour \u00eatre s\u00fbr de recevoir les offres en avant-premi\u00e8re (pas plus d\u2019un mail par jour, d\u00e9sinscription en 1 clic, aucune diffusion \u00e0 des tiers) :<\/li>\n<\/ul>\n<p class=\"newsletter-form__title is-size-6 is-size-7-mobile is-uppercase has-text-good-deals has-text-weight-semibold mb-4 px-5\">Frandroid Bons plans<\/p>\n<p class=\"has-text-centered-tablet newsletter-form__subtitle is-size-4 has-text-weight-bold has-text-primary column is-9-tablet is-10-mobile\">\n                C\u2019est enregistr\u00e9 ! Surveillez votre bo\u00eete aux lettres, vous allez entendre parler de nous\u00a0!\n            <\/p>\n<p class=\"newsletter-form__subtitle is-size-4 has-text-weight-bold has-text-gradient-pink\">Ne manquez aucun bon plan avec notre newsletter<\/p>\n<p class=\"is-size-7\">\n                Les donn\u00e9es transmises par le biais de ce formulaire sont destin\u00e9es \u00e0 Humanoid,<br \/>\n                soci\u00e9t\u00e9 \u00e9ditrice du site Frandroid en sa qualit\u00e9 de responsable de traitement.<br \/>\n                Elles ne seront en aucun cas c\u00e9d\u00e9es \u00e0 des tiers. Ces donn\u00e9es sont trait\u00e9es sous r\u00e9serve d\u2019obtention de<br \/>\n                votre consentement pour vous envoyer par e-mail des actualit\u00e9s et informations relatives aux contenus<br \/>\n                \u00e9ditoriaux publi\u00e9s sur Frandroid. Vous pouvez vous opposer \u00e0 tout moment \u00e0 ces e-mails<br \/>\n                en cliquant sur les liens de d\u00e9sinscriptions pr\u00e9sents dans chacun d\u2019eux. Pour plus d\u2019informations, vous<br \/>\n                pouvez consulter l\u2019int\u00e9gralit\u00e9 de notre <a href=\"https:\/\/www.frandroid.com\/politique-donnees-personnelles\" target=\"_blank\" rel=\"noopener\"><br \/>\n                politique de traitement de vos donn\u00e9es personnelles<\/a>.<br \/>\n                Vous disposez d\u2019un droit d\u2019acc\u00e8s, de rectification, d\u2019effacement, de limitation, de portabilit\u00e9 et<br \/>\n                d\u2019opposition pour motif l\u00e9gitime aux donn\u00e9es personnelles vous concernant. Pour exercer l\u2019un de ces droits,<br \/>\n                merci d\u2019effectuer votre demande via notre <a href=\"https:\/\/www.frandroid.com\/contact\/#RGPD\" target=\"_blank\" rel=\"noopener\">formulaire<br \/>\n                de demandes d\u2019exercices de droits d\u00e9di\u00e9<\/a>.\n            <\/p>\n<p>            <script async src=\"https:\/\/platform.twitter.com\/widgets.js\" charset=\"utf-8\"><\/script><\/p>\n","protected":false},"excerpt":{"rendered":"C\u2019est le lancement de la Black Friday Week sur Amazon, mais aussi chez d\u2019autres e-commer\u00e7ants comme Fnac, Darty,&hellip;\n","protected":false},"author":2,"featured_media":546532,"comment_status":"","ping_status":"","sticky":false,"template":"","format":"standard","meta":{"footnotes":""},"categories":[2],"tags":[11,62374,1011,27,12,25,64121],"class_list":{"0":"post-546531","1":"post","2":"type-post","3":"status-publish","4":"format-standard","5":"has-post-thumbnail","7":"category-actualites","8":"tag-actualites","9":"tag-black-friday-2025","10":"tag-fr","11":"tag-france","12":"tag-news","13":"tag-republique-francaise","14":"tag-selections-black-friday"},"share_on_mastodon":{"url":"https:\/\/pubeurope.com\/@fr\/115581325228037817","error":""},"_links":{"self":[{"href":"https:\/\/www.europesays.com\/fr\/wp-json\/wp\/v2\/posts\/546531","targetHints":{"allow":["GET"]}}],"collection":[{"href":"https:\/\/www.europesays.com\/fr\/wp-json\/wp\/v2\/posts"}],"about":[{"href":"https:\/\/www.europesays.com\/fr\/wp-json\/wp\/v2\/types\/post"}],"author":[{"embeddable":true,"href":"https:\/\/www.europesays.com\/fr\/wp-json\/wp\/v2\/users\/2"}],"replies":[{"embeddable":true,"href":"https:\/\/www.europesays.com\/fr\/wp-json\/wp\/v2\/comments?post=546531"}],"version-history":[{"count":0,"href":"https:\/\/www.europesays.com\/fr\/wp-json\/wp\/v2\/posts\/546531\/revisions"}],"wp:featuredmedia":[{"embeddable":true,"href":"https:\/\/www.europesays.com\/fr\/wp-json\/wp\/v2\/media\/546532"}],"wp:attachment":[{"href":"https:\/\/www.europesays.com\/fr\/wp-json\/wp\/v2\/media?parent=546531"}],"wp:term":[{"taxonomy":"category","embeddable":true,"href":"https:\/\/www.europesays.com\/fr\/wp-json\/wp\/v2\/categories?post=546531"},{"taxonomy":"post_tag","embeddable":true,"href":"https:\/\/www.europesays.com\/fr\/wp-json\/wp\/v2\/tags?post=546531"}],"curies":[{"name":"wp","href":"https:\/\/api.w.org\/{rel}","templated":true}]}}