{"id":546533,"date":"2025-11-20T09:29:21","date_gmt":"2025-11-20T09:29:21","guid":{"rendered":"https:\/\/www.europesays.com\/fr\/546533\/"},"modified":"2025-11-20T09:29:21","modified_gmt":"2025-11-20T09:29:21","slug":"en-images-la-neige-a-fait-son-apparition-en-france-ce-jeudi","status":"publish","type":"post","link":"https:\/\/www.europesays.com\/fr\/546533\/","title":{"rendered":"EN IMAGES &#8211; La neige a fait son apparition en France ce jeudi"},"content":{"rendered":"<p>Les premiers flocons de neige de la saison sont tomb\u00e9s ce jeudi matin, principalement l&rsquo;ouest et l&rsquo;Auvergne. Les automobilistes matinaux ont du redoubl\u00e9 de vigilance, tandis que les auditeurs d&rsquo;ICI partagent leurs plus belles photos. <\/p>\n<p>Elle est en avance par rapport \u00e0 d&rsquo;habitude\u00a0: la neige a fait son apparition dans plusieurs d\u00e9partements de France ce jeudi en fin de nuit. Les d\u00e9partements de l&rsquo;ouest et de l&rsquo;Auvergne sont principalement concern\u00e9s pour l&rsquo;instant. M\u00e9t\u00e9o France a plac\u00e9 une cinquantaine de d\u00e9partements en vigilance jaune neige et verglas.<\/p>\n<p> <img decoding=\"async\" src=\"https:\/\/www.europesays.com\/fr\/wp-content\/uploads\/2025\/11\/1763630953_420_1280\" alt=\"illustration agrandir l'image\" style=\"--_image-preview:url('data:image\/jpeg;base64,\/9j\/2wBDACgcHiMeGSgjISMtKygwPGRBPDc3PHtYXUlkkYCZlo+AjIqgtObDoKrarYqMyP\/L2u71\/\/\/\/m8H\/\/\/\/6\/+b9\/\/j\/2wBDASstLTw1PHZBQXb4pYyl+Pj4+Pj4+Pj4+Pj4+Pj4+Pj4+Pj4+Pj4+Pj4+Pj4+Pj4+Pj4+Pj4+Pj4+Pj4+Pj4+Pj\/wAARCAAqACEDASIAAhEBAxEB\/8QAGAABAQEBAQAAAAAAAAAAAAAAAgABAwX\/xAAYEAEBAQEBAAAAAAAAAAAAAAAAARECEv\/EABYBAQEBAAAAAAAAAAAAAAAAAAECAP\/EABgRAQEBAQEAAAAAAAAAAAAAAAABEQIS\/9oADAMBAAIRAxEAPwD1dZqoWptDprZXKU5UeiaHUrWHoK6ULB0BPkMPmIkYkkvCVg2GxdjB5bISGBYmo4z\/2Q==');\" loading=\"lazy\" fetchpriority=\"low\" class=\"svelte-1cksh76 rounded\" onload=\"this.__e=event\" onerror=\"this.__e=event\"\/> 53 d\u00e9partements en vigilance jaune neige-verglas ou avalanches ce jeudi \u00a9 Aucun(e) &#8211; M\u00e9t\u00e9o France  <\/p>\n<p>Dans le Calvados et l&rsquo;Orne, les jardins, les routes et les toits des maisons sont recouverts d&rsquo;une fine couche de neige au r\u00e9veil. Ces premiers flocons de la saison ont \u00e9t\u00e9 immortalis\u00e9s par des auditeurs de <a class=\"IciLink ici-link IciArticleLink g-ici-body-regular-1 underline brand svelte-1chfe2s\" href=\"https:\/\/www.francebleu.fr\/infos\/meteo\/en-images-meteo-neige-et-verglas-dans-le-calvados-et-l-orne-mefiance-sur-les-routes-5523553\" rel=\"nofollow noopener\" target=\"_blank\">ICI Normandie<\/a>. Notamment \u00e0 Lisieux.<\/p>\n<p> <img decoding=\"async\" src=\"https:\/\/www.europesays.com\/fr\/wp-content\/uploads\/2025\/11\/1763630954_902_1280\" alt=\"illustration agrandir l'image\" style=\"--_image-preview:url('data:image\/jpeg;base64,\/9j\/2wBDACgcHiMeGSgjISMtKygwPGRBPDc3PHtYXUlkkYCZlo+AjIqgtObDoKrarYqMyP\/L2u71\/\/\/\/m8H\/\/\/\/6\/+b9\/\/j\/2wBDASstLTw1PHZBQXb4pYyl+Pj4+Pj4+Pj4+Pj4+Pj4+Pj4+Pj4+Pj4+Pj4+Pj4+Pj4+Pj4+Pj4+Pj4+Pj4+Pj4+Pj\/wAARCAAfACoDASIAAhEBAxEB\/8QAGAABAQEBAQAAAAAAAAAAAAAAAwECAAT\/xAAaEAEBAQEBAQEAAAAAAAAAAAAAARICEwMR\/8QAFwEBAQEBAAAAAAAAAAAAAAAAAgABA\/\/EABYRAQEBAAAAAAAAAAAAAAAAAAABEf\/aAAwDAQACEQMRAD8AWNyi\/VnR0IeVdB27Y2EfTtPP6J6DjdDp2h2s3p0E20vYb0zekjX6J6AvTOmJ\/9k=');\" loading=\"lazy\" fetchpriority=\"low\" class=\"svelte-1cksh76 rounded\" onload=\"this.__e=event\" onerror=\"this.__e=event\"\/> La neige est tomb\u00e9e \u00e0 Lisieux \u00a9 Radio France &#8211; Philippe Thomas  <\/p>\n<p>La couche de neige est un peu plus importante \u00e0 Gauville, dans l&rsquo;Orne. Comme en t\u00e9moigne cette photo du jardin de Rachel prise tr\u00e8s t\u00f4t ce jeudi matin.<\/p>\n<p> <img decoding=\"async\" src=\"https:\/\/www.europesays.com\/fr\/wp-content\/uploads\/2025\/11\/1763630955_606_1280\" alt=\"illustration agrandir l'image\" style=\"--_image-preview:url('data:image\/jpeg;base64,\/9j\/2wBDACgcHiMeGSgjISMtKygwPGRBPDc3PHtYXUlkkYCZlo+AjIqgtObDoKrarYqMyP\/L2u71\/\/\/\/m8H\/\/\/\/6\/+b9\/\/j\/2wBDASstLTw1PHZBQXb4pYyl+Pj4+Pj4+Pj4+Pj4+Pj4+Pj4+Pj4+Pj4+Pj4+Pj4+Pj4+Pj4+Pj4+Pj4+Pj4+Pj4+Pj\/wAARCAAqAB8DASIAAhEBAxEB\/8QAGQABAQADAQAAAAAAAAAAAAAAAwIABAUB\/8QAGBABAQEBAQAAAAAAAAAAAAAAAAECEhH\/xAAWAQEBAQAAAAAAAAAAAAAAAAAAAQL\/xAAUEQEAAAAAAAAAAAAAAAAAAAAA\/9oADAMBAAIRAxEAPwDmyLzF8M5RVZJKOPfUUvCblsXKNQGvYm0u4HQOjR6XUaQDsGz7Btof\/9k=');\" loading=\"lazy\" fetchpriority=\"low\" class=\"svelte-1cksh76 rounded\" onload=\"this.__e=event\" onerror=\"this.__e=event\"\/> Un jardin sous la neige \u00e0 Gauville, dans l&rsquo;Orne \u00a9 Aucun(e) &#8211; Rachel Retoux  <\/p>\n<p>La neige a \u00e9galement commenc\u00e9 \u00e0 tenir sur certains axes routiers. Craignant le verglas, les 34 saleuses du d\u00e9partement du Calvados se sont activ\u00e9es d\u00e8s 3h du matin.<\/p>\n<p> <img decoding=\"async\" src=\"https:\/\/www.europesays.com\/fr\/wp-content\/uploads\/2025\/11\/1763630956_460_1280\" alt=\"illustration agrandir l'image\" style=\"--_image-preview:url('data:image\/jpeg;base64,\/9j\/2wBDACgcHiMeGSgjISMtKygwPGRBPDc3PHtYXUlkkYCZlo+AjIqgtObDoKrarYqMyP\/L2u71\/\/\/\/m8H\/\/\/\/6\/+b9\/\/j\/2wBDASstLTw1PHZBQXb4pYyl+Pj4+Pj4+Pj4+Pj4+Pj4+Pj4+Pj4+Pj4+Pj4+Pj4+Pj4+Pj4+Pj4+Pj4+Pj4+Pj4+Pj\/wAARCAAqAB8DASIAAhEBAxEB\/8QAGAABAQEBAQAAAAAAAAAAAAAAAQIAAwX\/xAAXEAEBAQEAAAAAAAAAAAAAAAAAARES\/8QAFQEBAQAAAAAAAAAAAAAAAAAAAAH\/xAAUEQEAAAAAAAAAAAAAAAAAAAAA\/9oADAMBAAIRAxEAPwDysOKkVgOWCx1sRYC4USnoDU1rU2gnW0MB0awUf\/\/Z');\" loading=\"lazy\" fetchpriority=\"low\" class=\"svelte-1cksh76 rounded\" onload=\"this.__e=event\" onerror=\"this.__e=event\"\/> Une route enneig\u00e9e dans le Calvados \u00a9 Aucun(e) &#8211; David Peznil  <\/p>\n<p>Les automobilistes matinaux de l&rsquo;Eure et de la Seine-Maritime ont \u00e9galement \u00e9t\u00e9 surpris par les flocons.\u00a0<a class=\"IciLink ici-link IciArticleLink g-ici-body-regular-1 underline brand svelte-1chfe2s\" href=\"https:\/\/www.francebleu.fr\/infos\/meteo\/neige-les-premiers-flocons-en-seine-maritime-des-conditions-de-route-delicates-dans-l-eure-6955640\" rel=\"nofollow noopener\" target=\"_blank\">ICI Normandie<\/a>\u00a0partage une vid\u00e9o capt\u00e9e sur l&rsquo;A13 entre Pont-de-l&rsquo;Arche et Incarville. Les autorit\u00e9s appellent \u00e0 la plus grande prudence sur le r\u00e9seau routier secondaire.<\/p>\n<p>Plus inhabituel, la neige est \u00e9galement tomb\u00e9e en Bretagne, rapporte\u00a0<a class=\"IciLink ici-link IciArticleLink g-ici-body-regular-1 underline brand svelte-1chfe2s\" href=\"https:\/\/www.francebleu.fr\/infos\/meteo\/images-les-auditeurs-d-ici-armorique-partagent-leurs-photos-des-premiers-flocons-de-neige-en-bretagne-6899732\" rel=\"nofollow noopener\" target=\"_blank\">ICI Armorique<\/a>. Des habitants de l&rsquo;Ille-et-Vilaine ont partag\u00e9 quelques photos, comme ici \u00e0 Maen-Roch.<\/p>\n<p> <img decoding=\"async\" src=\"https:\/\/www.europesays.com\/fr\/wp-content\/uploads\/2025\/11\/1763630957_912_1280\" alt=\"illustration agrandir l'image\" style=\"--_image-preview:url('data:image\/jpeg;base64,\/9j\/2wBDACgcHiMeGSgjISMtKygwPGRBPDc3PHtYXUlkkYCZlo+AjIqgtObDoKrarYqMyP\/L2u71\/\/\/\/m8H\/\/\/\/6\/+b9\/\/j\/2wBDASstLTw1PHZBQXb4pYyl+Pj4+Pj4+Pj4+Pj4+Pj4+Pj4+Pj4+Pj4+Pj4+Pj4+Pj4+Pj4+Pj4+Pj4+Pj4+Pj4+Pj\/wAARCAAqABYDASIAAhEBAxEB\/8QAGAAAAwEBAAAAAAAAAAAAAAAAAAIDAQT\/xAAYEAEBAQEBAAAAAAAAAAAAAAAAARICEf\/EABQBAQAAAAAAAAAAAAAAAAAAAAD\/xAAUEQEAAAAAAAAAAAAAAAAAAAAA\/9oADAMBAAIRAxEAPwDvvTNo3suwdGghsAhey7R2NAtsJegEZ0aVKHgKBkAP\/9k=');\" loading=\"lazy\" fetchpriority=\"low\" class=\"svelte-1cksh76 rounded\" onload=\"this.__e=event\" onerror=\"this.__e=event\"\/> Un jardin sous la neige \u00e0 Maen-Roch (Ille-et-Vilaine) \u00a9 Aucun(e) &#8211; Marie-Laure  <\/p>\n<p>Un peu plus au sud, la Mayenne a, elle aussi, vu quelques flocons tomber, comme l&rsquo;indique\u00a0<a class=\"IciLink ici-link IciArticleLink g-ici-body-regular-1 underline brand svelte-1chfe2s\" href=\"https:\/\/www.francebleu.fr\/infos\/meteo\/en-mayenne-la-neige-s-invite-dans-le-nord-du-departement-les-temperatures-vont-rester-tres-basses-ces-prochains-jours-8492883\" rel=\"nofollow noopener\" target=\"_blank\">ICI Mayenne<\/a>.<\/p>\n<p>En Auvergne, les chutes de neige ont \u00e9t\u00e9 un peu plus importantes. Une belle couche blanche s&rsquo;est install\u00e9e dans le Puy-de-D\u00f4me nous indique\u00a0<a class=\"IciLink ici-link IciArticleLink g-ici-body-regular-1 underline brand svelte-1chfe2s\" href=\"https:\/\/www.francebleu.fr\/infos\/meteo\/en-images-froid-gelees-blanches-et-neige-une-premiere-offensive-remarquee-de-l-hiver-en-auvergne-4090865\" rel=\"nofollow noopener\" target=\"_blank\">ICI Pays d&rsquo;Auvergne<\/a>. Des flocons sont \u00e9galement tomb\u00e9s dans les rues de Clermont-Ferrand et ses environs.<\/p>\n<p> <img decoding=\"async\" src=\"https:\/\/www.europesays.com\/fr\/wp-content\/uploads\/2025\/11\/1763630958_939_1280\" alt=\"illustration agrandir l'image\" style=\"--_image-preview:url('data:image\/jpeg;base64,\/9j\/2wBDACgcHiMeGSgjISMtKygwPGRBPDc3PHtYXUlkkYCZlo+AjIqgtObDoKrarYqMyP\/L2u71\/\/\/\/m8H\/\/\/\/6\/+b9\/\/j\/2wBDASstLTw1PHZBQXb4pYyl+Pj4+Pj4+Pj4+Pj4+Pj4+Pj4+Pj4+Pj4+Pj4+Pj4+Pj4+Pj4+Pj4+Pj4+Pj4+Pj4+Pj\/wAARCAAfACoDASIAAhEBAxEB\/8QAGAAAAwEBAAAAAAAAAAAAAAAAAQIDBAD\/xAAZEAEAAwEBAAAAAAAAAAAAAAAAAQISEQP\/xAAVAQEBAAAAAAAAAAAAAAAAAAAAAf\/EABQRAQAAAAAAAAAAAAAAAAAAAAD\/2gAMAwEAAhEDEQA\/ALx6Gj0ZYsaLCtGwmycSIG67pQBPJoqtgYoCcVNFVIqOQSyHFshkH\/\/Z');\" loading=\"lazy\" fetchpriority=\"low\" class=\"svelte-1cksh76 rounded\" onload=\"this.__e=event\" onerror=\"this.__e=event\"\/> La neige a fait son apparition \u00e0 Chanat-La-Mouteyre, \u00e0 quelques kilom\u00e8tres de Clermont-Ferrand \u00a9 Radio France &#8211; Kevin Bodereau  <\/p>\n<p>Dans le massif du Sancy, les premiers flocons de la saison ont fait la joie des habitants et\u00a0 de ce Golden Retriever.<\/p>\n<p>Dans l&rsquo;Allier, des chutes de neige ont constitu\u00e9 une jolie couche blanche, \u00e9paisse de 3 \u00e0 5 cm.<\/p>\n<p> <img decoding=\"async\" src=\"https:\/\/www.europesays.com\/fr\/wp-content\/uploads\/2025\/11\/1763630959_107_1280\" alt=\"illustration agrandir l'image\" style=\"--_image-preview:url('data:image\/jpeg;base64,\/9j\/2wBDACgcHiMeGSgjISMtKygwPGRBPDc3PHtYXUlkkYCZlo+AjIqgtObDoKrarYqMyP\/L2u71\/\/\/\/m8H\/\/\/\/6\/+b9\/\/j\/2wBDASstLTw1PHZBQXb4pYyl+Pj4+Pj4+Pj4+Pj4+Pj4+Pj4+Pj4+Pj4+Pj4+Pj4+Pj4+Pj4+Pj4+Pj4+Pj4+Pj4+Pj\/wAARCAAfACoDASIAAhEBAxEB\/8QAGAAAAwEBAAAAAAAAAAAAAAAAAQIDAAT\/xAAYEAEBAQEBAAAAAAAAAAAAAAAAAQISEf\/EABYBAQEBAAAAAAAAAAAAAAAAAAEAA\/\/EABQRAQAAAAAAAAAAAAAAAAAAAAD\/2gAMAwEAAhEDEQA\/AH9GVHoZpqyWlPNITRppJeaHpCaHoJxdDNJmhKk0aaThogpND6SMQ\/\/Z');\" loading=\"lazy\" fetchpriority=\"low\" class=\"svelte-1cksh76 rounded\" onload=\"this.__e=event\" onerror=\"this.__e=event\"\/> Entre 3 et 5 cm de neige \u00e0 B\u00e8gues, pr\u00e8s de Gannat dans l&rsquo;Allier. \u00a9 Radio France &#8211; Cris Denys  <\/p>\n<p>En Is\u00e8re, la neige est tomb\u00e9e \u00e0 partir de 500 m\u00e8tres d&rsquo;altitude, indique\u00a0<a class=\"IciLink ici-link IciArticleLink g-ici-body-regular-1 underline brand svelte-1chfe2s\" href=\"https:\/\/www.francebleu.fr\/infos\/meteo\/neige-l-isere-en-vigilance-jaune-les-premiers-flocons-sont-tombes-5578586\" rel=\"nofollow noopener\" target=\"_blank\">ICI Is\u00e8re<\/a>. La limite pluie-neige doit descendre \u00e0 300 m\u00e8tres dans le courant de la journ\u00e9e. La couche atteint jusqu&rsquo;\u00e0 10 cm dans le Vercors.<\/p>\n<p> <img decoding=\"async\" src=\"https:\/\/www.europesays.com\/fr\/wp-content\/uploads\/2025\/11\/1763630961_887_1280\" alt=\"illustration agrandir l'image\" style=\"--_image-preview:url('data:image\/jpeg;base64,\/9j\/2wBDACgcHiMeGSgjISMtKygwPGRBPDc3PHtYXUlkkYCZlo+AjIqgtObDoKrarYqMyP\/L2u71\/\/\/\/m8H\/\/\/\/6\/+b9\/\/j\/2wBDASstLTw1PHZBQXb4pYyl+Pj4+Pj4+Pj4+Pj4+Pj4+Pj4+Pj4+Pj4+Pj4+Pj4+Pj4+Pj4+Pj4+Pj4+Pj4+Pj4+Pj\/wAARCAAqABcDASIAAhEBAxEB\/8QAGAAAAwEBAAAAAAAAAAAAAAAAAAIDAQX\/xAAYEAEAAwEAAAAAAAAAAAAAAAAAAQISEf\/EABQBAQAAAAAAAAAAAAAAAAAAAAD\/xAAUEQEAAAAAAAAAAAAAAAAAAAAA\/9oADAMBAAIRAxEAPwDmRU0QpFG4BPgVwAWijcLRU2QQwF8gFMjh5YBeAwB\/\/9k=');\" loading=\"lazy\" fetchpriority=\"low\" class=\"svelte-1cksh76 rounded\" onload=\"this.__e=event\" onerror=\"this.__e=event\"\/> Un jardin sous la neige \u00e0 Entre-Deux-Guiers (Is\u00e8re) \u00a9 Aucun(e) &#8211; Marie di Vicenzo  Une masse d&rsquo;air polaire charg\u00e9e d&rsquo;humidit\u00e9<\/p>\n<p>Apr\u00e8s la grande douceur de la semaine derni\u00e8re, une masse d&rsquo;air polaire charg\u00e9e d&rsquo;humidit\u00e9 est descendue sur la France.Le neige doit continuer \u00e0 tomber ce jeudi sur le massif central et les massifs de l&rsquo;est. En plaine, la neige est tr\u00e8s faible et tient difficilement sur les routes. Elle tombe plus durablement sur les hauteurs (plateau de Langres, Vosges, Morvan) et sur le relief du Jura et des Alpes du nord \u00e0 partir de 400 m. La neige pourra faire son retour dans l&rsquo;apr\u00e8s-midi sur les collines de Normandie.<\/p>\n<p> (function(w, d) {     if (w.FB &#038;&#038; w.FB.XFBML &#038;&#038; w.FB.XFBML.parse) {         if (&lsquo;undefined&rsquo; == typeof w.__fbTimeout) {             w.__fbTimeout = setTimeout(function() {                 w.FB.XFBML.parse();                 w.__fbTimeout = undefined;             }, 1000);         }     } else if (&lsquo;undefined&rsquo; == typeof w.__fbTimeout) {         if (d.querySelectorAll(&lsquo;#fb-root&rsquo;).length === 0) {             var fbRoot = d.createElement(&lsquo;div&rsquo;);             fbRoot.id = &lsquo;fb-root&rsquo;;             d.querySelector(&lsquo;body&rsquo;).append(fbRoot);         }         if (d.querySelectorAll(&lsquo;#facebook-jssdk&rsquo;).length === 0) {             var fbScript = d.createElement(&lsquo;script&rsquo;);             fbScript.id = &lsquo;facebook-jssdk&rsquo;;             fbScript.src=\u00a0\u00bb\/\/connect.facebook.net\/fr_FR\/sdk.js#xfbml=1&#038;version=v2.8&#038;appId=593991304071705&Prime;;             fbScript.async = 1;             d.querySelector(&lsquo;head&rsquo;).append(fbScript);         }     } })(window, window.document); \\u003C\/script>\\\u00a0\u00bb,\\\u00a0\u00bbprovider\\\u00a0\u00bb:\\\u00a0\u00bbfacebook\\\u00a0\u00bb,\\\u00a0\u00bbdidomiPurposes\\\u00a0\u00bb:\\\u00a0\u00bbPour afficher ce contenu Facebook, vous devez accepter les cookies \\u003Cb>R\u00e9seaux Sociaux\\u003C\/b>.\\u003Cbr>\\u003Cbr>Ces cookies permettent de partager ou r\u00e9agir directement sur les r\u00e9seaux sociaux auxquels vous \u00eates connect\u00e9s ou d&rsquo;int\u00e9grer du contenu initialement post\u00e9 sur ces r\u00e9seaux sociaux. Ils permettent aussi aux r\u00e9seaux sociaux d&rsquo;utiliser vos visites sur nos sites et applications \u00e0 des fins de personnalisation et de ciblage publicitaire.\\\u00a0\u00bb,\\\u00a0\u00bbdidomiVendorId\\\u00a0\u00bb:\\\u00a0\u00bbc:facebookc-rgacRMQm\\\u00a0\u00bb}},{\\\u00a0\u00bbtype\\\u00a0\u00bb:\\\u00a0\u00bbtext\\\u00a0\u00bb,\\\u00a0\u00bbchildren\\\u00a0\u00bb:[{\\\u00a0\u00bbtype\\\u00a0\u00bb:\\\u00a0\u00bbtext\\\u00a0\u00bb,\\\u00a0\u00bbvalue\\\u00a0\u00bb:\\\u00a0\u00bbPlus inhabituel, la neige est \u00e9galement tomb\u00e9e en Bretagne, rapporte\u00a0\\\u00a0\u00bb},{\\\u00a0\u00bbtype\\\u00a0\u00bb:\\\u00a0\u00bblink\\\u00a0\u00bb,\\\u00a0\u00bbdata\\\u00a0\u00bb:{\\\u00a0\u00bbhref\\\u00a0\u00bb:\\\u00a0\u00bbhttps:\/\/www.francebleu.fr\/infos\/meteo\/images-les-auditeurs-d-ici-armorique-partagent-leurs-photos-des-premiers-flocons-de-neige-en-bretagne-6899732\\\u00a0\u00bb},\\\u00a0\u00bbvalue\\\u00a0\u00bb:\\\u00a0\u00bbICI Armorique\\\u00a0\u00bb},{\\\u00a0\u00bbtype\\\u00a0\u00bb:\\\u00a0\u00bbtext\\\u00a0\u00bb,\\\u00a0\u00bbvalue\\\u00a0\u00bb:\\\u00a0\u00bb. Des habitants de l&rsquo;Ille-et-Vilaine ont partag\u00e9 quelques photos, comme ici \u00e0 Maen-Roch.\\\u00a0\u00bb}]},{\\\u00a0\u00bbtype\\\u00a0\u00bb:\\\u00a0\u00bbimage\\\u00a0\u00bb,\\\u00a0\u00bbdata\\\u00a0\u00bb:{\\\u00a0\u00bbimages\\\u00a0\u00bb:[{\\\u00a0\u00bburl\\\u00a0\u00bb:\\\u00a0\u00bbhttps:\/\/www.francebleu.fr\/s3\/cruiser-production-eu3\/2025\/11\/d10f7f46-a6da-42a7-b9d1-8fe3cdf30250\/600_sc_image-7.jpg\\\u00a0\u00bb,\\\u00a0\u00bburlWebp\\\u00a0\u00bb:\\\u00a0\u00bbhttps:\/\/www.francebleu.fr\/s3\/cruiser-production-eu3\/2025\/11\/d10f7f46-a6da-42a7-b9d1-8fe3cdf30250\/600_sc_image-7.webp\\\u00a0\u00bb,\\\u00a0\u00bblegend\\\u00a0\u00bb:\\\u00a0\u00bbUn jardin sous la neige \u00e0 Maen-Roch (Ille-et-Vilaine)\\\u00a0\u00bb,\\\u00a0\u00bbauthor\\\u00a0\u00bb:\\\u00a0\u00bbMarie-Laure\\\u00a0\u00bb,\\\u00a0\u00bbcopyright\\\u00a0\u00bb:\\\u00a0\u00bbAucun(e)\\\u00a0\u00bb,\\\u00a0\u00bbwidth\\\u00a0\u00bb:600,\\\u00a0\u00bbheight\\\u00a0\u00bb:1144,\\\u00a0\u00bbpreview\\\u00a0\u00bb:\\\u00a0\u00bb\/9j\/2wBDACgcHiMeGSgjISMtKygwPGRBPDc3PHtYXUlkkYCZlo+AjIqgtObDoKrarYqMyP\/L2u71\/\/\/\/m8H\/\/\/\/6\/+b9\/\/j\/2wBDASstLTw1PHZBQXb4pYyl+Pj4+Pj4+Pj4+Pj4+Pj4+Pj4+Pj4+Pj4+Pj4+Pj4+Pj4+Pj4+Pj4+Pj4+Pj4+Pj4+Pj\/wAARCAAqABYDASIAAhEBAxEB\/8QAGAAAAwEBAAAAAAAAAAAAAAAAAAIDAQT\/xAAYEAEBAQEBAAAAAAAAAAAAAAAAARICEf\/EABQBAQAAAAAAAAAAAAAAAAAAAAD\/xAAUEQEAAAAAAAAAAAAAAAAAAAAA\/9oADAMBAAIRAxEAPwDvvTNo3suwdGghsAhey7R2NAtsJegEZ0aVKHgKBkAP\/9k=\\\u00a0\u00bb,\\\u00a0\u00bbdominant\\\u00a0\u00bb:\\\u00a0\u00bb#080808\\\u00a0\u00bb,\\\u00a0\u00bbid\\\u00a0\u00bb:\\\u00a0\u00bbd10f7f46-a6da-42a7-b9d1-8fe3cdf30250\\\u00a0\u00bb}]}},{\\\u00a0\u00bbtype\\\u00a0\u00bb:\\\u00a0\u00bbtext\\\u00a0\u00bb,\\\u00a0\u00bbchildren\\\u00a0\u00bb:[{\\\u00a0\u00bbtype\\\u00a0\u00bb:\\\u00a0\u00bbtext\\\u00a0\u00bb,\\\u00a0\u00bbvalue\\\u00a0\u00bb:\\\u00a0\u00bbUn peu plus au sud, la Mayenne a, elle aussi, vu quelques flocons tomber, comme l&rsquo;indique\u00a0\\\u00a0\u00bb},{\\\u00a0\u00bbtype\\\u00a0\u00bb:\\\u00a0\u00bblink\\\u00a0\u00bb,\\\u00a0\u00bbdata\\\u00a0\u00bb:{\\\u00a0\u00bbhref\\\u00a0\u00bb:\\\u00a0\u00bbhttps:\/\/www.francebleu.fr\/infos\/meteo\/en-mayenne-la-neige-s-invite-dans-le-nord-du-departement-les-temperatures-vont-rester-tres-basses-ces-prochains-jours-8492883\\\u00a0\u00bb},\\\u00a0\u00bbvalue\\\u00a0\u00bb:\\\u00a0\u00bbICI Mayenne\\\u00a0\u00bb},{\\\u00a0\u00bbtype\\\u00a0\u00bb:\\\u00a0\u00bbtext\\\u00a0\u00bb,\\\u00a0\u00bbvalue\\\u00a0\u00bb:\\\u00a0\u00bb.\\\u00a0\u00bb}]},{\\\u00a0\u00bbtype\\\u00a0\u00bb:\\\u00a0\u00bbembed\\\u00a0\u00bb,\\\u00a0\u00bbdata\\\u00a0\u00bb:{\\\u00a0\u00bbhtml\\\u00a0\u00bb:\\\u00a0\u00bb\\u003Cdiv class=\\\\\\\u00a0\u00bbfb-post\\\\\\\u00a0\u00bb data-href=\\\\\\\u00a0\u00bbhttps:\/\/www.facebook.com\/reel\/2563235767389718\/\\\\\\\u00a0\u00bb data-width=\\\\\\\u00a0\u00bb560\\\\\\\u00a0\u00bb data-show-text=\\\\\\\u00a0\u00bbtrue\\\\\\\u00a0\u00bb >\\u003C\/div> \\u003Cscript> (function(w, d) {     if (w.FB &#038;&#038; w.FB.XFBML &#038;&#038; w.FB.XFBML.parse) {         if (&lsquo;undefined&rsquo; == typeof w.__fbTimeout) {             w.__fbTimeout = setTimeout(function() {                 w.FB.XFBML.parse();                 w.__fbTimeout = undefined;             }, 1000);         }     } else if (&lsquo;undefined&rsquo; == typeof w.__fbTimeout) {         if (d.querySelectorAll(&lsquo;#fb-root&rsquo;).length === 0) {             var fbRoot = d.createElement(&lsquo;div&rsquo;);             fbRoot.id = &lsquo;fb-root&rsquo;;             d.querySelector(&lsquo;body&rsquo;).append(fbRoot);         }         if (d.querySelectorAll(&lsquo;#facebook-jssdk&rsquo;).length === 0) {             var fbScript = d.createElement(&lsquo;script&rsquo;);             fbScript.id = &lsquo;facebook-jssdk&rsquo;;             fbScript.src=\u00a0\u00bb\/\/connect.facebook.net\/fr_FR\/sdk.js#xfbml=1&#038;version=v2.8&#038;appId=593991304071705&Prime;;             fbScript.async = 1;             d.querySelector(&lsquo;head&rsquo;).append(fbScript);         }     } })(window, window.document); \\u003C\/script>\\\u00a0\u00bb,\\\u00a0\u00bbprovider\\\u00a0\u00bb:\\\u00a0\u00bbfacebook\\\u00a0\u00bb,\\\u00a0\u00bbdidomiPurposes\\\u00a0\u00bb:\\\u00a0\u00bbPour afficher ce contenu Facebook, vous devez accepter les cookies \\u003Cb>R\u00e9seaux Sociaux\\u003C\/b>.\\u003Cbr>\\u003Cbr>Ces cookies permettent de partager ou r\u00e9agir directement sur les r\u00e9seaux sociaux auxquels vous \u00eates connect\u00e9s ou d&rsquo;int\u00e9grer du contenu initialement post\u00e9 sur ces r\u00e9seaux sociaux. Ils permettent aussi aux r\u00e9seaux sociaux d&rsquo;utiliser vos visites sur nos sites et applications \u00e0 des fins de personnalisation et de ciblage publicitaire.\\\u00a0\u00bb,\\\u00a0\u00bbdidomiVendorId\\\u00a0\u00bb:\\\u00a0\u00bbc:facebookc-rgacRMQm\\\u00a0\u00bb}},{\\\u00a0\u00bbtype\\\u00a0\u00bb:\\\u00a0\u00bbtext\\\u00a0\u00bb,\\\u00a0\u00bbchildren\\\u00a0\u00bb:[{\\\u00a0\u00bbtype\\\u00a0\u00bb:\\\u00a0\u00bbtext\\\u00a0\u00bb,\\\u00a0\u00bbvalue\\\u00a0\u00bb:\\\u00a0\u00bbEn Auvergne, les chutes de neige ont \u00e9t\u00e9 un peu plus importantes. Une belle couche blanche s&rsquo;est install\u00e9e dans le Puy-de-D\u00f4me nous indique\u00a0\\\u00a0\u00bb},{\\\u00a0\u00bbtype\\\u00a0\u00bb:\\\u00a0\u00bblink\\\u00a0\u00bb,\\\u00a0\u00bbdata\\\u00a0\u00bb:{\\\u00a0\u00bbhref\\\u00a0\u00bb:\\\u00a0\u00bbhttps:\/\/www.francebleu.fr\/infos\/meteo\/en-images-froid-gelees-blanches-et-neige-une-premiere-offensive-remarquee-de-l-hiver-en-auvergne-4090865\\\u00a0\u00bb},\\\u00a0\u00bbvalue\\\u00a0\u00bb:\\\u00a0\u00bbICI Pays d&rsquo;Auvergne\\\u00a0\u00bb},{\\\u00a0\u00bbtype\\\u00a0\u00bb:\\\u00a0\u00bbtext\\\u00a0\u00bb,\\\u00a0\u00bbvalue\\\u00a0\u00bb:\\\u00a0\u00bb. Des flocons sont \u00e9galement tomb\u00e9s dans les rues de Clermont-Ferrand et ses environs.\\\u00a0\u00bb}]},{\\\u00a0\u00bbtype\\\u00a0\u00bb:\\\u00a0\u00bbimage\\\u00a0\u00bb,\\\u00a0\u00bbdata\\\u00a0\u00bb:{\\\u00a0\u00bbimages\\\u00a0\u00bb:[{\\\u00a0\u00bburl\\\u00a0\u00bb:\\\u00a0\u00bbhttps:\/\/www.francebleu.fr\/s3\/cruiser-production-eu3\/2025\/11\/ee47c72b-8f95-44d9-8b9e-36a5634c046a\/600_sc_image-8.jpg\\\u00a0\u00bb,\\\u00a0\u00bburlWebp\\\u00a0\u00bb:\\\u00a0\u00bbhttps:\/\/www.francebleu.fr\/s3\/cruiser-production-eu3\/2025\/11\/ee47c72b-8f95-44d9-8b9e-36a5634c046a\/600_sc_image-8.webp\\\u00a0\u00bb,\\\u00a0\u00bblegend\\\u00a0\u00bb:\\\u00a0\u00bbLa neige a fait son apparition \u00e0 Chanat-La-Mouteyre, \u00e0 quelques kilom\u00e8tres de Clermont-Ferrand\\\u00a0\u00bb,\\\u00a0\u00bbauthor\\\u00a0\u00bb:\\\u00a0\u00bbKevin Bodereau\\\u00a0\u00bb,\\\u00a0\u00bbcopyright\\\u00a0\u00bb:\\\u00a0\u00bbRadio France\\\u00a0\u00bb,\\\u00a0\u00bbwidth\\\u00a0\u00bb:600,\\\u00a0\u00bbheight\\\u00a0\u00bb:450,\\\u00a0\u00bbpreview\\\u00a0\u00bb:\\\u00a0\u00bb\/9j\/2wBDACgcHiMeGSgjISMtKygwPGRBPDc3PHtYXUlkkYCZlo+AjIqgtObDoKrarYqMyP\/L2u71\/\/\/\/m8H\/\/\/\/6\/+b9\/\/j\/2wBDASstLTw1PHZBQXb4pYyl+Pj4+Pj4+Pj4+Pj4+Pj4+Pj4+Pj4+Pj4+Pj4+Pj4+Pj4+Pj4+Pj4+Pj4+Pj4+Pj4+Pj\/wAARCAAfACoDASIAAhEBAxEB\/8QAGAAAAwEBAAAAAAAAAAAAAAAAAQIDBAD\/xAAZEAEAAwEBAAAAAAAAAAAAAAAAAQISEQP\/xAAVAQEBAAAAAAAAAAAAAAAAAAAAAf\/EABQRAQAAAAAAAAAAAAAAAAAAAAD\/2gAMAwEAAhEDEQA\/ALx6Gj0ZYsaLCtGwmycSIG67pQBPJoqtgYoCcVNFVIqOQSyHFshkH\/\/Z\\\u00a0\u00bb,\\\u00a0\u00bbdominant\\\u00a0\u00bb:\\\u00a0\u00bb#d8d8d8\\\u00a0\u00bb,\\\u00a0\u00bbid\\\u00a0\u00bb:\\\u00a0\u00bbee47c72b-8f95-44d9-8b9e-36a5634c046a\\\u00a0\u00bb}]}},{\\\u00a0\u00bbtype\\\u00a0\u00bb:\\\u00a0\u00bbtext\\\u00a0\u00bb,\\\u00a0\u00bbchildren\\\u00a0\u00bb:[{\\\u00a0\u00bbtype\\\u00a0\u00bb:\\\u00a0\u00bbtext\\\u00a0\u00bb,\\\u00a0\u00bbvalue\\\u00a0\u00bb:\\\u00a0\u00bbDans le massif du Sancy, les premiers flocons de la saison ont fait la joie des habitants et\u00a0 de ce Golden Retriever.\\\u00a0\u00bb}]},{\\\u00a0\u00bbtype\\\u00a0\u00bb:\\\u00a0\u00bbembed\\\u00a0\u00bb,\\\u00a0\u00bbdata\\\u00a0\u00bb:{\\\u00a0\u00bbhtml\\\u00a0\u00bb:\\\u00a0\u00bb\\u003Cdiv class=\\\\\\\u00a0\u00bbfb-post\\\\\\\u00a0\u00bb data-href=\\\\\\\u00a0\u00bbhttps:\/\/www.facebook.com\/reel\/813561564825094\/\\\\\\\u00a0\u00bb data-width=\\\\\\\u00a0\u00bb560\\\\\\\u00a0\u00bb data-show-text=\\\\\\\u00a0\u00bbtrue\\\\\\\u00a0\u00bb >\\u003C\/div> \\u003Cscript> (function(w, d) {     if (w.FB &#038;&#038; w.FB.XFBML &#038;&#038; w.FB.XFBML.parse) {         if (&lsquo;undefined&rsquo; == typeof w.__fbTimeout) {             w.__fbTimeout = setTimeout(function() {                 w.FB.XFBML.parse();                 w.__fbTimeout = undefined;             }, 1000);         }     } else if (&lsquo;undefined&rsquo; == typeof w.__fbTimeout) {         if (d.querySelectorAll(&lsquo;#fb-root&rsquo;).length === 0) {             var fbRoot = d.createElement(&lsquo;div&rsquo;);             fbRoot.id = &lsquo;fb-root&rsquo;;             d.querySelector(&lsquo;body&rsquo;).append(fbRoot);         }         if (d.querySelectorAll(&lsquo;#facebook-jssdk&rsquo;).length === 0) {             var fbScript = d.createElement(&lsquo;script&rsquo;);             fbScript.id = &lsquo;facebook-jssdk&rsquo;;             fbScript.src=\u00a0\u00bb\/\/connect.facebook.net\/fr_FR\/sdk.js#xfbml=1&#038;version=v2.8&#038;appId=593991304071705&Prime;;             fbScript.async = 1;             d.querySelector(&lsquo;head&rsquo;).append(fbScript);         }     } })(window, window.document); \\u003C\/script>\\\u00a0\u00bb,\\\u00a0\u00bbprovider\\\u00a0\u00bb:\\\u00a0\u00bbfacebook\\\u00a0\u00bb,\\\u00a0\u00bbdidomiPurposes\\\u00a0\u00bb:\\\u00a0\u00bbPour afficher ce contenu Facebook, vous devez accepter les cookies \\u003Cb>R\u00e9seaux Sociaux\\u003C\/b>.\\u003Cbr>\\u003Cbr>Ces cookies permettent de partager ou r\u00e9agir directement sur les r\u00e9seaux sociaux auxquels vous \u00eates connect\u00e9s ou d&rsquo;int\u00e9grer du contenu initialement post\u00e9 sur ces r\u00e9seaux sociaux. Ils permettent aussi aux r\u00e9seaux sociaux d&rsquo;utiliser vos visites sur nos sites et applications \u00e0 des fins de personnalisation et de ciblage publicitaire.\\\u00a0\u00bb,\\\u00a0\u00bbdidomiVendorId\\\u00a0\u00bb:\\\u00a0\u00bbc:facebookc-rgacRMQm\\\u00a0\u00bb}},{\\\u00a0\u00bbtype\\\u00a0\u00bb:\\\u00a0\u00bbtext\\\u00a0\u00bb,\\\u00a0\u00bbchildren\\\u00a0\u00bb:[{\\\u00a0\u00bbtype\\\u00a0\u00bb:\\\u00a0\u00bbtext\\\u00a0\u00bb,\\\u00a0\u00bbvalue\\\u00a0\u00bb:\\\u00a0\u00bbDans l&rsquo;Allier, des chutes de neige ont constitu\u00e9 une jolie couche blanche, \u00e9paisse de 3 \u00e0 5 cm.\\\u00a0\u00bb}]},{\\\u00a0\u00bbtype\\\u00a0\u00bb:\\\u00a0\u00bbimage\\\u00a0\u00bb,\\\u00a0\u00bbdata\\\u00a0\u00bb:{\\\u00a0\u00bbimages\\\u00a0\u00bb:[{\\\u00a0\u00bburl\\\u00a0\u00bb:\\\u00a0\u00bbhttps:\/\/www.francebleu.fr\/s3\/cruiser-production-eu3\/2025\/11\/d032f599-2fab-4c75-ba06-2b68b2e58d56\/600_sc_image-9.jpg\\\u00a0\u00bb,\\\u00a0\u00bburlWebp\\\u00a0\u00bb:\\\u00a0\u00bbhttps:\/\/www.francebleu.fr\/s3\/cruiser-production-eu3\/2025\/11\/d032f599-2fab-4c75-ba06-2b68b2e58d56\/600_sc_image-9.webp\\\u00a0\u00bb,\\\u00a0\u00bblegend\\\u00a0\u00bb:\\\u00a0\u00bbEntre 3 et 5 cm de neige \u00e0 B\u00e8gues, pr\u00e8s de Gannat dans l&rsquo;Allier.\\\u00a0\u00bb,\\\u00a0\u00bbauthor\\\u00a0\u00bb:\\\u00a0\u00bbCris Denys\\\u00a0\u00bb,\\\u00a0\u00bbcopyright\\\u00a0\u00bb:\\\u00a0\u00bbRadio France\\\u00a0\u00bb,\\\u00a0\u00bbwidth\\\u00a0\u00bb:600,\\\u00a0\u00bbheight\\\u00a0\u00bb:450,\\\u00a0\u00bbpreview\\\u00a0\u00bb:\\\u00a0\u00bb\/9j\/2wBDACgcHiMeGSgjISMtKygwPGRBPDc3PHtYXUlkkYCZlo+AjIqgtObDoKrarYqMyP\/L2u71\/\/\/\/m8H\/\/\/\/6\/+b9\/\/j\/2wBDASstLTw1PHZBQXb4pYyl+Pj4+Pj4+Pj4+Pj4+Pj4+Pj4+Pj4+Pj4+Pj4+Pj4+Pj4+Pj4+Pj4+Pj4+Pj4+Pj4+Pj\/wAARCAAfACoDASIAAhEBAxEB\/8QAGAAAAwEBAAAAAAAAAAAAAAAAAQIDAAT\/xAAYEAEBAQEBAAAAAAAAAAAAAAAAAQISEf\/EABYBAQEBAAAAAAAAAAAAAAAAAAEAA\/\/EABQRAQAAAAAAAAAAAAAAAAAAAAD\/2gAMAwEAAhEDEQA\/AH9GVHoZpqyWlPNITRppJeaHpCaHoJxdDNJmhKk0aaThogpND6SMQ\/\/Z\\\u00a0\u00bb,\\\u00a0\u00bbdominant\\\u00a0\u00bb:\\\u00a0\u00bb#4888b8\\\u00a0\u00bb,\\\u00a0\u00bbid\\\u00a0\u00bb:\\\u00a0\u00bbd032f599-2fab-4c75-ba06-2b68b2e58d56\\\u00a0\u00bb}]}},{\\\u00a0\u00bbtype\\\u00a0\u00bb:\\\u00a0\u00bbtext\\\u00a0\u00bb,\\\u00a0\u00bbchildren\\\u00a0\u00bb:[{\\\u00a0\u00bbtype\\\u00a0\u00bb:\\\u00a0\u00bbtext\\\u00a0\u00bb,\\\u00a0\u00bbvalue\\\u00a0\u00bb:\\\u00a0\u00bbEn Is\u00e8re, la neige est tomb\u00e9e \u00e0 partir de 500 m\u00e8tres d&rsquo;altitude, indique\u00a0\\\u00a0\u00bb},{\\\u00a0\u00bbtype\\\u00a0\u00bb:\\\u00a0\u00bblink\\\u00a0\u00bb,\\\u00a0\u00bbdata\\\u00a0\u00bb:{\\\u00a0\u00bbhref\\\u00a0\u00bb:\\\u00a0\u00bbhttps:\/\/www.francebleu.fr\/infos\/meteo\/neige-l-isere-en-vigilance-jaune-les-premiers-flocons-sont-tombes-5578586\\\u00a0\u00bb},\\\u00a0\u00bbvalue\\\u00a0\u00bb:\\\u00a0\u00bbICI Is\u00e8re\\\u00a0\u00bb},{\\\u00a0\u00bbtype\\\u00a0\u00bb:\\\u00a0\u00bbtext\\\u00a0\u00bb,\\\u00a0\u00bbvalue\\\u00a0\u00bb:\\\u00a0\u00bb. La limite pluie-neige doit descendre \u00e0 300 m\u00e8tres dans le courant de la journ\u00e9e. La couche atteint jusqu&rsquo;\u00e0 10 cm dans le Vercors.\\\u00a0\u00bb}]},{\\\u00a0\u00bbtype\\\u00a0\u00bb:\\\u00a0\u00bbimage\\\u00a0\u00bb,\\\u00a0\u00bbdata\\\u00a0\u00bb:{\\\u00a0\u00bbimages\\\u00a0\u00bb:[{\\\u00a0\u00bburl\\\u00a0\u00bb:\\\u00a0\u00bbhttps:\/\/www.francebleu.fr\/s3\/cruiser-production-eu3\/2025\/11\/0a6ab45f-bb86-4c27-a7eb-dcb0d775d69f\/600_sc_image-10.jpg\\\u00a0\u00bb,\\\u00a0\u00bburlWebp\\\u00a0\u00bb:\\\u00a0\u00bbhttps:\/\/www.francebleu.fr\/s3\/cruiser-production-eu3\/2025\/11\/0a6ab45f-bb86-4c27-a7eb-dcb0d775d69f\/600_sc_image-10.webp\\\u00a0\u00bb,\\\u00a0\u00bblegend\\\u00a0\u00bb:\\\u00a0\u00bbUn jardin sous la neige \u00e0 Entre-Deux-Guiers (Is\u00e8re)\\\u00a0\u00bb,\\\u00a0\u00bbauthor\\\u00a0\u00bb:\\\u00a0\u00bbMarie di Vicenzo\\\u00a0\u00bb,\\\u00a0\u00bbcopyright\\\u00a0\u00bb:\\\u00a0\u00bbAucun(e)\\\u00a0\u00bb,\\\u00a0\u00bbwidth\\\u00a0\u00bb:600,\\\u00a0\u00bbheight\\\u00a0\u00bb:1066,\\\u00a0\u00bbpreview\\\u00a0\u00bb:\\\u00a0\u00bb\/9j\/2wBDACgcHiMeGSgjISMtKygwPGRBPDc3PHtYXUlkkYCZlo+AjIqgtObDoKrarYqMyP\/L2u71\/\/\/\/m8H\/\/\/\/6\/+b9\/\/j\/2wBDASstLTw1PHZBQXb4pYyl+Pj4+Pj4+Pj4+Pj4+Pj4+Pj4+Pj4+Pj4+Pj4+Pj4+Pj4+Pj4+Pj4+Pj4+Pj4+Pj4+Pj\/wAARCAAqABcDASIAAhEBAxEB\/8QAGAAAAwEBAAAAAAAAAAAAAAAAAAIDAQX\/xAAYEAEAAwEAAAAAAAAAAAAAAAAAAQISEf\/EABQBAQAAAAAAAAAAAAAAAAAAAAD\/xAAUEQEAAAAAAAAAAAAAAAAAAAAA\/9oADAMBAAIRAxEAPwDmRU0QpFG4BPgVwAWijcLRU2QQwF8gFMjh5YBeAwB\/\/9k=\\\u00a0\u00bb,\\\u00a0\u00bbdominant\\\u00a0\u00bb:\\\u00a0\u00bb#080808\\\u00a0\u00bb,\\\u00a0\u00bbid\\\u00a0\u00bb:\\\u00a0\u00bb0a6ab45f-bb86-4c27-a7eb-dcb0d775d69f\\\u00a0\u00bb}]}},{\\\u00a0\u00bbtype\\\u00a0\u00bb:\\\u00a0\u00bbheading\\\u00a0\u00bb,\\\u00a0\u00bblevel\\\u00a0\u00bb:2,\\\u00a0\u00bbvalue\\\u00a0\u00bb:\\\u00a0\u00bbUne masse d&rsquo;air polaire charg\u00e9e d&rsquo;humidit\u00e9\\\u00a0\u00bb},{\\\u00a0\u00bbtype\\\u00a0\u00bb:\\\u00a0\u00bbtext\\\u00a0\u00bb,\\\u00a0\u00bbchildren\\\u00a0\u00bb:[{\\\u00a0\u00bbtype\\\u00a0\u00bb:\\\u00a0\u00bbtext\\\u00a0\u00bb,\\\u00a0\u00bbvalue\\\u00a0\u00bb:\\\u00a0\u00bbApr\u00e8s la grande douceur de la semaine derni\u00e8re, une masse d&rsquo;air polaire charg\u00e9e d&rsquo;humidit\u00e9 est descendue sur la France.Le neige doit continuer \u00e0 tomber ce jeudi sur le massif central et les massifs de l&rsquo;est. En plaine, la neige est tr\u00e8s faible et tient difficilement sur les routes. Elle tombe plus durablement sur les hauteurs (plateau de Langres, Vosges, Morvan) et sur le relief du Jura et des Alpes du nord \u00e0 partir de 400 m. La neige pourra faire son retour dans l&rsquo;apr\u00e8s-midi sur les collines de Normandie.\\\u00a0\u00bb}]}]}},\\\u00a0\u00bbdisplay\\\u00a0\u00bb:{\\\u00a0\u00bbhighBanner\\\u00a0\u00bb:true}}\u00a0\u00bb}<\/p>\n","protected":false},"excerpt":{"rendered":"Les premiers flocons de neige de la saison sont tomb\u00e9s ce jeudi matin, principalement l&rsquo;ouest et l&rsquo;Auvergne. Les&hellip;\n","protected":false},"author":2,"featured_media":546534,"comment_status":"","ping_status":"","sticky":false,"template":"","format":"standard","meta":{"footnotes":""},"categories":[4],"tags":[11,1011,27,12,25],"class_list":{"0":"post-546533","1":"post","2":"type-post","3":"status-publish","4":"format-standard","5":"has-post-thumbnail","7":"category-france","8":"tag-actualites","9":"tag-fr","10":"tag-france","11":"tag-news","12":"tag-republique-francaise"},"share_on_mastodon":{"url":"","error":""},"_links":{"self":[{"href":"https:\/\/www.europesays.com\/fr\/wp-json\/wp\/v2\/posts\/546533","targetHints":{"allow":["GET"]}}],"collection":[{"href":"https:\/\/www.europesays.com\/fr\/wp-json\/wp\/v2\/posts"}],"about":[{"href":"https:\/\/www.europesays.com\/fr\/wp-json\/wp\/v2\/types\/post"}],"author":[{"embeddable":true,"href":"https:\/\/www.europesays.com\/fr\/wp-json\/wp\/v2\/users\/2"}],"replies":[{"embeddable":true,"href":"https:\/\/www.europesays.com\/fr\/wp-json\/wp\/v2\/comments?post=546533"}],"version-history":[{"count":0,"href":"https:\/\/www.europesays.com\/fr\/wp-json\/wp\/v2\/posts\/546533\/revisions"}],"wp:featuredmedia":[{"embeddable":true,"href":"https:\/\/www.europesays.com\/fr\/wp-json\/wp\/v2\/media\/546534"}],"wp:attachment":[{"href":"https:\/\/www.europesays.com\/fr\/wp-json\/wp\/v2\/media?parent=546533"}],"wp:term":[{"taxonomy":"category","embeddable":true,"href":"https:\/\/www.europesays.com\/fr\/wp-json\/wp\/v2\/categories?post=546533"},{"taxonomy":"post_tag","embeddable":true,"href":"https:\/\/www.europesays.com\/fr\/wp-json\/wp\/v2\/tags?post=546533"}],"curies":[{"name":"wp","href":"https:\/\/api.w.org\/{rel}","templated":true}]}}