{"id":546536,"date":"2025-11-20T09:31:11","date_gmt":"2025-11-20T09:31:11","guid":{"rendered":"https:\/\/www.europesays.com\/fr\/546536\/"},"modified":"2025-11-20T09:31:11","modified_gmt":"2025-11-20T09:31:11","slug":"krattiger-et-dillier-sarretent-en-8es-de-finale","status":"publish","type":"post","link":"https:\/\/www.europesays.com\/fr\/546536\/","title":{"rendered":"Krattiger et Dillier s&rsquo;arr\u00eatent en 8es de finale"},"content":{"rendered":"<p>Il n&rsquo;y a plus de paires suisses aux championnats du monde \u00e0 Ad\u00e9la\u00efde. Marco Krattiger et Leo Dillier ont \u00e9chou\u00e9 en huiti\u00e8mes de finale.<\/p>\n<p>Un jour apr\u00e8s leur exploit contre les N\u00e9erlandais Stefan Boermans et Yorick de Groot, t\u00eates de s\u00e9rie no 2, Krattiger et Dillier ont maintenu l&rsquo;espoir de se qualifier pour les quarts pendant un set contre le duo br\u00e9silien Evandro\/Arthur Lanci, t\u00eates de s\u00e9rie no 4, deux adversaires qu&rsquo;ils avaient d\u00e9j\u00e0 battus auparavant.<\/p>\n<p>Krattiger et Dillier avaient remport\u00e9 leur seul duel pr\u00e9c\u00e9dent contre Evandro, 35 ans et 2m10, et son partenaire de six ans son cadet, en trois sets lors du tournoi Elite16 \u00e0 Gstaad en juillet.<\/p>\n<p>Le score de 22-24 21-12 15-13 montre que les Suisses ont pu y croire pendant un set. Apr\u00e8s une premi\u00e8re manche \u00e9quilibr\u00e9e, le Thurgovien et l&rsquo;Argovien ont connu un coup de mou. Les Br\u00e9siliens en ont profit\u00e9 pour \u00e9galiser et prendre une avance confortable de cinq points dans le tie-break. Krattiger et Dillier ont certes r\u00e9ussi \u00e0 r\u00e9duire l&rsquo;\u00e9cart \u00e0 un point, mais cela n&rsquo;a pas suffi pour renverser la situation.<\/p>\n<p class=\"sources\">ats\/adav<\/p>\n","protected":false},"excerpt":{"rendered":"Il n&rsquo;y a plus de paires suisses aux championnats du monde \u00e0 Ad\u00e9la\u00efde. Marco Krattiger et Leo Dillier&hellip;\n","protected":false},"author":2,"featured_media":546537,"comment_status":"","ping_status":"","sticky":false,"template":"","format":"standard","meta":{"footnotes":""},"categories":[1417],"tags":[3062,27306,2548,2212,1011,27,35803,35804,517,60,3067,1470,1632,1469],"class_list":{"0":"post-546536","1":"post","2":"type-post","3":"status-publish","4":"format-standard","5":"has-post-thumbnail","7":"category-volley","8":"tag-autres-sports","9":"tag-beach-volley","10":"tag-bresil","11":"tag-championnat-du-monde","12":"tag-fr","13":"tag-france","14":"tag-leo-dillier","15":"tag-marco-krattiger","16":"tag-sport","17":"tag-sports","18":"tag-suisse","19":"tag-volley","20":"tag-volley-ball","21":"tag-volleyball"},"share_on_mastodon":{"url":"https:\/\/pubeurope.com\/@fr\/115581333371618888","error":""},"_links":{"self":[{"href":"https:\/\/www.europesays.com\/fr\/wp-json\/wp\/v2\/posts\/546536","targetHints":{"allow":["GET"]}}],"collection":[{"href":"https:\/\/www.europesays.com\/fr\/wp-json\/wp\/v2\/posts"}],"about":[{"href":"https:\/\/www.europesays.com\/fr\/wp-json\/wp\/v2\/types\/post"}],"author":[{"embeddable":true,"href":"https:\/\/www.europesays.com\/fr\/wp-json\/wp\/v2\/users\/2"}],"replies":[{"embeddable":true,"href":"https:\/\/www.europesays.com\/fr\/wp-json\/wp\/v2\/comments?post=546536"}],"version-history":[{"count":0,"href":"https:\/\/www.europesays.com\/fr\/wp-json\/wp\/v2\/posts\/546536\/revisions"}],"wp:featuredmedia":[{"embeddable":true,"href":"https:\/\/www.europesays.com\/fr\/wp-json\/wp\/v2\/media\/546537"}],"wp:attachment":[{"href":"https:\/\/www.europesays.com\/fr\/wp-json\/wp\/v2\/media?parent=546536"}],"wp:term":[{"taxonomy":"category","embeddable":true,"href":"https:\/\/www.europesays.com\/fr\/wp-json\/wp\/v2\/categories?post=546536"},{"taxonomy":"post_tag","embeddable":true,"href":"https:\/\/www.europesays.com\/fr\/wp-json\/wp\/v2\/tags?post=546536"}],"curies":[{"name":"wp","href":"https:\/\/api.w.org\/{rel}","templated":true}]}}