{"id":546540,"date":"2025-11-20T09:33:40","date_gmt":"2025-11-20T09:33:40","guid":{"rendered":"https:\/\/www.europesays.com\/fr\/546540\/"},"modified":"2025-11-20T09:33:40","modified_gmt":"2025-11-20T09:33:40","slug":"les-equipes-signent-une-fin-de-phase-de-poules-en-demi-teinte-medialot","status":"publish","type":"post","link":"https:\/\/www.europesays.com\/fr\/546540\/","title":{"rendered":"Les \u00e9quipes signent une fin de phase de poules en demi-teinte \u2013 Medialot"},"content":{"rendered":"<p>\n                          <a href=\"https:\/\/mtechalu46.com\" rel=\"nofollow noopener\" target=\"_blank\"><img loading=\"lazy\" decoding=\"async\" class=\"size-full wp-image-163888 aligncenter\" src=\"https:\/\/www.europesays.com\/fr\/wp-content\/uploads\/2025\/04\/GIF-MTECH.gif\" alt=\"\" width=\"300\" height=\"38\"\/><\/a><br \/>\nLa coupe Th\u00e9n\u00e9gal a rendu son verdict.\u00a0<\/p>\n<p><a href=\"https:\/\/lot.fr\/actualites\/journ-e-d-partementale-des-proches-aidants\" rel=\"nofollow noopener\" target=\"_blank\"><img loading=\"lazy\" decoding=\"async\" class=\"size-full wp-image-177063 aligncenter\" src=\"https:\/\/www.europesays.com\/fr\/wp-content\/uploads\/2025\/11\/Pub-GIF-medialot_300-x-38_JDA-2025.gif\" alt=\"\" width=\"300\" height=\"38\"\/><\/a><\/p>\n<p><a href=\"https:\/\/www.ecoutervoir.fr\" rel=\"nofollow noopener\" target=\"_blank\"><img loading=\"lazy\" decoding=\"async\" class=\"size-medium wp-image-163875 aligncenter\" src=\"https:\/\/www.europesays.com\/fr\/wp-content\/uploads\/2025\/04\/ecouter-v-300x37.jpeg\" alt=\"\" width=\"300\" height=\"37\"  \/><\/a><\/p>\n<p>Les \u00e9quipes masculine et f\u00e9minine du Tennis Club de Trespoux jouaient leurs derni\u00e8res rencontres de poules ce week-end en coupe Th\u00e9n\u00e9gal, encha\u00eenant des victoires nettes pour l\u2019\u00e9quipe masculine et des performances solides \u00e0 confirmer pour l\u2019\u00e9quipe f\u00e9minine.<\/p>\n<p><a href=\"https:\/\/www.europesays.com\/fr\/wp-content\/uploads\/2025\/11\/IMG-20251116-WA0002-2.jpg\"><img loading=\"lazy\" decoding=\"async\" class=\"alignnone size-full wp-image-177091\" src=\"https:\/\/www.europesays.com\/fr\/wp-content\/uploads\/2025\/11\/IMG-20251116-WA0002-2.jpg\" alt=\"\" width=\"1484\" height=\"1161\"  \/><\/a><\/p>\n<p>L\u2019\u00e9quipe s\u00e9nior f\u00e9minine recevait ce dimanche leurs homologues du Tennis Club de Martel \u00e0 la salle du Montat pour le compte de la derni\u00e8re journ\u00e9e de poules. En ouverture, Claire Egner du TCT signait l\u2019une des belles performances du jour en dominant Margaux Pinsac 6\/2 6\/0. La Trespouzienne C\u00e9line Baynat a ensuite remport\u00e9 un match accroch\u00e9 contre C\u00e9line Defay en 3 sets 6\/3 4\/6 6\/1, avant que sa partenaire M\u00e9lanie POTEL ne subisse la supr\u00e9matie de M\u00e9lissa Teuli\u00e8res class\u00e9e en 3\u00e8me s\u00e9rie, 6\/0 6\/3. Le double qui a suivi n\u2019a pas \u00e9t\u00e9 plus prolifique pour les joueuses du plateau, M\u00e9lanie Potel et C\u00e9line Baynat ont perdu en 2 sets face \u00e0 C\u00e9line Defay et M\u00e9lissa Teuli\u00e8res 6\/3 6\/3.\u00a0 Apr\u00e8s cette derni\u00e8re d\u00e9faite 3-2 face \u00e0 Martel, l\u2019\u00e9quipe s\u00e9nior f\u00e9minine termine 4\u00e8me dans cette poule qualificative, les Trespouziennes ne verront pas cette ann\u00e9e les phases finales. L\u2019engagement des f\u00e9minines et la coh\u00e9sion des groupes laissent malgr\u00e9 tout entrevoir de belles perspectives pour les challenges \u00e0 venir.<\/p>\n<p><a href=\"https:\/\/www.europesays.com\/fr\/wp-content\/uploads\/2025\/04\/medialot-300x38-5.jpg\"><img loading=\"lazy\" decoding=\"async\" class=\"size-full wp-image-150487 aligncenter\" src=\"https:\/\/www.europesays.com\/fr\/wp-content\/uploads\/2025\/04\/medialot-300x38-5.jpg\" alt=\"\" width=\"300\" height=\"38\"\/><\/a><br \/>\n<a href=\"https:\/\/www.lfccourtage.com\/\" rel=\"nofollow noopener\" target=\"_blank\"><img loading=\"lazy\" decoding=\"async\" class=\"size-full wp-image-78799 aligncenter\" src=\"https:\/\/www.europesays.com\/fr\/wp-content\/uploads\/2025\/04\/lfc-courtage-bandeau-2.gif\" alt=\"\" width=\"300\" height=\"38\"\/><\/a><br \/>\n<a href=\"https:\/\/www.facebook.com\/IntermarcheCahors?locale=fr_FR\" target=\"_blank\" rel=\"noopener noreferrer nofollow\"><img loading=\"lazy\" decoding=\"async\" class=\"aligncenter wp-image-111517 size-full\" src=\"https:\/\/www.europesays.com\/fr\/wp-content\/uploads\/2025\/04\/intermarche-V2.gif\" alt=\"\" width=\"300\" height=\"38\"\/><\/a><\/p>\n<p>Les hommes se d\u00e9pla\u00e7aient, quant \u00e0 eux, \u00e0 Labastide-Murat pour leur derni\u00e8re rencontre de poule dans cette coupe Th\u00e9n\u00e9gal. D\u00e8s le premier simple, Fr\u00e9d\u00e9rick H\u00e9li\u00e8s (30\/3) a donn\u00e9 le ton en dominant Elliot Saulet-Boukamoun (40) avec autorit\u00e9 6\/2, 6\/0. Laurent Perez (30\/2) a poursuivi sur le m\u00eame rythme, ne conc\u00e9dant aucun jeu \u00e0 Jean Cl\u00e9ment Soucirac (40) 6\/0, 6\/0, tandis que Adrien Courchinoux (30\/2) a conclu la s\u00e9rie en s\u2019imposant lui aussi nettement contre Nicolas Labro (40) 6\/0, 6\/2. Le double est venu parachever la d\u00e9monstration tr\u00e9spouzienne : Christian Egner et Fr\u00e9d\u00e9rick H\u00e9li\u00e8s ont surclass\u00e9 en 2 sets la paire Nicolas Labro et G\u00e9rard Bourguoin 6\/0, 6\/2. Avec ce succ\u00e8s total 5-0, Trespoux boucle sa phase de poules en affichant une solidit\u00e9 remarquable, de bonne augure pour la suite de la comp\u00e9tition. 1ers de poule avant les derniers r\u00e9sultats des autres rencontres (et notamment Rieupeyroux), les hommes verront les phases finales de cette coupe Th\u00e9n\u00e9gal d\u00e8s le mois prochain !<\/p>\n<p><a href=\"https:\/\/concessions.peugeot.fr\/cahors\" rel=\"nofollow noopener\" target=\"_blank\"><img loading=\"lazy\" decoding=\"async\" class=\"size-full wp-image-128909 aligncenter\" src=\"https:\/\/www.europesays.com\/fr\/wp-content\/uploads\/2025\/04\/pub_GGB_s.gif\" alt=\"\" width=\"300\" height=\"38\"\/><\/a><br \/>\n<a href=\"https:\/\/chambert.com\/fr\/index.html\" rel=\"nofollow noopener\" target=\"_blank\"><img loading=\"lazy\" decoding=\"async\" class=\"size-full wp-image-160827 aligncenter\" src=\"https:\/\/www.europesays.com\/fr\/wp-content\/uploads\/2025\/04\/chambert-2024-300x38-1.gif\" alt=\"\" width=\"300\" height=\"38\"\/><\/a><br \/>\n<a href=\"https:\/\/www.assureur-cahors.fr\" rel=\"nofollow noopener\" target=\"_blank\"><img loading=\"lazy\" decoding=\"async\" class=\"size-full wp-image-141871 aligncenter\" src=\"https:\/\/www.europesays.com\/fr\/wp-content\/uploads\/2025\/04\/300x38.gif\" alt=\"\" width=\"300\" height=\"38\"\/><\/a><br \/>\n<a href=\"https:\/\/piscinesservices46.fr\" rel=\"nofollow noopener\" target=\"_blank\"><img loading=\"lazy\" decoding=\"async\" class=\"size-full wp-image-146807 aligncenter\" src=\"https:\/\/www.europesays.com\/fr\/wp-content\/uploads\/2025\/04\/ps46-bandeau.gif\" alt=\"\" width=\"300\" height=\"38\"\/><\/a><\/p>\n","protected":false},"excerpt":{"rendered":"La coupe Th\u00e9n\u00e9gal a rendu son verdict.\u00a0 Les \u00e9quipes masculine et f\u00e9minine du Tennis Club de Trespoux jouaient&hellip;\n","protected":false},"author":2,"featured_media":546541,"comment_status":"","ping_status":"","sticky":false,"template":"","format":"standard","meta":{"footnotes":""},"categories":[1415],"tags":[1011,27,60,1467],"class_list":{"0":"post-546540","1":"post","2":"type-post","3":"status-publish","4":"format-standard","5":"has-post-thumbnail","7":"category-tennis","8":"tag-fr","9":"tag-france","10":"tag-sports","11":"tag-tennis"},"share_on_mastodon":{"url":"https:\/\/pubeurope.com\/@fr\/115581342446620544","error":""},"_links":{"self":[{"href":"https:\/\/www.europesays.com\/fr\/wp-json\/wp\/v2\/posts\/546540","targetHints":{"allow":["GET"]}}],"collection":[{"href":"https:\/\/www.europesays.com\/fr\/wp-json\/wp\/v2\/posts"}],"about":[{"href":"https:\/\/www.europesays.com\/fr\/wp-json\/wp\/v2\/types\/post"}],"author":[{"embeddable":true,"href":"https:\/\/www.europesays.com\/fr\/wp-json\/wp\/v2\/users\/2"}],"replies":[{"embeddable":true,"href":"https:\/\/www.europesays.com\/fr\/wp-json\/wp\/v2\/comments?post=546540"}],"version-history":[{"count":0,"href":"https:\/\/www.europesays.com\/fr\/wp-json\/wp\/v2\/posts\/546540\/revisions"}],"wp:featuredmedia":[{"embeddable":true,"href":"https:\/\/www.europesays.com\/fr\/wp-json\/wp\/v2\/media\/546541"}],"wp:attachment":[{"href":"https:\/\/www.europesays.com\/fr\/wp-json\/wp\/v2\/media?parent=546540"}],"wp:term":[{"taxonomy":"category","embeddable":true,"href":"https:\/\/www.europesays.com\/fr\/wp-json\/wp\/v2\/categories?post=546540"},{"taxonomy":"post_tag","embeddable":true,"href":"https:\/\/www.europesays.com\/fr\/wp-json\/wp\/v2\/tags?post=546540"}],"curies":[{"name":"wp","href":"https:\/\/api.w.org\/{rel}","templated":true}]}}