{"id":546545,"date":"2025-11-20T09:39:11","date_gmt":"2025-11-20T09:39:11","guid":{"rendered":"https:\/\/www.europesays.com\/fr\/546545\/"},"modified":"2025-11-20T09:39:11","modified_gmt":"2025-11-20T09:39:11","slug":"maitena-biraben-se-confie-sur-sa-relation-avec-son-mari-pierre-clement","status":"publish","type":"post","link":"https:\/\/www.europesays.com\/fr\/546545\/","title":{"rendered":"Ma\u00eftena Biraben se confie sur sa relation avec son mari, Pierre Cl\u00e9ment"},"content":{"rendered":"<p>Avec qui <strong>Ma\u00eftena Biraben<\/strong> partage-t-elle sa vie<br \/>\n? L\u2019animatrice, autrice et productrice, connue pour avoir anim\u00e9<br \/>\nl\u2019\u00e9mission culte autour de la parentalit\u00e9, Les<br \/>\nMaternelles, puis, La Matinale et Le<br \/>\nSuppl\u00e9ment, sur Canal+, est d\u00e9sormais \u00e0 la t\u00eate de son propre<br \/>\nm\u00e9dia <strong>Mesdames<\/strong> qui met \u00e0 l\u2019honneur les<br \/>\nfemmes de plus de 45 ans et aborde des th\u00e9matiques soci\u00e9tales,<br \/>\nf\u00e9minines et engag\u00e9es.\u00a0<\/p>\n<p>C\u00f4t\u00e9 vie priv\u00e9e, tout semble rouler comme sur des roulettes pour<br \/>\nl\u2019animatrice de 58 ans, bien qu\u2019elle soit toujours rest\u00e9e discr\u00e8te.<br \/>\nOn sait qu\u2019elle est mari\u00e9e depuis 2012 au journaliste<br \/>\n<strong>Pierre Cl\u00e9ment<\/strong>, qu\u2019elle a rencontr\u00e9 dans Les<br \/>\nMaternelles, sur France 5, alors qu\u2019il \u00e9tait r\u00e9dacteur en chef<br \/>\nadjoint de l\u00a0\u00bb\u00e9mission. <a href=\"https:\/\/www.grazia.fr\/beaute\/trouve-enfin-jolie-maitena-biraben-revele-secret-fait-disparaitre-tous-complexes-apres-50-ans-1200371.html\" target=\"_blank\" rel=\"noopener\"><br \/>\nMa\u00eftena Biraben<\/a> est aussi maman puisqu&rsquo;elle a eu un fils d\u2019une<br \/>\npr\u00e9c\u00e9dente union, n\u00e9 en 1996. L&rsquo;animatrice et Pierre Cl\u00e9ment sont<br \/>\n\u00e9galement les heureux parents d\u2019un fils pr\u00e9nomm\u00e9 Gabriel, n\u00e9 en<br \/>\n2006.<\/p>\n<p>Ma\u00eftena Biraben : une femme \u201cjalouse\u201d de son mari ?<\/p>\n<p>En plus de sa carri\u00e8re, elle tente de mener une <a href=\"https:\/\/www.grazia.fr\/people\/maitena-biraben-se-confie-a-grazia-tout-le-monde-veut-mon-job-212283.html\" target=\"_blank\" rel=\"noopener\"><br \/>\nvie de famille<\/a> et de couple de front, bien que la t\u00e2che ne soit<br \/>\npas toujours \u00e9vidente.\u00a0Elle a d\u2019ailleurs confi\u00e9 au magazine<br \/>\nElle, dans une interview, que cela pouvait parfois la<br \/>\nfrustrer de ne pas passer suffisamment de temps avec ses <a href=\"https:\/\/www.grazia.fr\/people\/je-netais-pas-faite-pour-avoir-un-enfant-catherine-lara-se-confie-sur-son-choix-de-ne-pas-etre-mere-1200278.html\" target=\"_blank\" rel=\"noopener\"><br \/>\nenfants<\/a> : \u00ab\u00a0Parfois, je peux mal le vivre. Je n&rsquo;ai plus le<br \/>\ntemps de m&rsquo;occuper des devoirs de notre petit dernier. C&rsquo;est Pierre<br \/>\nqui s&rsquo;en charge. Du coup, ils ont des rapports tr\u00e8s proches, tr\u00e8s<br \/>\nfusionnels, qui me rendent un peu jalouse\u00a0\u00bb, avait-elle confi\u00e9<br \/>\nsans filtre.<\/p>\n<p>Avant de pr\u00e9ciser : \u00ab\u00a0Je suis celle qui revient tard et \u00e0 qui<br \/>\non dit : &lsquo;Tiens, maman est l\u00e0.&rsquo; Ce n&rsquo;est pas toujours<br \/>\nagr\u00e9able.\u00a0\u00bb<\/p>\n<p>Une animatrice sur tous les fronts<\/p>\n<p>Une chose est s\u00fbre, Ma\u00eftena Biraben ne compte toutefois pas<br \/>\nfaire l\u2019impasse sur sa carri\u00e8re : \u00ab\u00a0Quand on est tomb\u00e9s<br \/>\namoureux, il savait que je n&rsquo;allais pas m&rsquo;arr\u00eater de travailler. La<br \/>\nt\u00e9l\u00e9 a toujours \u00e9t\u00e9 mon domaine naturel, mon espace<br \/>\nd&rsquo;expression\u00a0\u00bb, d\u00e9clarait l\u2019animatrice \u00e0 nos confr\u00e8res. Pierre<br \/>\nCl\u00e9ment, lui, a semble-t-il ralenti son activit\u00e9 professionnelle :<br \/>\n\u00ab\u00a0Quand il a d\u00fb arr\u00eater, j&rsquo;avoue que je ne me suis pas sentie<br \/>\ntr\u00e8s coupable, car je savais qu&rsquo;existait chez lui ce d\u00e9sir<br \/>\nd&rsquo;\u00e9crire\u00a0\u00bb, avouait Ma\u00eftena Biraben.<\/p>\n<p>Entre la vie professionnelle, la vie de famille et le couple, il<br \/>\nn\u2019est pas toujours facile de trouver le bon \u00e9quilibre, mais il<br \/>\nsemblerait qu\u2019\u00e0 58 ans, l\u2019animatrice ait enfin trouv\u00e9 le moyen de<br \/>\ntout g\u00e9rer en beaut\u00e9. Une v\u00e9ritable source d\u2019inspiration !<\/p>\n<blockquote class=\"instagram-media\" style=\"background: #ffffff;border: 0;margin: 1px;width: 100%;padding: 0;max-width: 500px;\" data-instgrm-permalink=\"https:\/\/www.instagram.com\/p\/DPoXNz9iNTg\/?img_index=1\" data-instgrm-version=\"14\"\/>\n<p><script async src=\"\/\/www.instagram.com\/embed.js\"><\/script><\/p>\n","protected":false},"excerpt":{"rendered":"Avec qui Ma\u00eftena Biraben partage-t-elle sa vie ? L\u2019animatrice, autrice et productrice, connue pour avoir anim\u00e9 l\u2019\u00e9mission culte&hellip;\n","protected":false},"author":2,"featured_media":546546,"comment_status":"","ping_status":"","sticky":false,"template":"","format":"standard","meta":{"footnotes":""},"categories":[1359],"tags":[43717,1764,3396,66476,26819,6074,58,59,1011,27,66474,757,66475,13109,973,11850,17730,10649,16283,3711,758,3356],"class_list":{"0":"post-546545","1":"post","2":"type-post","3":"status-publish","4":"format-standard","5":"has-post-thumbnail","7":"category-people","8":"tag-43717","9":"tag-ans","10":"tag-avec","11":"tag-biraben","12":"tag-clement","13":"tag-confie","14":"tag-divertissement","15":"tag-entertainment","16":"tag-fr","17":"tag-france","18":"tag-jalouse","19":"tag-je","20":"tag-maitena","21":"tag-mari","22":"tag-people","23":"tag-pierre","24":"tag-relation","25":"tag-sa","26":"tag-se","27":"tag-son","28":"tag-suis","29":"tag-sur"},"share_on_mastodon":{"url":"https:\/\/pubeurope.com\/@fr\/115581364933913539","error":""},"_links":{"self":[{"href":"https:\/\/www.europesays.com\/fr\/wp-json\/wp\/v2\/posts\/546545","targetHints":{"allow":["GET"]}}],"collection":[{"href":"https:\/\/www.europesays.com\/fr\/wp-json\/wp\/v2\/posts"}],"about":[{"href":"https:\/\/www.europesays.com\/fr\/wp-json\/wp\/v2\/types\/post"}],"author":[{"embeddable":true,"href":"https:\/\/www.europesays.com\/fr\/wp-json\/wp\/v2\/users\/2"}],"replies":[{"embeddable":true,"href":"https:\/\/www.europesays.com\/fr\/wp-json\/wp\/v2\/comments?post=546545"}],"version-history":[{"count":0,"href":"https:\/\/www.europesays.com\/fr\/wp-json\/wp\/v2\/posts\/546545\/revisions"}],"wp:featuredmedia":[{"embeddable":true,"href":"https:\/\/www.europesays.com\/fr\/wp-json\/wp\/v2\/media\/546546"}],"wp:attachment":[{"href":"https:\/\/www.europesays.com\/fr\/wp-json\/wp\/v2\/media?parent=546545"}],"wp:term":[{"taxonomy":"category","embeddable":true,"href":"https:\/\/www.europesays.com\/fr\/wp-json\/wp\/v2\/categories?post=546545"},{"taxonomy":"post_tag","embeddable":true,"href":"https:\/\/www.europesays.com\/fr\/wp-json\/wp\/v2\/tags?post=546545"}],"curies":[{"name":"wp","href":"https:\/\/api.w.org\/{rel}","templated":true}]}}