{"id":546549,"date":"2025-11-20T09:43:17","date_gmt":"2025-11-20T09:43:17","guid":{"rendered":"https:\/\/www.europesays.com\/fr\/546549\/"},"modified":"2025-11-20T09:43:17","modified_gmt":"2025-11-20T09:43:17","slug":"audiences-avant-20h-nagui-sur-france-2-franchit-hier-la-barre-des-3-millions-de-telespectateurs-la-meilleure-boulangerie-stable-sur-m6-et-toujours-devant-c-a-vous-sur-france-5","status":"publish","type":"post","link":"https:\/\/www.europesays.com\/fr\/546549\/","title":{"rendered":"Audiences Avant 20h: Nagui sur France 2 franchit hier la barre des 3 millions de t\u00e9l\u00e9spectateurs &#8211; \u00ab\u00a0La meilleure boulangerie\u00a0\u00bb stable sur M6 et toujours devant \u00ab\u00a0C \u00e0 vous\u00a0\u00bb sur France 5"},"content":{"rendered":"<p>TF1 proposait hier soir un nouvel \u00e9pisode de \u00ab\u00a0Demain nous appartient\u00a0\u00bb. En face, \u00ab\u00a0N&rsquo;oubliez pas les paroles\u00a0\u00bb , pr\u00e9sent\u00e9 par Nagui, \u00e9tait diffus\u00e9 sur France 2.<\/p>\n<p>Sur France 3, les t\u00e9l\u00e9spectateurs pouvaient retrouver \u00ab\u00a0ICI 19\/20\u00a0\u00bb. Quant \u00e0 M6, \u00ab\u00a0La meilleure boulangerie de France\u00a0\u00bb \u00e9tait diffus\u00e9e.\u00a0<\/p>\n<p>Sur France 5, Anne-Elisabeth Lemoine, entour\u00e9e de son \u00e9quipe, proposait un num\u00e9ro de \u00ab\u00a0C \u00e0 vous\u00a0\u00bb. Cette saison, la journaliste est aux commandes du programme du lundi au jeudi, laissant sa place \u00e0 Mohamed Bouhafsi le vendredi et le samedi.<\/p>\n<p>En face, c&rsquo;est Yann Barth\u00e8s et son \u00e9quipe qui occupaient l&rsquo;access de TMC pour une nouvelle saison de \u00ab\u00a0Quotidien\u00a0\u00bb. Chaque soir, Yann Barth\u00e8s \u00e9voque l\u2019actualit\u00e9 du jour avec ses journalistes, des invit\u00e9s et des reportages pour \u00e9clairer le monde qui nous entoure.<\/p>\n<p>A 18H45 chaque jour, Cyril Hanouna donne rendez-vous \u00e0 ses \u00ab\u00a0fanzouzes\u00a0\u00bb pour son \u00e9mission \u00ab\u00a0Tout beau tout 9\u00a0\u00bb sur W9. L&rsquo;animateur est accompagn\u00e9 de chroniqueurs sur son plateau.\u00a0<\/p>\n<p>        N&rsquo;oubliez pas les paroles<br \/>\n        17.7 % de PDA\n        <\/p>\n<p>        3 023 000<\/p>\n<p>        Demain nous appartient<br \/>\n        14.4 % de PDA\n        <\/p>\n<p>        2 429 000<\/p>\n<p>        ICI 19\/20<br \/>\n        13.5 % de PDA\n        <\/p>\n<p>        2 262 000<\/p>\n<p>        La meilleure boulangerie de France<br \/>\n        9 % de PDA\n        <\/p>\n<p>        1 295 000<\/p>\n<p>        Tout beau tout 9 &#8211; 1\u00e8re partie<br \/>\n        6.7 % de PDA\n        <\/p>\n<p>        1 258 000<\/p>\n<p>        C \u00e0 vous<br \/>\n        6.9 % de PDA\n        <\/p>\n<p>        1 114 000<\/p>\n<p>        Quotidien &#8211; 1\u00e8re partie<br \/>\n        5.5 % de PDA\n        <\/p>\n<p>        969 000<\/p>\n<p>        La quotidienne de la Star Academy<br \/>\n        1.5 % de PDA\n        <\/p>\n<p>        262 000<\/p>\n<p>  Le Top des parts de march\u00e9<\/p>\n","protected":false},"excerpt":{"rendered":"TF1 proposait hier soir un nouvel \u00e9pisode de \u00ab\u00a0Demain nous appartient\u00a0\u00bb. En face, \u00ab\u00a0N&rsquo;oubliez pas les paroles\u00a0\u00bb ,&hellip;\n","protected":false},"author":2,"featured_media":546550,"comment_status":"","ping_status":"","sticky":false,"template":"","format":"standard","meta":{"footnotes":""},"categories":[1356],"tags":[2367,58,59,1011,27,876,594,494,252,199,8648,1364],"class_list":{"0":"post-546549","1":"post","2":"type-post","3":"status-publish","4":"format-standard","5":"has-post-thumbnail","7":"category-television","8":"tag-audiences","9":"tag-divertissement","10":"tag-entertainment","11":"tag-fr","12":"tag-france","13":"tag-france-3","14":"tag-france-2","15":"tag-m6","16":"tag-television","17":"tag-tf1","18":"tag-tmc","19":"tag-tv"},"share_on_mastodon":{"url":"https:\/\/pubeurope.com\/@fr\/115581380513972335","error":""},"_links":{"self":[{"href":"https:\/\/www.europesays.com\/fr\/wp-json\/wp\/v2\/posts\/546549","targetHints":{"allow":["GET"]}}],"collection":[{"href":"https:\/\/www.europesays.com\/fr\/wp-json\/wp\/v2\/posts"}],"about":[{"href":"https:\/\/www.europesays.com\/fr\/wp-json\/wp\/v2\/types\/post"}],"author":[{"embeddable":true,"href":"https:\/\/www.europesays.com\/fr\/wp-json\/wp\/v2\/users\/2"}],"replies":[{"embeddable":true,"href":"https:\/\/www.europesays.com\/fr\/wp-json\/wp\/v2\/comments?post=546549"}],"version-history":[{"count":0,"href":"https:\/\/www.europesays.com\/fr\/wp-json\/wp\/v2\/posts\/546549\/revisions"}],"wp:featuredmedia":[{"embeddable":true,"href":"https:\/\/www.europesays.com\/fr\/wp-json\/wp\/v2\/media\/546550"}],"wp:attachment":[{"href":"https:\/\/www.europesays.com\/fr\/wp-json\/wp\/v2\/media?parent=546549"}],"wp:term":[{"taxonomy":"category","embeddable":true,"href":"https:\/\/www.europesays.com\/fr\/wp-json\/wp\/v2\/categories?post=546549"},{"taxonomy":"post_tag","embeddable":true,"href":"https:\/\/www.europesays.com\/fr\/wp-json\/wp\/v2\/tags?post=546549"}],"curies":[{"name":"wp","href":"https:\/\/api.w.org\/{rel}","templated":true}]}}