{"id":546561,"date":"2025-11-20T09:49:18","date_gmt":"2025-11-20T09:49:18","guid":{"rendered":"https:\/\/www.europesays.com\/fr\/546561\/"},"modified":"2025-11-20T09:49:18","modified_gmt":"2025-11-20T09:49:18","slug":"transformez-vos-photos-en-experiences-presque-3d-avec-ios-26-guide-complet","status":"publish","type":"post","link":"https:\/\/www.europesays.com\/fr\/546561\/","title":{"rendered":"Transformez vos photos en exp\u00e9riences presque 3D avec iOS 26 : guide complet"},"content":{"rendered":"<p>L\u2019iPhone gagne une nouvelle mani\u00e8re de redonner vie \u00e0 vos photos. <\/p>\n<p><img alt=\"Image 1 : Transformez vos photos en exp\u00e9riences presque 3D avec iOS 26 : guide complet\" fetchpriority=\"high\" decoding=\"async\" width=\"920\" height=\"613\" src=\"data:image\/svg+xml,%3Csvg%20xmlns=\" http:=\"\" class=\"wp-image-282672\" style=\"width:1200px\" data-lazy-src=\"https:\/\/www.europesays.com\/fr\/wp-content\/uploads\/2025\/11\/stock-google-photos-iphone-6-0158-0-0.jpg\"\/>iOS 26 permet de transformer n\u2019importe quelle photo en Sc\u00e8ne spatiale<\/p>\n<p><strong>Avec iOS 26, une simple image 2D peut d\u00e9sormais prendre l\u2019apparence d\u2019une sc\u00e8ne en relief<\/strong>. Sans mat\u00e9riel suppl\u00e9mentaire ni r\u00e9glage particulier \u00e0 la prise de vue, votre iPhone est capable de g\u00e9n\u00e9rer une repr\u00e9sentation quasi tridimensionnelle de n\u2019importe quelle photo. Cette fonction, appel\u00e9e <strong>Sc\u00e8ne spatiale<\/strong>, <strong>transforme vos clich\u00e9s ordinaires en images anim\u00e9es<\/strong> par un effet de profondeur tr\u00e8s convaincant.<\/p>\n<p>Bien qu\u2019elle repose sur des techniques d\u2019analyse visuelle proches de l\u2019IA, cette fonctionnalit\u00e9 n\u2019est pas directement li\u00e9e \u00e0 <a href=\"https:\/\/www.tomsguide.fr\/lancement-de-ios-18-1-apple-intelligence-cest-pour-quand-et-ca-vaut-quoi\/\" target=\"_blank\" rel=\"noopener\">Apple Intelligence<\/a>. Le syst\u00e8me se contente d\u2019examiner la photo d\u2019origine pour reconstituer diff\u00e9rents plans et produire un mouvement de parallaxe qui donne l\u2019impression de volume. <strong>L\u2019app Photos peut identifier automatiquement les images compatibles<\/strong>, ce qui \u00e9vite de chercher manuellement.<\/p>\n<p><strong>Tous les <a href=\"https:\/\/www.tomsguide.fr\/tag\/iphone\/\" target=\"_blank\" rel=\"noopener\">iPhone<\/a> \u00e0 partir de l\u2019iPhone 12 peuvent cr\u00e9er une Sc\u00e8ne spatiale<\/strong>, m\u00eame si l\u2019exp\u00e9rience varie selon la qualit\u00e9 du clich\u00e9.<\/p>\n<p>Sc\u00e8ne spatiale et Photo spatiale : quelle diff\u00e9rence ?<\/p>\n<p>Les deux termes peuvent pr\u00eater \u00e0 confusion. <strong>Une Sc\u00e8ne spatiale est g\u00e9n\u00e9r\u00e9e \u00e0 partir d\u2019une photo 2D existante<\/strong> et cr\u00e9e uniquement une illusion de profondeur lorsque vous inclinez l\u2019iPhone. Elle ne peut pas \u00eatre enregistr\u00e9e ni partag\u00e9e.<\/p>\n<p>La Photo spatiale, en revanche, n\u00e9cessite un <a href=\"https:\/\/www.tomsguide.fr\/tag\/iphone-15\/\" target=\"_blank\" rel=\"noopener\">iPhone 15<\/a> Pro ou plus r\u00e9cent au moment de la capture. Elle contient de v\u00e9ritables donn\u00e9es st\u00e9r\u00e9oscopiques, et seule une extension comme <a href=\"https:\/\/www.tomsguide.fr\/test-apple-vision-pro-au-sommet-il-donne-un-apercu-du-futur-mais-ce-nest-pas-assez\/\" target=\"_blank\" rel=\"noopener\">l\u2019Apple Vision Pro permet de la visualiser en 3D r\u00e9elle.<\/a><\/p>\n<p>A lire &gt; <a href=\"https:\/\/www.tomsguide.fr\/ios-26-trois-nouvelles-fonctions-prevues-avant-la-fin-de-lannee\/\" target=\"_blank\" rel=\"noopener\">iOS 26 : trois nouvelles fonctions pr\u00e9vues avant la fin de l\u2019ann\u00e9e<\/a><\/p>\n<p>Comment cr\u00e9er une Sc\u00e8ne spatiale dans l\u2019app Photos ?<\/p>\n<p>La manipulation est simple et rapide. Live Photos comme images fixes peuvent \u00eatre utilis\u00e9es. Cependant, <strong>si vous utilisez iCloud Photos, l\u2019image originale doit \u00eatre pr\u00e9sente en pleine r\u00e9solution sur l\u2019appareil<\/strong>. Lorsque <a href=\"https:\/\/www.tomsguide.fr\/fini-les-galeres-de-stockage-sur-iphone-ios-26-a-la-solution\/\" target=\"_blank\" rel=\"noopener\">le stockage est optimis\u00e9<\/a>, votre iPhone ne conserve qu\u2019une version all\u00e9g\u00e9e. Dans ce cas, il doit t\u00e9l\u00e9charger la photo avant la conversion. Une connexion Wi-Fi ou cellulaire fiable est donc indispensable, sans quoi un message d\u2019erreur peut s\u2019afficher. Il faut \u00e9galement disposer de suffisamment d\u2019espace libre.<\/p>\n<p>Une fois ces conditions remplies, voici la marche \u00e0 suivre :<\/p>\n<p>1. Ouvrez Photos et s\u00e9lectionnez le clich\u00e9 \u00e0 convertir.<\/p>\n<p>2. Touchez l\u2019ic\u00f4ne hexagonale Sc\u00e8ne spatiale dans l\u2019angle sup\u00e9rieur droit.<\/p>\n<p>3. L\u2019iPhone g\u00e9n\u00e8re automatiquement la sc\u00e8ne en simulant la profondeur.<\/p>\n<p>Ensuite, il suffit de <strong>faire doucement pivoter l\u2019appareil pour constater l\u2019effet<\/strong>. Les \u00e9l\u00e9ments du premier plan et de l\u2019arri\u00e8re-plan semblent se d\u00e9placer l\u00e9g\u00e8rement, comme si l\u2019image s\u2019ouvrait en volume.<\/p>\n<p>Les <strong>sc\u00e8nes peuvent \u00eatre consult\u00e9es directement dans Photos<\/strong> ou utilis\u00e9es pour <strong>personnaliser l\u2019\u00e9cran verrouill\u00e9<\/strong>. Lors de la modification d\u2019un fond d\u2019\u00e9cran, iOS 26 propose d\u2019activer ou d\u00e9sactiver l\u2019animation de parallaxe en un geste.<\/p>\n<p><strong>M\u00eame sans Apple Vision Pro, vous pouvez profiter d\u2019un rendu proche de la 3D<\/strong>. Les Sc\u00e8nes spatiales offrent un moyen simple, gratuit et instantan\u00e9 de red\u00e9couvrir vos anciennes photos, uniquement avec votre iPhone. <\/p>\n<p>Source : <a href=\"https:\/\/appleinsider.com\/inside\/ipados-26\/tips\/ios-26-how-to-view-2d-photos-as-3d-spatial-scenes-on-iphone\" target=\"_blank\" rel=\"noopener\">iPhoneInsider<\/a><\/p>\n","protected":false},"excerpt":{"rendered":"L\u2019iPhone gagne une nouvelle mani\u00e8re de redonner vie \u00e0 vos photos. iOS 26 permet de transformer n\u2019importe quelle&hellip;\n","protected":false},"author":2,"featured_media":546562,"comment_status":"","ping_status":"","sticky":false,"template":"","format":"standard","meta":{"footnotes":""},"categories":[7],"tags":[733,1011,27,655,63967,12,43,40,41,39,42,44],"class_list":{"0":"post-546561","1":"post","2":"type-post","3":"status-publish","4":"format-standard","5":"has-post-thumbnail","7":"category-sciences-et-technologies","8":"tag-apple","9":"tag-fr","10":"tag-france","11":"tag-iphone","12":"tag-iphone-15","13":"tag-news","14":"tag-science","15":"tag-science-and-technology","16":"tag-sciences","17":"tag-sciences-et-technologies","18":"tag-technologies","19":"tag-technology"},"share_on_mastodon":{"url":"https:\/\/pubeurope.com\/@fr\/115581408150648658","error":""},"_links":{"self":[{"href":"https:\/\/www.europesays.com\/fr\/wp-json\/wp\/v2\/posts\/546561","targetHints":{"allow":["GET"]}}],"collection":[{"href":"https:\/\/www.europesays.com\/fr\/wp-json\/wp\/v2\/posts"}],"about":[{"href":"https:\/\/www.europesays.com\/fr\/wp-json\/wp\/v2\/types\/post"}],"author":[{"embeddable":true,"href":"https:\/\/www.europesays.com\/fr\/wp-json\/wp\/v2\/users\/2"}],"replies":[{"embeddable":true,"href":"https:\/\/www.europesays.com\/fr\/wp-json\/wp\/v2\/comments?post=546561"}],"version-history":[{"count":0,"href":"https:\/\/www.europesays.com\/fr\/wp-json\/wp\/v2\/posts\/546561\/revisions"}],"wp:featuredmedia":[{"embeddable":true,"href":"https:\/\/www.europesays.com\/fr\/wp-json\/wp\/v2\/media\/546562"}],"wp:attachment":[{"href":"https:\/\/www.europesays.com\/fr\/wp-json\/wp\/v2\/media?parent=546561"}],"wp:term":[{"taxonomy":"category","embeddable":true,"href":"https:\/\/www.europesays.com\/fr\/wp-json\/wp\/v2\/categories?post=546561"},{"taxonomy":"post_tag","embeddable":true,"href":"https:\/\/www.europesays.com\/fr\/wp-json\/wp\/v2\/tags?post=546561"}],"curies":[{"name":"wp","href":"https:\/\/api.w.org\/{rel}","templated":true}]}}