{"id":546575,"date":"2025-11-20T09:59:25","date_gmt":"2025-11-20T09:59:25","guid":{"rendered":"https:\/\/www.europesays.com\/fr\/546575\/"},"modified":"2025-11-20T09:59:25","modified_gmt":"2025-11-20T09:59:25","slug":"nancy-steminov-cree-whartsep-une-nouvelle-riposte-au-choc-septique","status":"publish","type":"post","link":"https:\/\/www.europesays.com\/fr\/546575\/","title":{"rendered":"Nancy. StemInov cr\u00e9e WhartSep\u00ae, une nouvelle riposte au choc septique"},"content":{"rendered":"<p>Des pathologies o\u00f9 les options th\u00e9rapeutiques sp\u00e9cifiques sont aujourd\u2019hui insuffisantes. Le choc septique est une infection brutale et d\u00e9l\u00e9t\u00e8re (sepsis) qui, en se g\u00e9n\u00e9ralisant, provoque une d\u00e9faillance circulatoire et repr\u00e9sente la premi\u00e8re cause de d\u00e9c\u00e8s en r\u00e9animation. Face \u00e0 cette urgence m\u00e9dicale, StemInov propose une approche th\u00e9rapeutique de rupture.<\/p>\n<p>Des cellules souches du cordon ombilical<\/p>\n<p>Son innovation est le fruit de recherches men\u00e9es par la Pr Dani\u00e8le Bensoussan, cofondatrice de la soci\u00e9t\u00e9 StemInov avec Julie Hutin, CEO (chief executive officer). Responsable par ailleurs de l\u2019Unit\u00e9 de&#8230;<\/p>\n","protected":false},"excerpt":{"rendered":"Des pathologies o\u00f9 les options th\u00e9rapeutiques sp\u00e9cifiques sont aujourd\u2019hui insuffisantes. Le choc septique est une infection brutale et&hellip;\n","protected":false},"author":2,"featured_media":546576,"comment_status":"","ping_status":"","sticky":false,"template":"","format":"standard","meta":{"footnotes":""},"categories":[9635],"tags":[1111,11,33,1777,674,1011,27,775,5015,3457,1702,12,3456,25,71,767],"class_list":{"0":"post-546575","1":"post","2":"type-post","3":"status-publish","4":"format-standard","5":"has-post-thumbnail","7":"category-nancy","8":"tag-actu","9":"tag-actualites","10":"tag-economie","11":"tag-eu","12":"tag-europe","13":"tag-fr","14":"tag-france","15":"tag-grand-est","16":"tag-innovation-et-start-up","17":"tag-meurthe-et-moselle","18":"tag-nancy","19":"tag-news","20":"tag-region-lorraine","21":"tag-republique-francaise","22":"tag-sante","23":"tag-science-et-technologie"},"share_on_mastodon":{"url":"https:\/\/pubeurope.com\/@fr\/115581443493790102","error":""},"_links":{"self":[{"href":"https:\/\/www.europesays.com\/fr\/wp-json\/wp\/v2\/posts\/546575","targetHints":{"allow":["GET"]}}],"collection":[{"href":"https:\/\/www.europesays.com\/fr\/wp-json\/wp\/v2\/posts"}],"about":[{"href":"https:\/\/www.europesays.com\/fr\/wp-json\/wp\/v2\/types\/post"}],"author":[{"embeddable":true,"href":"https:\/\/www.europesays.com\/fr\/wp-json\/wp\/v2\/users\/2"}],"replies":[{"embeddable":true,"href":"https:\/\/www.europesays.com\/fr\/wp-json\/wp\/v2\/comments?post=546575"}],"version-history":[{"count":0,"href":"https:\/\/www.europesays.com\/fr\/wp-json\/wp\/v2\/posts\/546575\/revisions"}],"wp:featuredmedia":[{"embeddable":true,"href":"https:\/\/www.europesays.com\/fr\/wp-json\/wp\/v2\/media\/546576"}],"wp:attachment":[{"href":"https:\/\/www.europesays.com\/fr\/wp-json\/wp\/v2\/media?parent=546575"}],"wp:term":[{"taxonomy":"category","embeddable":true,"href":"https:\/\/www.europesays.com\/fr\/wp-json\/wp\/v2\/categories?post=546575"},{"taxonomy":"post_tag","embeddable":true,"href":"https:\/\/www.europesays.com\/fr\/wp-json\/wp\/v2\/tags?post=546575"}],"curies":[{"name":"wp","href":"https:\/\/api.w.org\/{rel}","templated":true}]}}