{"id":546577,"date":"2025-11-20T10:00:12","date_gmt":"2025-11-20T10:00:12","guid":{"rendered":"https:\/\/www.europesays.com\/fr\/546577\/"},"modified":"2025-11-20T10:00:12","modified_gmt":"2025-11-20T10:00:12","slug":"pourquoi-ces-chalets-situes-place-de-la-carriere-sont-de-couleur-noire","status":"publish","type":"post","link":"https:\/\/www.europesays.com\/fr\/546577\/","title":{"rendered":"pourquoi ces chalets situ\u00e9s place de la Carri\u00e8re sont de couleur noire"},"content":{"rendered":"<p>                    Par<br \/>\n        <strong><br \/>\n            <a href=\"https:\/\/actu.fr\/auteur\/pierre-emile-bouchy-actu-fr\" title=\"Consulter tous les articles de Paul-Emile Bouchy\" target=\"_blank\" rel=\"noopener\">Paul-Emile Bouchy<\/a><br \/>\n                    <\/strong><\/p>\n<p>        Publi\u00e9 le<\/p>\n<p>            20 nov. 2025 \u00e0 7h02        <\/p>\n<p>Les F\u00eates de <a href=\"https:\/\/actu.fr\/tag\/saint-nicolas\" target=\"_blank\" rel=\"noopener\">Saint-Nicolas<\/a> d\u00e9butent ce vendredi 21\u00a0novembre \u00e0 <strong>Nancy<\/strong>. Habitants et touristes pourront d\u00e9couvrir <a href=\"https:\/\/actu.fr\/grand-est\/nancy_54395\/fetes-de-saint-nicolas-2025-a-nancy-decouvrez-toutes-les-nouveautes-qui-vous-attendent-cette-annee_63456954.html\" target=\"_blank\" rel=\"noopener\">de nombreuses nouveaut\u00e9s lors de cette \u00e9dition 2025<\/a>, notamment <a href=\"https:\/\/actu.fr\/grand-est\/nancy_54395\/exclusif-un-tout-nouveau-village-a-l-etude-pour-les-fetes-de-saint-nicolas-2025-a-nancy_63164407.html\" target=\"_blank\" rel=\"noopener\">un tout nouveau village<\/a> install\u00e9 <strong>devant le palais du gouvernement<\/strong>, \u00e0 l\u2019extr\u00e9mit\u00e9 de la place de la Carri\u00e8re.<\/p>\n<p class=\" wall-content\">Particularit\u00e9 de ce village intitul\u00e9 \u00ab\u2009le village du gouverneur\u2009\u00bb\u2009:<strong> tous les chalets et l\u2019ensemble de mobilier sont de couleur noire avec des touches dor\u00e9es<\/strong>. On vous explique pourquoi.<\/p>\n<p>Un village \u00ab\u2009sobre et chic\u2009\u00bb sur cette place historique de Nancy<\/p>\n<p class=\" wall-content\">Juste \u00e0 c\u00f4t\u00e9 de la <a href=\"https:\/\/actu.fr\/grand-est\/nancy_54395\/fetes-de-saint-nicolas-2025-a-nancy-une-patinoire-en-glace-naturelle-va-faire-son-retour-voici-ou_63410637.html\" target=\"_blank\" rel=\"noopener\">patinoire<\/a>, ce nouveau village de Saint-Nicolas est en train d\u2019\u00eatre am\u00e9nag\u00e9 mais ce qui interpelle est la couleur inhabituelle de ses chalets.<\/p>\n<p class=\" wall-content\">Jean-S\u00e9bastien Bertran, un des initiateurs de ce nouveau village, nous explique ce choix\u2009: \u00ab\u2009Cela tend vers le noir mais c\u2019est davantage un brun tr\u00e8s soutenu pour <strong>rappeler la couleur qu\u2019on trouve sur les portes de la place Stanislas et de la place de la Carri\u00e8re<\/strong>\u2009\u00bb. Pour rappeler les dorures, quelques \u00e9l\u00e9ments dor\u00e9s sont visibles sur le mobilier et les chalets.<\/p>\n<p class=\" wall-content\">\u00ab\u2009On est dans un lieu embl\u00e9matique, class\u00e9 par l\u2019Unesco. On voulait donc <strong>cr\u00e9er quelque chose de sobre et chic en ayant une homog\u00e9n\u00e9it\u00e9<\/strong> entre tous les commer\u00e7ants nanc\u00e9iens pr\u00e9sents\u2009\u00bb, ajoute-t-il.<\/p>\n<p>Le village du gouverneur \u2013 place de la Carri\u00e8re<br \/>Ouvert du 21\u00a0novembre au 4\u00a0janvier<br \/>du dimanche au mercredi entre 11h et 22h, du jeudi au samedi entre 11h et 23h<br \/>Ferm\u00e9 les lundis hors vacances scolaires, le 25\u00a0d\u00e9cembre et le 1er\u00a0janvier<\/p>\n<p class=\" wall-content\">Personnalisez votre actualit\u00e9 en ajoutant vos villes et m\u00e9dias en favori avec <a href=\"https:\/\/moncompte.actu.fr\" title=\"D\u00e9couvez Mon Actu\" rel=\"nofollow noopener\" data-trk=\"{&quot;cta&quot;:{&quot;action&quot;:&quot;https:\\\/\\\/moncompte.actu.fr&quot;,&quot;category&quot;:&quot;mon compte&quot;,&quot;from&quot;:&quot;article footer&quot;,&quot;name&quot;:&quot;Mon actu&quot;,&quot;type&quot;:&quot;cta&quot;}}\" target=\"_blank\">Mon Actu<\/a>.<\/p>\n","protected":false},"excerpt":{"rendered":"Par Paul-Emile Bouchy Publi\u00e9 le 20 nov. 2025 \u00e0 7h02 Les F\u00eates de Saint-Nicolas d\u00e9butent ce vendredi 21\u00a0novembre&hellip;\n","protected":false},"author":2,"featured_media":546578,"comment_status":"","ping_status":"","sticky":false,"template":"","format":"standard","meta":{"footnotes":""},"categories":[9635],"tags":[1111,11,1777,674,1011,27,775,1702,12,25,14334,104],"class_list":{"0":"post-546577","1":"post","2":"type-post","3":"status-publish","4":"format-standard","5":"has-post-thumbnail","7":"category-nancy","8":"tag-actu","9":"tag-actualites","10":"tag-eu","11":"tag-europe","12":"tag-fr","13":"tag-france","14":"tag-grand-est","15":"tag-nancy","16":"tag-news","17":"tag-republique-francaise","18":"tag-saint-nicolas","19":"tag-societe"},"share_on_mastodon":{"url":"https:\/\/pubeurope.com\/@fr\/115581447254867089","error":""},"_links":{"self":[{"href":"https:\/\/www.europesays.com\/fr\/wp-json\/wp\/v2\/posts\/546577","targetHints":{"allow":["GET"]}}],"collection":[{"href":"https:\/\/www.europesays.com\/fr\/wp-json\/wp\/v2\/posts"}],"about":[{"href":"https:\/\/www.europesays.com\/fr\/wp-json\/wp\/v2\/types\/post"}],"author":[{"embeddable":true,"href":"https:\/\/www.europesays.com\/fr\/wp-json\/wp\/v2\/users\/2"}],"replies":[{"embeddable":true,"href":"https:\/\/www.europesays.com\/fr\/wp-json\/wp\/v2\/comments?post=546577"}],"version-history":[{"count":0,"href":"https:\/\/www.europesays.com\/fr\/wp-json\/wp\/v2\/posts\/546577\/revisions"}],"wp:featuredmedia":[{"embeddable":true,"href":"https:\/\/www.europesays.com\/fr\/wp-json\/wp\/v2\/media\/546578"}],"wp:attachment":[{"href":"https:\/\/www.europesays.com\/fr\/wp-json\/wp\/v2\/media?parent=546577"}],"wp:term":[{"taxonomy":"category","embeddable":true,"href":"https:\/\/www.europesays.com\/fr\/wp-json\/wp\/v2\/categories?post=546577"},{"taxonomy":"post_tag","embeddable":true,"href":"https:\/\/www.europesays.com\/fr\/wp-json\/wp\/v2\/tags?post=546577"}],"curies":[{"name":"wp","href":"https:\/\/api.w.org\/{rel}","templated":true}]}}