{"id":546583,"date":"2025-11-20T10:04:15","date_gmt":"2025-11-20T10:04:15","guid":{"rendered":"https:\/\/www.europesays.com\/fr\/546583\/"},"modified":"2025-11-20T10:04:15","modified_gmt":"2025-11-20T10:04:15","slug":"surprise-cetait-un-agent-de-securite","status":"publish","type":"post","link":"https:\/\/www.europesays.com\/fr\/546583\/","title":{"rendered":"surprise, c&rsquo;\u00e9tait un agent de s\u00e9curit\u00e9\u00a0!"},"content":{"rendered":"<p>                    Par<br \/>\n        <strong><br \/>\n            <a href=\"https:\/\/actu.fr\/auteur\/jm-aubert\" title=\"Consulter tous les articles de Jean-Marc Aubert\" rel=\"nofollow noopener\" target=\"_blank\">Jean-Marc Aubert<\/a><br \/>\n                    <\/strong><\/p>\n<p>        Publi\u00e9 le<\/p>\n<p>            20 nov. 2025 \u00e0 10h23        <\/p>\n<p>Le loup \u00e9tait dans la bergerie ! Un <strong>agent de s\u00e9curit\u00e9<\/strong> d\u2019une soci\u00e9t\u00e9 priv\u00e9e ayant \u00e9t\u00e9 employ\u00e9 \u00e0 Primark, \u00e2g\u00e9 d\u2019une quarantaine d\u2019ann\u00e9es a \u00e9t\u00e9 de nouveau surpris la main dans le sac \u00e0 l\u2019enseigne de v\u00eatements Bershka, dans le <strong>centre commercial Odysseum<\/strong>, \u00e0 <strong>Montpellier<\/strong>. C\u2019\u00e9tait ce mercredi 19 novembre 2025 apr\u00e8s-midi. Pour l\u2019anecdote, il a \u00e9t\u00e9 interpell\u00e9 et remis \u00e0 la police nationale par les agents de s\u00e9curit\u00e9 du centre commercial.<\/p>\n<p>    <a href=\"https:\/\/www.google.com\/maps\/embed?pb=!1m18!1m12!1m3!1d3905.854017558406!2d3.916643181233975!3d43.603714860715215!2m3!1f0!2f0!3f0!3m2!1i1024!2i768!4f13.1!3m3!1m2!1s0x12b6a57ae94a4975%3A0x4aefffe966107fd2!2sCentre%20commercial%20Odysseum!5e0!3m2!1sfr!2sfr!4v1763629401768!5m2!1sfr!2sfr\" title=\"Ouvrie le lien\" rel=\"nofollow noopener\" target=\"_blank\">Cliquez ici pour visualiser le contenu<\/a><\/p>\n<p class=\" wall-content\">D\u00e9j\u00e0 soup\u00e7onn\u00e9 par des vendeuses d\u2019avoir commis un vol \u00e0 l\u2019\u00e9talage la semaine derni\u00e8re dans cette boutique qu\u2019il avait pou quitter sans \u00eatre inqui\u00e9t\u00e9, faute de preuves, il a r\u00e9cidiv\u00e9 ce jeudi en compagnie de sa m\u00e8re, mais a \u00e9t\u00e9 reconnu formellement au moment o\u00f9 ils quittaient les lieux. Les vendeuses ont aussit\u00f4t alert\u00e9 le PC s\u00e9curit\u00e9 et les agents rapidement sur place ont identifi\u00e9 un de leur \u00ab\u00a0coll\u00e8gue\u00a0\u00bb r\u00e9cemment renvoy\u00e9 par la direction de Primark\u2026 pour des vols \u00e0 l\u00a0\u00bb\u00e9talage.<\/p>\n<p>Deux complices<\/p>\n<p class=\" wall-content\">En effet, employ\u00e9 dans la boutique r\u00e9cemment ouverte \u00e0 Odysseum, cet agent de s\u00e9curit\u00e9 a multipli\u00e9 les larcins, avec comme complices un adolescent et une amie, selon un mode op\u00e9ratoire r\u00e9current : au lieu de garer sa voiture dans le parking r\u00e9serv\u00e9 aux salari\u00e9s, gr\u00e2ce \u00e0 leur badge, il stationnait la sienne dans le parking public de la Mer. Il faisait rentrer et sortir discr\u00e8tement ses deux complices par une porte d\u00e9rob\u00e9e de Primark, sans passer par les caisses, pour ensuite cacher les produits vol\u00e9s dans le v\u00e9hicule sur le parking de la Mer.<\/p>\n<p>Vid\u00e9os : en ce moment sur Actu<\/p>\n<p class=\" wall-content\">La direction de Primark ayant constat\u00e9 des vols divers \u00e0 r\u00e9p\u00e9tition a mis en place une surveillance renforc\u00e9e, notamment via les <strong>cam\u00e9ras de vid\u00e9osurveillance<\/strong>, pensant qu\u2019il s\u2019agissait d\u2019un client. Surprise, lorsque le man\u00e8ge suspect de cet agent de s\u00e9curit\u00e9 d\u2019une soci\u00e9t\u00e9 priv\u00e9e a \u00e9t\u00e9 mis au jour. D\u00e9masqu\u00e9, il a \u00e9t\u00e9 remerci\u00e9, mais a continu\u00e9 \u00e0 s\u00e9vir sur le site d\u2019Odysseum, sans son uniforme de vigile : il y a environ un mois, il a d\u00e9rob\u00e9 une pile de v\u00eatements dans l\u2019enseigne JD Sport, avant de cibler l\u2019enseigne Bershka, \u00e0 deux reprises en quinze jours.<\/p>\n<p class=\" wall-content\">Selon nos informations, il est \u00e9galement connu des agents de s\u00e9curit\u00e9 du centre commercial du Polygone, pour avoir d\u00e9j\u00e0 \u00e9t\u00e9 interpell\u00e9 avec des articles vol\u00e9s. De nationalit\u00e9 alg\u00e9rienne, il a pr\u00e9sent\u00e9 un titre de s\u00e9jour datant de novembre 1988, aux policiers nationaux venus l\u2019interpeller, ce mercredi, apr\u00e8s \u00eatre pass\u00e9 par le PC s\u00e9curit\u00e9.<\/p>\n<p class=\" wall-content\">Personnalisez votre actualit\u00e9 en ajoutant vos villes et m\u00e9dias en favori avec <a href=\"https:\/\/moncompte.actu.fr\" title=\"D\u00e9couvez Mon Actu\" rel=\"nofollow noopener\" data-trk=\"{&quot;cta&quot;:{&quot;action&quot;:&quot;https:\\\/\\\/moncompte.actu.fr&quot;,&quot;category&quot;:&quot;mon compte&quot;,&quot;from&quot;:&quot;article footer&quot;,&quot;name&quot;:&quot;Mon actu&quot;,&quot;type&quot;:&quot;cta&quot;}}\" target=\"_blank\">Mon Actu<\/a>.<\/p>\n","protected":false},"excerpt":{"rendered":"Par Jean-Marc Aubert Publi\u00e9 le 20 nov. 2025 \u00e0 10h23 Le loup \u00e9tait dans la bergerie ! Un&hellip;\n","protected":false},"author":2,"featured_media":546584,"comment_status":"","ping_status":"","sticky":false,"template":"","format":"standard","meta":{"footnotes":""},"categories":[9599],"tags":[1111,11,1777,674,118,1011,27,303,2208,12,2680,1072,17697,25],"class_list":{"0":"post-546583","1":"post","2":"type-post","3":"status-publish","4":"format-standard","5":"has-post-thumbnail","7":"category-montpellier","8":"tag-actu","9":"tag-actualites","10":"tag-eu","11":"tag-europe","12":"tag-faits-divers","13":"tag-fr","14":"tag-france","15":"tag-justice","16":"tag-montpellier","17":"tag-news","18":"tag-occitanie","19":"tag-police","20":"tag-primark","21":"tag-republique-francaise"},"share_on_mastodon":{"url":"https:\/\/pubeurope.com\/@fr\/115581463106230688","error":""},"_links":{"self":[{"href":"https:\/\/www.europesays.com\/fr\/wp-json\/wp\/v2\/posts\/546583","targetHints":{"allow":["GET"]}}],"collection":[{"href":"https:\/\/www.europesays.com\/fr\/wp-json\/wp\/v2\/posts"}],"about":[{"href":"https:\/\/www.europesays.com\/fr\/wp-json\/wp\/v2\/types\/post"}],"author":[{"embeddable":true,"href":"https:\/\/www.europesays.com\/fr\/wp-json\/wp\/v2\/users\/2"}],"replies":[{"embeddable":true,"href":"https:\/\/www.europesays.com\/fr\/wp-json\/wp\/v2\/comments?post=546583"}],"version-history":[{"count":0,"href":"https:\/\/www.europesays.com\/fr\/wp-json\/wp\/v2\/posts\/546583\/revisions"}],"wp:featuredmedia":[{"embeddable":true,"href":"https:\/\/www.europesays.com\/fr\/wp-json\/wp\/v2\/media\/546584"}],"wp:attachment":[{"href":"https:\/\/www.europesays.com\/fr\/wp-json\/wp\/v2\/media?parent=546583"}],"wp:term":[{"taxonomy":"category","embeddable":true,"href":"https:\/\/www.europesays.com\/fr\/wp-json\/wp\/v2\/categories?post=546583"},{"taxonomy":"post_tag","embeddable":true,"href":"https:\/\/www.europesays.com\/fr\/wp-json\/wp\/v2\/tags?post=546583"}],"curies":[{"name":"wp","href":"https:\/\/api.w.org\/{rel}","templated":true}]}}