{"id":546587,"date":"2025-11-20T10:06:12","date_gmt":"2025-11-20T10:06:12","guid":{"rendered":"https:\/\/www.europesays.com\/fr\/546587\/"},"modified":"2025-11-20T10:06:12","modified_gmt":"2025-11-20T10:06:12","slug":"rouen-la-precarite-est-toujours-a-lordre-du-jour-les-restos-du-coeur-lancent-leur-campagne-hivernale","status":"publish","type":"post","link":"https:\/\/www.europesays.com\/fr\/546587\/","title":{"rendered":"Rouen. \u00ab\u00a0La pr\u00e9carit\u00e9 est toujours \u00e0 l&rsquo;ordre du jour\u2026\u00a0\u00bb Les Restos du C\u0153ur lancent leur campagne hivernale"},"content":{"rendered":"<p melodystyle=\"texte\">La campagne hivernale des Restos du c\u0153ur a \u00e9t\u00e9 lanc\u00e9e, lundi 17\u00a0novembre. Une expression presque symbolique, puisque l&rsquo;association accueille d\u00e9sormais ses b\u00e9n\u00e9ficiaires toute l&rsquo;ann\u00e9e. \u00ab\u00a040 ans, c&rsquo;est un bel anniversaire quand on voit ce que ce mouvement de solidarit\u00e9 est devenu, mais c&rsquo;est aussi un triste anniversaire puisque <a href=\"https:\/\/www.tendanceouest.com\/actualite-433519-orne-la-situation-s-aggrave-les-restos-du-coeur-dressent-le-bilan-de-leur-campagne-departementale\" target=\"_blank\" rel=\"nofollow noopener\">la pr\u00e9carit\u00e9 est toujours \u00e0 l&rsquo;ordre du jour\u00a0\u00bb<\/a>, lance Jean-Marie Marchand, le responsable d\u00e9partemental des Restos du C\u0153ur de la r\u00e9gion de Rouen, comp\u00e9tent sur une moiti\u00e9 est de la Seine-Maritime.\u00a0<\/p>\n<p>Entre 1\u00a0500 et 1\u00a0600 b\u00e9n\u00e9ficiaires<\/p>\n<p melodystyle=\"texte\">Dans les diff\u00e9rents centres de ce territoire, l&rsquo;association va accueillir pour l&rsquo;aide alimentaire entre 1\u00a0500 et 1\u00a0600 b\u00e9n\u00e9ficiaires cet hiver. Et la demande ne cesse d&rsquo;augmenter et de se transformer. \u00ab\u00a0On a vu un changement de population depuis le Covid avec des nouvelles personnes en pr\u00e9carit\u00e9\u00a0: des \u00e9tudiants et puis, \u00e0 cause de l&rsquo;inflation, des retrait\u00e9s pauvres ou des travailleurs avec des petits salaires\u00a0\u00bb, remarque le b\u00e9n\u00e9vole. Des populations qui \u00e9taient tr\u00e8s minoritaires il y a quelques ann\u00e9es, preuve que \u00ab\u00a0la pr\u00e9carit\u00e9 est \u00e0 l&rsquo;ordre du jour\u00a0\u00bb.\u00a0<\/p>\n<p melodystyle=\"textnoprint\">\n<p>Un bar\u00e8me durci<\/p>\n<p melodystyle=\"texte\">A tel point que les Restos du C\u0153ur ont d\u00fb modifier leur bar\u00e8me, ne pouvant plus accueillir l&rsquo;ensemble des demandeurs. \u00ab\u00a0On ne peut pas r\u00e9pondre financi\u00e8rement, mais aussi en termes de qualit\u00e9 d&rsquo;accueil\u00a0\u00bb, insiste Jean-Marie Marchand. Impossible effectivement de pousser les murs et le responsable insiste sur l&rsquo;accueil d\u00e9cent que l&rsquo;association cherche \u00e0 offrir. \u00ab\u00a0Le projet, c&rsquo;est aussi la convivialit\u00e9, l&rsquo;\u00e9coute, l&rsquo;accompagnement pour aller vers la sortie de l&rsquo;aide.\u00a0\u00bb\u00a0<\/p>\n<p>Comment aider\u00a0?<\/p>\n<p melodystyle=\"texte\">Il y a diff\u00e9rents moyens de participer \u00e0 la cause des Restos du C\u0153ur. Des dons en nature, de nourriture, sont possibles directement aupr\u00e8s des centres.\u00a0<a href=\"https:\/\/www.restosducoeur.org\/\" target=\"_blank\" rel=\"nofollow noopener\">Les dons d&rsquo;argent sont aussi les bienvenus<\/a>, et ils peuvent en partie \u00eatre d\u00e9ductibles des imp\u00f4ts. Enfin, les centres sont toujours en recherche de nouveaux b\u00e9n\u00e9voles.\u00a0\u00a0<\/p>\n","protected":false},"excerpt":{"rendered":"La campagne hivernale des Restos du c\u0153ur a \u00e9t\u00e9 lanc\u00e9e, lundi 17\u00a0novembre. Une expression presque symbolique, puisque l&rsquo;association&hellip;\n","protected":false},"author":2,"featured_media":546588,"comment_status":"","ping_status":"","sticky":false,"template":"","format":"standard","meta":{"footnotes":""},"categories":[9587],"tags":[1111,11,1777,674,1011,27,12,5161,25,9590],"class_list":{"0":"post-546587","1":"post","2":"type-post","3":"status-publish","4":"format-standard","5":"has-post-thumbnail","7":"category-rouen","8":"tag-actu","9":"tag-actualites","10":"tag-eu","11":"tag-europe","12":"tag-fr","13":"tag-france","14":"tag-news","15":"tag-normandie","16":"tag-republique-francaise","17":"tag-rouen"},"share_on_mastodon":{"url":"https:\/\/pubeurope.com\/@fr\/115581471305033562","error":""},"_links":{"self":[{"href":"https:\/\/www.europesays.com\/fr\/wp-json\/wp\/v2\/posts\/546587","targetHints":{"allow":["GET"]}}],"collection":[{"href":"https:\/\/www.europesays.com\/fr\/wp-json\/wp\/v2\/posts"}],"about":[{"href":"https:\/\/www.europesays.com\/fr\/wp-json\/wp\/v2\/types\/post"}],"author":[{"embeddable":true,"href":"https:\/\/www.europesays.com\/fr\/wp-json\/wp\/v2\/users\/2"}],"replies":[{"embeddable":true,"href":"https:\/\/www.europesays.com\/fr\/wp-json\/wp\/v2\/comments?post=546587"}],"version-history":[{"count":0,"href":"https:\/\/www.europesays.com\/fr\/wp-json\/wp\/v2\/posts\/546587\/revisions"}],"wp:featuredmedia":[{"embeddable":true,"href":"https:\/\/www.europesays.com\/fr\/wp-json\/wp\/v2\/media\/546588"}],"wp:attachment":[{"href":"https:\/\/www.europesays.com\/fr\/wp-json\/wp\/v2\/media?parent=546587"}],"wp:term":[{"taxonomy":"category","embeddable":true,"href":"https:\/\/www.europesays.com\/fr\/wp-json\/wp\/v2\/categories?post=546587"},{"taxonomy":"post_tag","embeddable":true,"href":"https:\/\/www.europesays.com\/fr\/wp-json\/wp\/v2\/tags?post=546587"}],"curies":[{"name":"wp","href":"https:\/\/api.w.org\/{rel}","templated":true}]}}