{"id":546589,"date":"2025-11-20T10:07:13","date_gmt":"2025-11-20T10:07:13","guid":{"rendered":"https:\/\/www.europesays.com\/fr\/546589\/"},"modified":"2025-11-20T10:07:13","modified_gmt":"2025-11-20T10:07:13","slug":"rouen-une-femme-de-99-ans-attend-64-heures-sur-un-brancard-aux-urgences","status":"publish","type":"post","link":"https:\/\/www.europesays.com\/fr\/546589\/","title":{"rendered":"Rouen : Une femme de 99 ans attend 64 heures sur un brancard aux urgences"},"content":{"rendered":"<p class=\"mb-4 text-lg md:leading-8 break-words\"><strong>interminable &#8211; Une grand-m\u00e8re de 99 ans a pass\u00e9 64 heures sur un brancard dans les couloirs des urgences du CHU de Rouen malgr\u00e9 un diagnostic d\u2019\u0153d\u00e8me aigu du poumon pos\u00e9 d\u00e8s le vendredi soir<\/strong><\/p>\n<p class=\"mb-4 text-lg md:leading-8 break-words\">L\u2019affaire surprend. Choque m\u00eame. Mais qui aurait pu rester secr\u00e8te si, Aline Percher n\u2019avait pas publi\u00e9 un long message sur Facebook pour d\u00e9noncer les conditions d\u2019attente aux <a href=\"https:\/\/www.20minutes.fr\/sante\/4184724-20251110-toulouse-renvoye-vers-clinique-generaliste-manque-medecins-urgences-chu-font-tri?at_medium=RSS%20feed&amp;at_campaign=ynews&amp;utm_source=yahoo&amp;utm_medium=rss&amp;utm_campaign=news_feed&amp;utm_content=in_article_link\" rel=\"nofollow noopener\" target=\"_blank\" data-ylk=\"slk:urgences du CHU;elm:context_link;itc:0;sec:content-canvas\" class=\"link \">urgences du CHU<\/a> de <a href=\"https:\/\/www.20minutes.fr\/dossier\/rouen?at_medium=RSS%20feed&amp;at_campaign=ynews&amp;utm_source=yahoo&amp;utm_medium=rss&amp;utm_campaign=news_feed&amp;utm_content=in_article_link\" rel=\"nofollow noopener\" target=\"_blank\" data-ylk=\"slk:Rouen;elm:context_link;itc:0;sec:content-canvas\" class=\"link \">Rouen<\/a> en <a href=\"https:\/\/www.20minutes.fr\/dossier\/seine_maritime-1?at_medium=RSS%20feed&amp;at_campaign=ynews&amp;utm_source=yahoo&amp;utm_medium=rss&amp;utm_campaign=news_feed&amp;utm_content=in_article_link\" rel=\"nofollow noopener\" target=\"_blank\" data-ylk=\"slk:Seine-Maritime;elm:context_link;itc:0;sec:content-canvas\" class=\"link \">Seine-Maritime<\/a>. Sa grand-m\u00e8re de 99 ans y a pass\u00e9 64 heures sur un brancard, du vendredi 17\u00a0octobre au lundi 20\u00a0octobre 2025 \u00e0 14h30, heure \u00e0 laquelle on lui a enfin propos\u00e9 un lit \u00ab\u00a0dans un service de g\u00e9riatrie\u00a0\u00bb, rapporte <a href=\"https:\/\/www.paris-normandie.fr\/id675340\/article\/2025-11-18\/99-ans-elle-passe-65-heures-sur-un-brancard-aux-urgences-rouen?at_medium=RSS%20feed&amp;at_campaign=ynews&amp;utm_source=yahoo&amp;utm_medium=rss&amp;utm_campaign=news_feed&amp;utm_content=in_article_link\" rel=\"nofollow noopener\" target=\"_blank\" data-ylk=\"slk:France-Normandie;elm:context_link;itc:0;sec:content-canvas\" class=\"link \">France-Normandie<\/a>.<\/p>\n<p class=\"mb-4 text-lg md:leading-8 break-words\">Dans ce message, elle raconte le couloir rempli de brancards et le diagnostic pos\u00e9 d\u00e8s le vendredi vers minuit\u00a0: \u00ab\u00a0OAP (\u0153d\u00e8me aigu des poumons, de l\u2019eau dans ou autour des poumons)\u00a0\u00bb. \u00ab\u00a0Elle devait \u00eatre transf\u00e9r\u00e9e au service g\u00e9riatrie, mais il fallait qu\u2019un lit se lib\u00e8re\u00a0\u00bb, \u00e9crit-elle.<\/p>\n<p>\u00ab\u00a0Un coup de gueule qui ne changera s\u00fbrement rien\u00a0\u00bb<\/p>\n<p class=\"mb-4 text-lg md:leading-8 break-words\">\u00ab\u00a0Les aides soignantes, et m\u00eame une cadre, sont pass\u00e9es nous voir\u00a0; elles \u00e9taient d\u00e9sol\u00e9es de ne pas pouvoir faire plus. On les a vues plusieurs jours d\u2019affil\u00e9e. Elles faisaient leur journ\u00e9e, et quand elles revenaient le lendemain, elles constataient que ma grand-m\u00e8re \u00e9tait toujours l\u00e0\u00a0\u00bb, t\u00e9moigne encore Aline Percher, qui pr\u00e9cise que son message \u00ab\u00a0est un coup de gueule qui ne changera s\u00fbrement rien, mais j\u2019aurai, \u00e0 mon niveau, fait un petit quelque chose\u00a0\u00bb. Elle tient aussi \u00e0 remercier le personnel soignant.<\/p>\n<p class=\"mb-4 text-lg md:leading-8 break-words\">Contact\u00e9e, la direction du CHU de Rouen explique, selon Ouest-France que \u00ab\u00a0le week-end du 17\u00a0octobre, le service des urgences adultes a d\u00fb faire face \u00e0 une activit\u00e9 tr\u00e8s intense, avec plus de 250 p(&#8230;)<\/p>\n<p class=\"mb-4 text-lg md:leading-8 break-words\"><a href=\"https:\/\/www.20minutes.fr\/faits_divers\/4186774-20251120-rouen-femme-99-ans-attend-64-heures-brancard-urgences?at_medium=RSS%20feed&amp;at_campaign=ynews&amp;utm_source=yahoo&amp;utm_medium=rss&amp;utm_campaign=news_feed&amp;utm_content=read_more_link&quot;\" rel=\"nofollow noopener\" target=\"_blank\" data-ylk=\"slk:Lire la suite sur 20minutes;elm:context_link;itc:0;sec:content-canvas\" class=\"link \">Lire la suite sur 20minutes<\/a><\/p>\n<p>\u00c0 lire aussi :<br \/><a href=\"https:\/\/www.20minutes.fr\/sante\/4185181-20251112-medecin-hopital-six-francais-dix-mecontents-acces-soins-pres-chez?at_medium=RSS%20feed&amp;at_campaign=ynews&amp;utm_source=yahoo&amp;utm_medium=rss&amp;utm_campaign=news_feed&amp;utm_content=related_content_link\" rel=\"nofollow noopener\" target=\"_blank\" data-ylk=\"slk:M\u00e9decin, h\u00f4pital\u2026 Six Fran\u00e7ais sur dix sont m\u00e9contents de l\u2019acc\u00e8s aux soins pr\u00e8s de chez eux;elm:context_link;itc:0;sec:content-canvas\" class=\"link \">M\u00e9decin, h\u00f4pital\u2026 Six Fran\u00e7ais sur dix sont m\u00e9contents de l\u2019acc\u00e8s aux soins pr\u00e8s de chez eux<\/a><br \/><a href=\"https:\/\/www.20minutes.fr\/faits_divers\/4169426-20250825-mans-absence-intervention-samu-critiquee-apres-mort-homme-24-ans?at_medium=RSS%20feed&amp;at_campaign=ynews&amp;utm_source=yahoo&amp;utm_medium=rss&amp;utm_campaign=news_feed&amp;utm_content=related_content_link\" rel=\"nofollow noopener\" target=\"_blank\" data-ylk=\"slk:Le\u00a0Mans\u00a0: L\u2019absence d\u2019intervention du Samu critiqu\u00e9e apr\u00e8s la mort d\u2019un homme de 24 ans;elm:context_link;itc:0;sec:content-canvas\" class=\"link \">Le\u00a0Mans\u00a0: L\u2019absence d\u2019intervention du Samu critiqu\u00e9e apr\u00e8s la mort d\u2019un homme de 24 ans<\/a><\/p>\n","protected":false},"excerpt":{"rendered":"interminable &#8211; Une grand-m\u00e8re de 99 ans a pass\u00e9 64 heures sur un brancard dans les couloirs des&hellip;\n","protected":false},"author":2,"featured_media":546590,"comment_status":"","ping_status":"","sticky":false,"template":"","format":"standard","meta":{"footnotes":""},"categories":[9587],"tags":[1111,11,66477,1764,66470,51838,1777,674,1011,27,12,5161,25,9590],"class_list":{"0":"post-546589","1":"post","2":"type-post","3":"status-publish","4":"format-standard","5":"has-post-thumbnail","7":"category-rouen","8":"tag-actu","9":"tag-actualites","10":"tag-aline-percher","11":"tag-ans","12":"tag-brancard","13":"tag-chu-de-rouen","14":"tag-eu","15":"tag-europe","16":"tag-fr","17":"tag-france","18":"tag-news","19":"tag-normandie","20":"tag-republique-francaise","21":"tag-rouen"},"share_on_mastodon":{"url":"https:\/\/pubeurope.com\/@fr\/115581474970218550","error":""},"_links":{"self":[{"href":"https:\/\/www.europesays.com\/fr\/wp-json\/wp\/v2\/posts\/546589","targetHints":{"allow":["GET"]}}],"collection":[{"href":"https:\/\/www.europesays.com\/fr\/wp-json\/wp\/v2\/posts"}],"about":[{"href":"https:\/\/www.europesays.com\/fr\/wp-json\/wp\/v2\/types\/post"}],"author":[{"embeddable":true,"href":"https:\/\/www.europesays.com\/fr\/wp-json\/wp\/v2\/users\/2"}],"replies":[{"embeddable":true,"href":"https:\/\/www.europesays.com\/fr\/wp-json\/wp\/v2\/comments?post=546589"}],"version-history":[{"count":0,"href":"https:\/\/www.europesays.com\/fr\/wp-json\/wp\/v2\/posts\/546589\/revisions"}],"wp:featuredmedia":[{"embeddable":true,"href":"https:\/\/www.europesays.com\/fr\/wp-json\/wp\/v2\/media\/546590"}],"wp:attachment":[{"href":"https:\/\/www.europesays.com\/fr\/wp-json\/wp\/v2\/media?parent=546589"}],"wp:term":[{"taxonomy":"category","embeddable":true,"href":"https:\/\/www.europesays.com\/fr\/wp-json\/wp\/v2\/categories?post=546589"},{"taxonomy":"post_tag","embeddable":true,"href":"https:\/\/www.europesays.com\/fr\/wp-json\/wp\/v2\/tags?post=546589"}],"curies":[{"name":"wp","href":"https:\/\/api.w.org\/{rel}","templated":true}]}}