{"id":54659,"date":"2025-04-26T15:10:09","date_gmt":"2025-04-26T15:10:09","guid":{"rendered":"https:\/\/www.europesays.com\/fr\/54659\/"},"modified":"2025-04-26T15:10:09","modified_gmt":"2025-04-26T15:10:09","slug":"cette-ligne-que-des-millions-de-francais-remplissent-pour-payer-moins-ils-seront-penalises-en-2025","status":"publish","type":"post","link":"https:\/\/www.europesays.com\/fr\/54659\/","title":{"rendered":"cette ligne que des millions de Fran\u00e7ais remplissent pour payer moins, ils seront p\u00e9nalis\u00e9s en 2025"},"content":{"rendered":"<p>        Montrer le sommaire<br \/>\n        Cacher le sommaire <\/p>\n<p>Tous les ans, pr\u00eater attention \u00e0 cette partie de la <strong>d\u00e9claration de revenus<\/strong> aidait \u00e0 r\u00e9duire le montant des imp\u00f4ts. Mais cette ann\u00e9e, la situation change, comme le rapporte <strong>Droit-Finances<\/strong>. Remplir une des lignes du formulaire pourrait m\u00eame <a href=\"https:\/\/www.nuitfrance.fr\/a-la-une\/197810-impots-ces-oublis-peuvent-entrainer-des-sanctions-qui-vont-vous-gacher-la-vie\/\" target=\"_blank\" rel=\"noopener\">entra\u00eener une p\u00e9nalisation<\/a> en 2025.<\/p>\n<p>Alors, avant de vous lancer <a href=\"https:\/\/www.nuitfrance.fr\/actualite\/198348-impots-cette-case-peu-connue-sur-votre-declaration-peut-vous-couter-une-fortune-attention-au-piege\/\" target=\"_blank\" rel=\"noopener\">dans votre d\u00e9claration<\/a>, prenez un moment pour lire l\u2019article. Ces informations vous <strong>\u00e9viteront de mauvaises surprises<\/strong>.\n<\/p>\n<p>Pour r\u00e9duire les imp\u00f4ts \u00e0 payer<\/p>\n<p>Qui n\u2019a jamais crisp\u00e9 en <a href=\"https:\/\/www.nuitfrance.fr\/a-la-une\/196681-impots-les-francais-oublient-les-cases-d-et-y-pour-reduire-la-facture\/\" target=\"_blank\" rel=\"noopener\">d\u00e9couvrant sa facture<\/a> venant des imp\u00f4ts ? Normal, puisque pour certains la somme s\u2019\u00e9l\u00e8ve \u00e0 <strong>quelques milliers d\u2019euros<\/strong>.<\/p>\n<p>C\u2019est vrai, le <strong>pr\u00e9l\u00e8vement \u00e0 la source<\/strong> donne l\u2019impression d\u2019une somme moindre. Mais au final, il faut quand m\u00eame sortir une grosse somme. Voil\u00e0 pourquoi la grande majorit\u00e9 des contribuables cherchent toujours des moyens pour <a href=\"https:\/\/www.nuitfrance.fr\/a-la-une\/198245-impots-ces-avantages-fiscaux-que-les-seniors-peuvent-deduire-dans-leur-declaration-pour-payer-moins\/\" target=\"_blank\" rel=\"noopener\">all\u00e9ger la note<\/a> autant que possible.<\/p>\n<p><a class=\"related-article simple\" href=\"https:\/\/www.nuitfrance.fr\/actualite\/198641-impots-cette-case-meconnue-permet-deconomiser-jusqua-1-678-e-les-francais-concernes\/\" target=\"_blank\" rel=\"noopener\"><br \/>\n                        \u00c0 voir<br \/>\n                        Imp\u00f4ts : cette case m\u00e9connue permet d\u2019\u00e9conomiser jusqu\u2019\u00e0 1 678 \u20ac, les Fran\u00e7ais concern\u00e9s<\/p>\n<p>                        <\/a><\/p>\n<p>En principe, tout se joue au moment de faire sa d\u00e9claration de revenus. Parce que le formulaire contient des <strong>cases capables de faire baisser l\u2019imp\u00f4t d\u00fb<\/strong>. L\u2019id\u00e9e est juste de cocher les bonnes et d\u2019entrer les informations adapt\u00e9es.\n<\/p>\n<p>Pourtant, chaque ann\u00e9e am\u00e8ne son lot de changements. Une r\u00e8gle avantageuse hier peut perdre en efficacit\u00e9 aujourd\u2019hui. La preuve ? Un dispositif bien connu pour r\u00e9duire les imp\u00f4ts a d\u00e9sormais moins d\u2019impact. D\u2019o\u00f9 la n\u00e9cessit\u00e9 de lire la <strong>d\u00e9claration ligne par ligne<\/strong>, sans rien laisser au hasard.<\/p>\n<p>Un dispositif qui permet de r\u00e9duire les imp\u00f4ts<\/p>\n<p>Depuis des ann\u00e9es, un dispositif aide les contribuables qui prennent leur voiture personnelle pour le travail. Nous faisons r\u00e9f\u00e9rence au <strong>bar\u00e8me kilom\u00e9trique<\/strong>. En effet, cet outil sert \u00e0 savoir combien \u00e7a co\u00fbte de se d\u00e9placer en voiture pour travailler.\n<\/p>\n<p>Il concerne toutes les d\u00e9penses sur <strong>l\u2019utilisation d\u2019un v\u00e9hicule, telles que le carburant, les r\u00e9parations, l\u2019assurance, etc<\/strong>. Pour ceux qui ont d\u00e9j\u00e0 profit\u00e9 du dispositif, ils savent \u00e0 quel point il peut all\u00e9ger la facture d\u2019imp\u00f4ts.\n<\/p>\n<p>Pour cause, il permet de d\u00e9duire les frais li\u00e9s \u00e0 <strong>l\u2019usage du v\u00e9hicule personnel pour des d\u00e9placements professionnels<\/strong> de leurs revenus imposables. La raison pour laquelle beaucoup scrutent de pr\u00e8s les lignes 1AK \u00e0 1DK (frais r\u00e9els) dans la d\u00e9claration de revenus. <strong>Pour d\u00e9clarer vos frais kilom\u00e9triques, direction la ligne 1AK<\/strong>.<\/p>\n<p><a class=\"related-article simple\" href=\"https:\/\/www.nuitfrance.fr\/actualite\/198587-impots-6-millions-de-francais-vont-recevoir-un-remboursement-du-fisc-grace-aux-frais-bancaires\/\" target=\"_blank\" rel=\"noopener\"><br \/>\n                        \u00c0 voir<br \/>\n                        Imp\u00f4ts : 6 millions de Fran\u00e7ais vont recevoir un remboursement du fisc gr\u00e2ce aux frais bancaires<\/p>\n<p>                        <\/a><\/p>\n<p>Un avantage fiscal qui n\u2019est plus int\u00e9ressant<\/p>\n<p>Cette ann\u00e9e, d\u00e9duire les frais r\u00e9els sur les revenus n\u2019est plus int\u00e9ressant. Pourquoi ? Parce que <strong>le bar\u00e8me d\u2019\u00e9valuation forfaitaire du prix de revient kilom\u00e9trique n\u2019a pas \u00e9vo<\/strong>lu\u00e9. Une fois de plus, l\u2019\u00c9tat a d\u00e9cid\u00e9 de maintenir la m\u00eame grille, comme pour l\u2019ann\u00e9e derni\u00e8re.\n<\/p>\n<p>Sur le papier, la nouvelle ne para\u00eet pas dramatique. Mais les contribuables qui utilisent leur voiture \u00e0 des fins professionnelles verront une grande diff\u00e9rence sur leurs imp\u00f4ts. En effet, avec le gel, <strong>les montants d\u00e9ductibles restent les m\u00eames<\/strong> que ceux de l\u2019ann\u00e9e pr\u00e9c\u00e9dente.\n<\/p>\n<p>Or, <strong>Droit-Finances<\/strong> rapporte que les co\u00fbts r\u00e9els ont augment\u00e9 en 2024. Par cons\u00e9quent, la d\u00e9duction fiscale que vous pouvez appliquer <strong>sera moins avantageuse<\/strong>. Ce qui va gonfler votre revenu imposable. Ainsi, la note c\u00f4t\u00e9 imp\u00f4ts augmente elle aussi.<\/p>\n<p>Alors, que faire ? Passez au calcul avant de s\u2019attaquer \u00e0 votre<strong> d\u00e9claration de revenus<\/strong>. Parfois, prendre le temps de v\u00e9rifier peut \u00e9viter de payer plus que n\u00e9cessaire.\n<\/p>\n<p><strong>Source : <a href=\"https:\/\/droit-finances.commentcamarche.com\/vie-pratique\/actualite-juridique-et-financiere\/5589-payer-moins-ligne-bkm\/\" target=\"_blank\" rel=\"noopener\">Droit-Finances<\/a><\/strong><\/p>\n","protected":false},"excerpt":{"rendered":"Montrer le sommaire Cacher le sommaire Tous les ans, pr\u00eater attention \u00e0 cette partie de la d\u00e9claration de&hellip;\n","protected":false},"author":2,"featured_media":54660,"comment_status":"","ping_status":"","sticky":false,"template":"","format":"standard","meta":{"footnotes":""},"categories":[6],"tags":[35,33,34,1011,27,342],"class_list":{"0":"post-54659","1":"post","2":"type-post","3":"status-publish","4":"format-standard","5":"has-post-thumbnail","7":"category-economie","8":"tag-business","9":"tag-economie","10":"tag-economy","11":"tag-fr","12":"tag-france","13":"tag-impots"},"share_on_mastodon":{"url":"https:\/\/pubeurope.com\/@fr\/114404905654998916","error":""},"_links":{"self":[{"href":"https:\/\/www.europesays.com\/fr\/wp-json\/wp\/v2\/posts\/54659","targetHints":{"allow":["GET"]}}],"collection":[{"href":"https:\/\/www.europesays.com\/fr\/wp-json\/wp\/v2\/posts"}],"about":[{"href":"https:\/\/www.europesays.com\/fr\/wp-json\/wp\/v2\/types\/post"}],"author":[{"embeddable":true,"href":"https:\/\/www.europesays.com\/fr\/wp-json\/wp\/v2\/users\/2"}],"replies":[{"embeddable":true,"href":"https:\/\/www.europesays.com\/fr\/wp-json\/wp\/v2\/comments?post=54659"}],"version-history":[{"count":0,"href":"https:\/\/www.europesays.com\/fr\/wp-json\/wp\/v2\/posts\/54659\/revisions"}],"wp:featuredmedia":[{"embeddable":true,"href":"https:\/\/www.europesays.com\/fr\/wp-json\/wp\/v2\/media\/54660"}],"wp:attachment":[{"href":"https:\/\/www.europesays.com\/fr\/wp-json\/wp\/v2\/media?parent=54659"}],"wp:term":[{"taxonomy":"category","embeddable":true,"href":"https:\/\/www.europesays.com\/fr\/wp-json\/wp\/v2\/categories?post=54659"},{"taxonomy":"post_tag","embeddable":true,"href":"https:\/\/www.europesays.com\/fr\/wp-json\/wp\/v2\/tags?post=54659"}],"curies":[{"name":"wp","href":"https:\/\/api.w.org\/{rel}","templated":true}]}}