{"id":546595,"date":"2025-11-20T10:10:14","date_gmt":"2025-11-20T10:10:14","guid":{"rendered":"https:\/\/www.europesays.com\/fr\/546595\/"},"modified":"2025-11-20T10:10:14","modified_gmt":"2025-11-20T10:10:14","slug":"le-moment-venu-je-serai-candidate-la-maire-de-rennes-nathalie-appere-ne-lance-pas-encore-sa-campagne-mais","status":"publish","type":"post","link":"https:\/\/www.europesays.com\/fr\/546595\/","title":{"rendered":"\u00ab\u00a0Le moment venu, je serai candidate\u00a0\u00bb\u00a0: la maire de Rennes Nathalie App\u00e9r\u00e9 ne lance pas encore sa campagne mais\u2026"},"content":{"rendered":"<p>\u00ab Janvier sera le moment o\u00f9 je rentrerai en campagne \u00bb. La maire de Rennes Nathalie App\u00e9r\u00e9 n\u2019est pas encore officiellement candidate aux \u00e9lections municipales de mars 2026 mais donne rendez-vous en d\u00e9but d\u2019ann\u00e9e prochaine pour pr\u00e9senter son programme. Lors d\u2019une conf\u00e9rence de presse au Grand Huit, ce bar culturel autour des arts forains qui a ouvert fin 2023, \u00e0 la place des anciens ateliers de la SNCF, la maire sortante a dit vouloir \u00ab pr\u00e9senter son bilan et entendre les Rennais pour finaliser son projet \u00bb.<\/p>\n<p>\u00ab Le moment venu je serai candidate \u00bb<\/p>\n<p>Apr\u00e8s deux mandats \u00e0 la t\u00eate de la mairie de Rennes, la Socialiste devrait donc bien briguer un troisi\u00e8me mandat : \u00ab le moment venu je serai candidate \u00bb. L\u2019actuelle maire de Rennes et pr\u00e9sidente de Rennes M\u00e9tropole ne partira pas seule puisqu\u2019elle a r\u00e9uni 12 formations de gauche derri\u00e8re elle. Outre le Parti socialiste, Les \u00c9cologistes, le Parti Communiste Fran\u00e7ais, G\u00e9n\u00e9ration. s, le Mouvement Radical, l\u2019Union D\u00e9mocratique Bretonne, Confluences, Horizon Commun, Nouvelle Donne, Place Publique, L\u2019Apr\u00e8s et Debout !.<\/p>\n","protected":false},"excerpt":{"rendered":"\u00ab Janvier sera le moment o\u00f9 je rentrerai en campagne \u00bb. La maire de Rennes Nathalie App\u00e9r\u00e9 n\u2019est&hellip;\n","protected":false},"author":2,"featured_media":546596,"comment_status":"","ping_status":"","sticky":false,"template":"","format":"standard","meta":{"footnotes":""},"categories":[2821],"tags":[1111,11,829,2761,1777,674,1011,27,848,3434,26053,12,3364,584,25],"class_list":{"0":"post-546595","1":"post","2":"type-post","3":"status-publish","4":"format-standard","5":"has-post-thumbnail","7":"category-rennes","8":"tag-actu","9":"tag-actualites","10":"tag-bretagne","11":"tag-elections-municipales-2026","12":"tag-eu","13":"tag-europe","14":"tag-fr","15":"tag-france","16":"tag-ille-et-vilaine","17":"tag-municipales-2026","18":"tag-municipales-2026-a-rennes","19":"tag-news","20":"tag-politique-a-rennes","21":"tag-rennes","22":"tag-republique-francaise"},"share_on_mastodon":{"url":"https:\/\/pubeurope.com\/@fr\/115581486795525020","error":""},"_links":{"self":[{"href":"https:\/\/www.europesays.com\/fr\/wp-json\/wp\/v2\/posts\/546595","targetHints":{"allow":["GET"]}}],"collection":[{"href":"https:\/\/www.europesays.com\/fr\/wp-json\/wp\/v2\/posts"}],"about":[{"href":"https:\/\/www.europesays.com\/fr\/wp-json\/wp\/v2\/types\/post"}],"author":[{"embeddable":true,"href":"https:\/\/www.europesays.com\/fr\/wp-json\/wp\/v2\/users\/2"}],"replies":[{"embeddable":true,"href":"https:\/\/www.europesays.com\/fr\/wp-json\/wp\/v2\/comments?post=546595"}],"version-history":[{"count":0,"href":"https:\/\/www.europesays.com\/fr\/wp-json\/wp\/v2\/posts\/546595\/revisions"}],"wp:featuredmedia":[{"embeddable":true,"href":"https:\/\/www.europesays.com\/fr\/wp-json\/wp\/v2\/media\/546596"}],"wp:attachment":[{"href":"https:\/\/www.europesays.com\/fr\/wp-json\/wp\/v2\/media?parent=546595"}],"wp:term":[{"taxonomy":"category","embeddable":true,"href":"https:\/\/www.europesays.com\/fr\/wp-json\/wp\/v2\/categories?post=546595"},{"taxonomy":"post_tag","embeddable":true,"href":"https:\/\/www.europesays.com\/fr\/wp-json\/wp\/v2\/tags?post=546595"}],"curies":[{"name":"wp","href":"https:\/\/api.w.org\/{rel}","templated":true}]}}