{"id":546599,"date":"2025-11-20T10:12:22","date_gmt":"2025-11-20T10:12:22","guid":{"rendered":"https:\/\/www.europesays.com\/fr\/546599\/"},"modified":"2025-11-20T10:12:22","modified_gmt":"2025-11-20T10:12:22","slug":"strasbourg-le-village-de-lavent-et-des-enfants-mais-pas-que","status":"publish","type":"post","link":"https:\/\/www.europesays.com\/fr\/546599\/","title":{"rendered":"Strasbourg. Le Village de l\u2019avent et des enfants (mais pas que)"},"content":{"rendered":"<p>Contes, petits spectacles, animations et ateliers cr\u00e9atifs de No\u00ebl\u00a0: nich\u00e9 dans le tr\u00e8s coquet square Louise-Weiss au c\u0153ur\u00a0de la non moins coquette Petite France, le Village de l\u2019avent se destine avant tout aux enfants et aux familles.<\/p>\n<p>Parfaitement raccord avec le th\u00e8me de cette ann\u00e9e \u2013 la couronne \u2013, petits et grands peuvent s\u2019initier \u00e0 la cr\u00e9ation de couronnes de l\u2019avent, de d\u00e9cos de No\u00ebl ou de cartes de v\u0153ux lors d\u2019ateliers cr\u00e9atifs et ludiques.\u00a0Les plus bal\u00e8zes construiront carr\u00e9ment \u00ab\u00a0\u00e0 l\u2019aide d\u2019un plan, un mini-chalet de No\u00ebl en famille\u00a0\u00bb, promet la Ville (CF notre photo). Contes et concerts de saison, interpr\u00e9t\u00e9s par les artistes de 32 compagnies locales ou venues d\u2019ailleurs, ainsi que par les \u00e9coles de musique strasbourgeoises accompagneront le tout \u2013 et parleront peut-\u00eatre plus \u00e0 ceux qui ne savent rien faire de leurs dix doigts.<\/p>\n<p class=\"note\">Village de l\u2019avent du 26\u00a0novembre 14\u00a0h au 24\u00a0d\u00e9cembre 18\u00a0h, square Louise-Weiss, \u00e0 partir de 11\u00a0h\u00a030.<\/p>\n","protected":false},"excerpt":{"rendered":"Contes, petits spectacles, animations et ateliers cr\u00e9atifs de No\u00ebl\u00a0: nich\u00e9 dans le tr\u00e8s coquet square Louise-Weiss au c\u0153ur\u00a0de&hellip;\n","protected":false},"author":2,"featured_media":546600,"comment_status":"","ping_status":"","sticky":false,"template":"","format":"standard","meta":{"footnotes":""},"categories":[2820],"tags":[1111,11,1687,2880,1777,674,3326,1011,27,775,12,15830,25,640,2879],"class_list":{"0":"post-546599","1":"post","2":"type-post","3":"status-publish","4":"format-standard","5":"has-post-thumbnail","7":"category-strasbourg","8":"tag-actu","9":"tag-actualites","10":"tag-culture-loisirs","11":"tag-edition-strasbourg","12":"tag-eu","13":"tag-europe","14":"tag-fete-locale","15":"tag-fr","16":"tag-france","17":"tag-grand-est","18":"tag-news","19":"tag-noel","20":"tag-republique-francaise","21":"tag-strasbourg","22":"tag-strasbourg-ville"},"share_on_mastodon":{"url":"https:\/\/pubeurope.com\/@fr\/115581494683640028","error":""},"_links":{"self":[{"href":"https:\/\/www.europesays.com\/fr\/wp-json\/wp\/v2\/posts\/546599","targetHints":{"allow":["GET"]}}],"collection":[{"href":"https:\/\/www.europesays.com\/fr\/wp-json\/wp\/v2\/posts"}],"about":[{"href":"https:\/\/www.europesays.com\/fr\/wp-json\/wp\/v2\/types\/post"}],"author":[{"embeddable":true,"href":"https:\/\/www.europesays.com\/fr\/wp-json\/wp\/v2\/users\/2"}],"replies":[{"embeddable":true,"href":"https:\/\/www.europesays.com\/fr\/wp-json\/wp\/v2\/comments?post=546599"}],"version-history":[{"count":0,"href":"https:\/\/www.europesays.com\/fr\/wp-json\/wp\/v2\/posts\/546599\/revisions"}],"wp:featuredmedia":[{"embeddable":true,"href":"https:\/\/www.europesays.com\/fr\/wp-json\/wp\/v2\/media\/546600"}],"wp:attachment":[{"href":"https:\/\/www.europesays.com\/fr\/wp-json\/wp\/v2\/media?parent=546599"}],"wp:term":[{"taxonomy":"category","embeddable":true,"href":"https:\/\/www.europesays.com\/fr\/wp-json\/wp\/v2\/categories?post=546599"},{"taxonomy":"post_tag","embeddable":true,"href":"https:\/\/www.europesays.com\/fr\/wp-json\/wp\/v2\/tags?post=546599"}],"curies":[{"name":"wp","href":"https:\/\/api.w.org\/{rel}","templated":true}]}}