{"id":546605,"date":"2025-11-20T10:15:19","date_gmt":"2025-11-20T10:15:19","guid":{"rendered":"https:\/\/www.europesays.com\/fr\/546605\/"},"modified":"2025-11-20T10:15:19","modified_gmt":"2025-11-20T10:15:19","slug":"nice-le-lion-geant-enleve-de-la-place-garibaldi-voici-quelle-oeuvre-va-le-remplacer","status":"publish","type":"post","link":"https:\/\/www.europesays.com\/fr\/546605\/","title":{"rendered":"Nice. Le lion g\u00e9ant enlev\u00e9 de la place Garibaldi, voici quelle \u0153uvre va le remplacer"},"content":{"rendered":"<p>                    Par<br \/>\n        <strong><br \/>\n            <a href=\"https:\/\/actu.fr\/auteur\/arthur-frand\" title=\"Consulter tous les articles de Arthur Frand\" rel=\"nofollow noopener\" target=\"_blank\">Arthur Frand<\/a><br \/>\n                    <\/strong><\/p>\n<p>        Publi\u00e9 le<\/p>\n<p>            20 nov. 2025 \u00e0 11h05        <\/p>\n<p>Enlev\u00e9 et tr\u00e8s bient\u00f4t remplac\u00e9. Le lion g\u00e9ant d\u2019Orlinski ne <strong>tr\u00f4ne plus<\/strong> sur la place Garibaldi \u00e0 <a href=\"https:\/\/actu.fr\/nice\/\" rel=\"nofollow noopener\" target=\"_blank\">Nice<\/a>, dans les <a href=\"https:\/\/actu.fr\/provence-alpes-cote-d-azur\/alpes-maritimes_06\" rel=\"nofollow noopener\" target=\"_blank\">Alpes-Maritimes<\/a>. Ce dernier a \u00e9t\u00e9 enlev\u00e9 par les services municipaux dans la nuit de mardi\u00a018 au mercredi 19\u00a0novembre.<\/p>\n<p>    <a href=\"https:\/\/www.google.com\/maps\/embed?pb=!1m18!1m12!1m3!1d2884.462135605325!2d7.27752547639186!3d43.70094424934138!2m3!1f0!2f0!3f0!3m2!1i1024!2i768!4f13.1!3m3!1m2!1s0x12cddaba3883dbbf%3A0x7c3cde18da41331f!2sPl.%20Garibaldi%2C%2006300%20Nice!5e0!3m2!1sfr!2sfr!4v1763631381325!5m2!1sfr!2sfr\" title=\"Ouvrie le lien\" rel=\"nofollow noopener\" target=\"_blank\">Cliquez ici pour visualiser le contenu<\/a><\/p>\n<p class=\" wall-content\">Mais cette place embl\u00e9matique de Nice va accueillir une <strong>nouvelle \u0153uvre tr\u00e8s prochainement<\/strong>. Apr\u00e8s No\u00ebl. Le maire de Nice, Christian Estrosi, l\u2019a annonc\u00e9 ce mercredi soir. Il s\u2019agira d\u2019une \u0153uvre de l\u2019artiste Ben.<\/p>\n<p>\u00ab\u00a0Une \u0153uvre de notre regrett\u00e9 Ben\u00a0\u00bb<\/p>\n<p class=\" wall-content\">L\u2019immense lion noir avait \u00e9t\u00e9 install\u00e9 le 8\u00a0juin 2023 sur la place Garibaldi de Nice dans le cadre d\u2019une large exposition de Richard d\u2019Orlinski. Cette derni\u00e8re s\u2019\u00e9tait achev\u00e9e fin octobre\u00a02023. Mais la Ville avait <strong>d\u00e9cid\u00e9 de garder ce lion<\/strong>. Depuis, il n\u2019avait plus boug\u00e9. Jusqu\u2019\u00e0 cette mi-novembre.<\/p>\n<p class=\" wall-content\">La place Garibaldi sera bient\u00f4t habill\u00e9e d\u2019une \u0153uvre de l\u2019artiste Ben, tr\u00e8s connu \u00e0 Nice.<br \/>\u00ab\u2009Nouvelle saison en vue pour les \u0153uvres de plein air place Garibaldi\u2009! Comme pr\u00e9vu, apr\u00e8s No\u00ebl, c\u2019est une \u0153uvre de notre regrett\u00e9 Ben que les Ni\u00e7ois pourront d\u00e9couvrir place Garibaldi\u2009! Vive la culture qui descend dans la rue et qui \u00e9meut, trouble, fait parler et r\u00e9agir\u2009! C\u2019est tout le sens de ces programmations de plein air que nous organisons depuis plusieurs ann\u00e9es d\u00e9j\u00e0\u2009\u00bb, a \u00e9crit Christian Estrosi sur X.<\/p>\n<p class=\" wall-content\">\n<p>Des \u00e9critures dr\u00f4les et philosophiques<\/p>\n<p class=\" wall-content\">Artiste franco-suisse, Benjamin Vautier, dit Ben, est n\u00e9 \u00e0 Naples en 1935 et <strong>d\u00e9c\u00e9d\u00e9 \u00e0 Nice<\/strong> le 5 juin 2024. Il s\u2019est donn\u00e9 la mort quelques heures apr\u00e8s le d\u00e9c\u00e8s de sa femme Annie, victime d\u2019un accident vasculaire c\u00e9r\u00e9bral.<\/p>\n<p class=\" wall-content\">Figure <strong>mondialement connue de l\u2019\u00c9cole de Nice<\/strong>, il a r\u00e9alis\u00e9 pr\u00e8s de 12\u2009000 cr\u00e9ations. Ben \u00e9tait appr\u00e9ci\u00e9 du grand public pour ses phrases courtes, dr\u00f4les et philosophiques, sur un fond noir\u2009: \u00ab\u2009Ne perds pas de temps\u2009\u00bb, \u00ab\u2009Chut, je r\u00eave\u2009\u00bb, \u00ab\u2009Soyons philosophe\u2009\u00bb, \u00ab\u2009J\u2019ai tout mon temps\u2009\u00bb.<\/p>\n<p>Votre r\u00e9gion, votre actu !<\/p>\n<p>Recevez chaque jour les infos qui comptent pour vous.<\/p>\n<p>\t<a href=\"https:\/\/actu.fr\/newsletter\" class=\"ac-btn ac-btn--corner ac-btn--medium ac-btn--blue800\" rel=\"nofollow noopener\" target=\"_blank\">S&rsquo;incrire<\/a><\/p>\n<p class=\" wall-content\">Les \u00e9critures de Ben \u00e9taient d\u00e9j\u00e0 pr\u00e9sentes \u00e0 Nice sur les arr\u00eats de tramway de la ligne 1 notamment.<\/p>\n<p class=\" wall-content\">Personnalisez votre actualit\u00e9 en ajoutant vos villes et m\u00e9dias en favori avec <a href=\"https:\/\/moncompte.actu.fr\" title=\"D\u00e9couvez Mon Actu\" rel=\"nofollow noopener\" data-trk=\"{&quot;cta&quot;:{&quot;action&quot;:&quot;https:\\\/\\\/moncompte.actu.fr&quot;,&quot;category&quot;:&quot;mon compte&quot;,&quot;from&quot;:&quot;article footer&quot;,&quot;name&quot;:&quot;Mon actu&quot;,&quot;type&quot;:&quot;cta&quot;}}\" target=\"_blank\">Mon Actu<\/a>.<\/p>\n","protected":false},"excerpt":{"rendered":"Par Arthur Frand Publi\u00e9 le 20 nov. 2025 \u00e0 11h05 Enlev\u00e9 et tr\u00e8s bient\u00f4t remplac\u00e9. Le lion g\u00e9ant&hellip;\n","protected":false},"author":2,"featured_media":546606,"comment_status":"","ping_status":"","sticky":false,"template":"","format":"standard","meta":{"footnotes":""},"categories":[2819],"tags":[1111,11,1777,674,1011,27,12,2401,2551,882,25,104],"class_list":{"0":"post-546605","1":"post","2":"type-post","3":"status-publish","4":"format-standard","5":"has-post-thumbnail","7":"category-nice","8":"tag-actu","9":"tag-actualites","10":"tag-eu","11":"tag-europe","12":"tag-fr","13":"tag-france","14":"tag-news","15":"tag-nice","16":"tag-patrimoine","17":"tag-provence-alpes-cote-dazur","18":"tag-republique-francaise","19":"tag-societe"},"share_on_mastodon":{"url":"https:\/\/pubeurope.com\/@fr\/115581506447653925","error":""},"_links":{"self":[{"href":"https:\/\/www.europesays.com\/fr\/wp-json\/wp\/v2\/posts\/546605","targetHints":{"allow":["GET"]}}],"collection":[{"href":"https:\/\/www.europesays.com\/fr\/wp-json\/wp\/v2\/posts"}],"about":[{"href":"https:\/\/www.europesays.com\/fr\/wp-json\/wp\/v2\/types\/post"}],"author":[{"embeddable":true,"href":"https:\/\/www.europesays.com\/fr\/wp-json\/wp\/v2\/users\/2"}],"replies":[{"embeddable":true,"href":"https:\/\/www.europesays.com\/fr\/wp-json\/wp\/v2\/comments?post=546605"}],"version-history":[{"count":0,"href":"https:\/\/www.europesays.com\/fr\/wp-json\/wp\/v2\/posts\/546605\/revisions"}],"wp:featuredmedia":[{"embeddable":true,"href":"https:\/\/www.europesays.com\/fr\/wp-json\/wp\/v2\/media\/546606"}],"wp:attachment":[{"href":"https:\/\/www.europesays.com\/fr\/wp-json\/wp\/v2\/media?parent=546605"}],"wp:term":[{"taxonomy":"category","embeddable":true,"href":"https:\/\/www.europesays.com\/fr\/wp-json\/wp\/v2\/categories?post=546605"},{"taxonomy":"post_tag","embeddable":true,"href":"https:\/\/www.europesays.com\/fr\/wp-json\/wp\/v2\/tags?post=546605"}],"curies":[{"name":"wp","href":"https:\/\/api.w.org\/{rel}","templated":true}]}}