{"id":546607,"date":"2025-11-20T10:16:18","date_gmt":"2025-11-20T10:16:18","guid":{"rendered":"https:\/\/www.europesays.com\/fr\/546607\/"},"modified":"2025-11-20T10:16:18","modified_gmt":"2025-11-20T10:16:18","slug":"pres-de-nantes-la-designer-et-decoratrice-dinterieur-ouvre-une-salle-dexposition-dans-une-zone-dactivites","status":"publish","type":"post","link":"https:\/\/www.europesays.com\/fr\/546607\/","title":{"rendered":"Pr\u00e8s de Nantes. La designer et d\u00e9coratrice d&rsquo;int\u00e9rieur ouvre une salle d&rsquo;exposition dans une zone d&rsquo;activit\u00e9s"},"content":{"rendered":"<p>                    Par<br \/>\n        <strong><br \/>\n            <a href=\"https:\/\/actu.fr\/auteur\/herve-pavageau\" title=\"Consulter tous les articles de Herv\u00e9 Pavageau\" target=\"_blank\" rel=\"noopener\">Herv\u00e9 Pavageau<\/a><br \/>\n                    <\/strong><\/p>\n<p>        Publi\u00e9 le<\/p>\n<p>            20 nov. 2025 \u00e0 7h16        <\/p>\n<p>Pas de vitrine, ni de boutique. Mais un show-room de 60\u00a0m2 en guise d\u2019espace et de visibilit\u00e9. Depuis d\u00e9but novembre, Malgorzata Joubert a ouvert<b> une salle d\u2019exposition <\/b>au rez-de-chauss\u00e9e de l\u2019entreprise du b\u00e2timent du groupe Joubert (fa\u00e7ade, isolation\u2026), situ\u00e9e dans la zone des Ragonni\u00e8res,<a href=\"https:\/\/actu.fr\/pays-de-la-loire\/la-chapelle-heulin_44032\" target=\"_blank\" rel=\"noopener\"> \u00e0 La Chapelle-Heulin.<\/a><\/p>\n<p class=\" wall-content\">Le halle est l\u2019extension physique de MJO cr\u00e9ation, <b>soci\u00e9t\u00e9 de design et de d\u00e9coration d\u2019int\u00e9rieur<\/b>, qu\u2019elle a cr\u00e9\u00e9e en 2020.<\/p>\n<p class=\" wall-content\">Appel\u00e9e MJO Bien-\u00eatre, le show-room rassemble \u00ab tout l\u2019univers et l\u2019esprit de la maison \u00bb de la designer.<\/p>\n<p class=\" wall-content\">Un esprit que l\u2019on peut voir dans les<a href=\"https:\/\/actu.fr\/pays-de-la-loire\/le-landreau_44079\/trois-gites-de-standing-ouvrent-dans-une-ancienne-et-grande-ferme-de-cette-commune-de-loire-atlantique_62234606.html\" target=\"_blank\" rel=\"noopener\"> trois g\u00eetes de standing de la Villa Beauch\u00eane, situ\u00e9e au Landreau<\/a>, que le couple a rachet\u00e9e et enti\u00e8rement transform\u00e9e et am\u00e9nag\u00e9e.<\/p>\n<p class=\" wall-content\">L\u2019id\u00e9e d\u2019ouvrir le shoow-room est n\u00e9e \u00e0 la suite des retours des personnes et familles qui ont lou\u00e9 ces h\u00e9bergements.<\/p>\n<p>Vid\u00e9os : en ce moment sur Actu<\/p>\n<blockquote class=\"ac-article-quote wall-content\">\n<p>Beaucoup me parlaient de la d\u00e9coration. Je me suis dit pourquoi ne pas cr\u00e9er un endroit qui expose mon travail et mes inspirations.<\/p>\n<p>Malgorzata Joubert, d\u00e9coratrice d\u2019int\u00e9rieur.<\/p><\/blockquote>\n<p>Meubles revisit\u00e9s et d\u00e9coration<\/p>\n<p class=\" wall-content\">Son univers : ce sont des <b>meubles revisit\u00e9s et une gamme compl\u00e8te de mat\u00e9riaux de d\u00e9coration<\/b> de qualit\u00e9 qu\u2019elle va chercher et s\u00e9lectionner dans les pays scandinaves ou l\u2019artisanat.<\/p>\n<p>Votre r\u00e9gion, votre actu !<\/p>\n<p>Recevez chaque jour les infos qui comptent pour vous.<\/p>\n<p>\t<a href=\"https:\/\/actu.fr\/newsletter\" class=\"ac-btn ac-btn--corner ac-btn--medium ac-btn--blue800\" target=\"_blank\" rel=\"noopener\">S&rsquo;incrire<\/a><\/p>\n<p class=\" wall-content\">Comme cette couronne de No\u00ebl\u00a0made in Pologne ou cette jarre traditionnelle fabriqu\u00e9e en Inde.<\/p>\n<p class=\" wall-content\">Petits objets de d\u00e9coration, luminaire, ameublement r\u00e9nov\u00e9 et stylis\u00e9, tissus, bougies, savons\u2026 tout ce qui touche la sph\u00e8re <b>de la maison et du bien-\u00eatre<\/b> prend sa place dans cet espace.<\/p>\n<p>Ouvert aussi au public lors d\u2019\u00e9v\u00e9nements<\/p>\n<p class=\" wall-content\">La d\u00e9coratrice d\u2019int\u00e9rieur fait attention \u00e0 l\u2019\u00e9co-conception des objets.<\/p>\n<blockquote class=\"ac-article-quote wall-content\">\n<p>Des tissus et produits sont 100 % naturels. D\u2019autres sont fabriqu\u00e9s \u00e0 la main.<\/p>\n<p>Malgorzata Joubert<\/p><\/blockquote>\n<p class=\" wall-content\">Le show-room, ouvert comme l\u2019entreprise, accueillera les <b>professionnels et des clients de la d\u00e9coratrice <\/b>pour qui l\u2019espace est un compl\u00e9ment d\u2019activit\u00e9s.<\/p>\n<p class=\" wall-content\">Une fois par mois, il sera \u00e9galement ouvert \u00e0 tous, <b>comme une boutique<\/b>, lors d\u2019une journ\u00e9e \u00e9v\u00e9nement.<\/p>\n<p class=\" wall-content\">La premi\u00e8re doit inviter notamment une productrice de th\u00e9s japonais.<\/p>\n<p class=\" wall-content\">\u00ab Il sera aussi possible d\u2019ouvrir le lieu sur rendez-vous \u00bb, indique Malgorzata Joubert qui a organis\u00e9 un lancement priv\u00e9 le 5 novembre.<\/p>\n<p>MJO Bien-\u00eatre, design d\u2019int\u00e9rieur dans l\u2019entreprise Joubert, zone d\u2019activit\u00e9s des Ragonni\u00e8res de La Chapelle-Heulin. T\u00e9l. 07 85 62 95 45 ou <a href=\"https:\/\/actu.fr\/cdn-cgi\/l\/email-protection\" class=\"__cf_email__\" data-cfemail=\"89eae6e7fde8eafdc9e4e3e6a4edeceae6fbe8fde0e6e7a7eae6e4\" target=\"_blank\" rel=\"noopener\">[email\u00a0protected]<\/a><\/p>\n<p class=\" wall-content\">Personnalisez votre actualit\u00e9 en ajoutant vos villes et m\u00e9dias en favori avec <a href=\"https:\/\/moncompte.actu.fr\" title=\"D\u00e9couvez Mon Actu\" rel=\"nofollow noopener\" data-trk=\"{&quot;cta&quot;:{&quot;action&quot;:&quot;https:\\\/\\\/moncompte.actu.fr&quot;,&quot;category&quot;:&quot;mon compte&quot;,&quot;from&quot;:&quot;article footer&quot;,&quot;name&quot;:&quot;Mon actu&quot;,&quot;type&quot;:&quot;cta&quot;}}\" target=\"_blank\">Mon Actu<\/a>.<\/p>\n","protected":false},"excerpt":{"rendered":"Par Herv\u00e9 Pavageau Publi\u00e9 le 20 nov. 2025 \u00e0 7h16 Pas de vitrine, ni de boutique. Mais un&hellip;\n","protected":false},"author":2,"featured_media":546608,"comment_status":"","ping_status":"","sticky":false,"template":"","format":"standard","meta":{"footnotes":""},"categories":[2818],"tags":[1111,11,1777,674,1011,27,2142,766,12,2636,25,104,2900],"class_list":{"0":"post-546607","1":"post","2":"type-post","3":"status-publish","4":"format-standard","5":"has-post-thumbnail","7":"category-nantes","8":"tag-actu","9":"tag-actualites","10":"tag-eu","11":"tag-europe","12":"tag-fr","13":"tag-france","14":"tag-maison","15":"tag-nantes","16":"tag-news","17":"tag-pays-de-la-loire","18":"tag-republique-francaise","19":"tag-societe","20":"tag-vignoble-nantais"},"share_on_mastodon":{"url":"https:\/\/pubeurope.com\/@fr\/115581510336066947","error":""},"_links":{"self":[{"href":"https:\/\/www.europesays.com\/fr\/wp-json\/wp\/v2\/posts\/546607","targetHints":{"allow":["GET"]}}],"collection":[{"href":"https:\/\/www.europesays.com\/fr\/wp-json\/wp\/v2\/posts"}],"about":[{"href":"https:\/\/www.europesays.com\/fr\/wp-json\/wp\/v2\/types\/post"}],"author":[{"embeddable":true,"href":"https:\/\/www.europesays.com\/fr\/wp-json\/wp\/v2\/users\/2"}],"replies":[{"embeddable":true,"href":"https:\/\/www.europesays.com\/fr\/wp-json\/wp\/v2\/comments?post=546607"}],"version-history":[{"count":0,"href":"https:\/\/www.europesays.com\/fr\/wp-json\/wp\/v2\/posts\/546607\/revisions"}],"wp:featuredmedia":[{"embeddable":true,"href":"https:\/\/www.europesays.com\/fr\/wp-json\/wp\/v2\/media\/546608"}],"wp:attachment":[{"href":"https:\/\/www.europesays.com\/fr\/wp-json\/wp\/v2\/media?parent=546607"}],"wp:term":[{"taxonomy":"category","embeddable":true,"href":"https:\/\/www.europesays.com\/fr\/wp-json\/wp\/v2\/categories?post=546607"},{"taxonomy":"post_tag","embeddable":true,"href":"https:\/\/www.europesays.com\/fr\/wp-json\/wp\/v2\/tags?post=546607"}],"curies":[{"name":"wp","href":"https:\/\/api.w.org\/{rel}","templated":true}]}}