{"id":546620,"date":"2025-11-20T10:26:17","date_gmt":"2025-11-20T10:26:17","guid":{"rendered":"https:\/\/www.europesays.com\/fr\/546620\/"},"modified":"2025-11-20T10:26:17","modified_gmt":"2025-11-20T10:26:17","slug":"en-images-la-neige-sest-invitee-dans-le-nord-cette-nuit-de-nouveaux-flocons-tombent-ce-jeudi","status":"publish","type":"post","link":"https:\/\/www.europesays.com\/fr\/546620\/","title":{"rendered":"EN IMAGES. La neige s&rsquo;est invit\u00e9e dans le Nord cette nuit, de nouveaux flocons tombent ce jeudi"},"content":{"rendered":"<p>                    Par<br \/>\n        <strong><br \/>\n            <a href=\"https:\/\/actu.fr\/auteur\/margot-nicodeme\" title=\"Consulter tous les articles de Margot Nicod\u00e8me\" rel=\"nofollow noopener\" target=\"_blank\">Margot Nicod\u00e8me<\/a><br \/>\n                    <\/strong><\/p>\n<p>        Publi\u00e9 le<\/p>\n<p>            20 nov. 2025 \u00e0 8h33<br \/>\n        ; mis \u00e0 jour le 20 nov. 2025 \u00e0 9h41    <\/p>\n<p>Elle est arriv\u00e9e ! De mani\u00e8re localis\u00e9e, mais<b> <a href=\"https:\/\/actu.fr\/tag\/neige\" rel=\"nofollow noopener\" target=\"_blank\">la neige<\/a> a bel et bien fait son apparition dans les Hauts-de-France<\/b>, dans la nuit du mercredi 19 au jeudi 20 novembre 2025. Des habitants ont immortalis\u00e9, \u00e0 l\u2019heure du r\u00e9veil, <b>le l\u00e9ger manteau blanc<\/b> venu recouvrir leurs jardins, rues, toitures. Et ce n\u2019est pas fini : M\u00e9t\u00e9o France a annonc\u00e9 de nouveaux flocons pour ce jeudi, qui sont d\u00e9j\u00e0 visibles \u00e0 9h dans la m\u00e9tropole lilloise et aux alentours.<\/p>\n<p class=\" wall-content\">\n<p>Il neige ce jeudi 20 novembre au matin, dans la m\u00e9tropole de Lille et autour<\/p>\n<p class=\" wall-content\">Le Nord et le Pas-de-Calais restent plac\u00e9s <a href=\"https:\/\/actu.fr\/societe\/meteo-neige-et-verglas-le-nord-et-le-pas-de-calais-en-vigilance-jeudi_63458220.html\" rel=\"nofollow noopener\" target=\"_blank\"><b>en vigilance jaune pour neige-verglas<\/b> au moins jusqu\u2019\u00e0 00h<\/a>. Les temp\u00e9ratures vont continuer \u00e0 chuter au fil des heures,<b> <\/b>et passeront nettement en dessous des normales de saison, avec des<b>\u00a0<\/b>gel\u00e9es quasiment g\u00e9n\u00e9ralis\u00e9es\u00a0et parfois marqu\u00e9es.<\/p>\n<p class=\" wall-content\">Ce jeudi matin, des averses neigeuses tombent sur la m\u00e9tropole de Lille et autour, comme \u00e0 Valenciennes et Maubeuge.<\/p>\n<p>    <a href=\"https:\/\/www.facebook.com\/plugins\/post.php?href=https%3A%2F%2Fwww.facebook.com%2Factufr.lille%2Fposts%2Fpfbid0RD23yhDwXgAg8EuNckqqhfhCNJmnStEcJmHnznQip3QAu1GLuJ27Qk8E3MmwpSrhl&amp;show_text=true&amp;width=350\" title=\"Ouvrie le lien\" rel=\"nofollow noopener\" target=\"_blank\">Cliquez ici pour visualiser le contenu<\/a><\/p>\n<p>De la neige annonc\u00e9e dans le Pas-de-Calais, nos voisins belges sont un gros manteau blanc<\/p>\n<p class=\" wall-content\">Dans la nuit de mercredi \u00e0 jeudi, les flocons sont essentiellement tomb\u00e9s dans l\u2019Avesnois, dans le Nord, dans les derni\u00e8res heures. Les internautes nous signalent qu\u2019il a aussi neig\u00e9 \u00e0 Cond\u00e9-sur-l\u2019Escaut et aussi \u00e0 Breuvages, au nord de Valenciennes.<\/p>\n<p>    <img   decoding=\"async\" loading=\"lazy\" class=\"size-large\" src=\"https:\/\/www.europesays.com\/fr\/wp-content\/uploads\/2025\/11\/ea32d702ce196ce32d702ce197242dv-960x640.jpg\" alt=\"De la neige dans l'Avesnois !\" width=\"960\" height=\"640\"\/><br \/>\n    De la neige dans l\u2019Avesnois ! \u00a9Facebook\/Alexandre photographe et informateur en Sambre Avesnois<\/p>\n<p class=\" wall-content\">La page M\u00e9t\u00e9o Nord-Pas-de-Calais contextualise, ce jeudi peu avant 8h : \u00ab\u00a0Le rail de pr\u00e9cipitations a finalement connu un d\u00e9calage Est, important par rapport aux pr\u00e9visions initiales. Ainsi, seule une partie de l\u2019Avesnois a \u00e9t\u00e9 concern\u00e9e par la neige durant la nuit, tandis que le reste de la r\u00e9gion est rest\u00e9 globalement sous la pluie.\u00a0\u00bb\u00a0<\/p>\n<p>Votre r\u00e9gion, votre actu !<\/p>\n<p>Recevez chaque jour les infos qui comptent pour vous.<\/p>\n<p>\t<a href=\"https:\/\/actu.fr\/newsletter\" class=\"ac-btn ac-btn--corner ac-btn--medium ac-btn--blue800\" rel=\"nofollow noopener\" target=\"_blank\">S&rsquo;incrire<\/a><\/p>\n<p class=\" wall-content\">Mais ce n\u2019est pas fini ! \u00ab\u00a0Pour Lille, les pr\u00e9cipitations neigeuses les plus probables se concentrent d\u00e9sormais sur la matin\u00e9e. \u00c0 moins d\u2019une trentaine de kilom\u00e8tres, en Belgique, on observe d\u00e9j\u00e0 des chutes de neige localis\u00e9es, parfois avec une tenue au sol.\u00a0\u00bb Pour preuve, l\u2019impressionnante vid\u00e9o immortalis\u00e9e mercredi dans la soir\u00e9e par un voisin belge, \u00e0 quelques kilom\u00e8tres de la fronti\u00e8re avec le Nord (ci-dessous). \u00c0 la fronti\u00e8re, il a neig\u00e9 de fa\u00e7on tr\u00e8s visible \u00e0 Bernissart et P\u00e9ruwelz.<\/p>\n<p>    <a href=\"https:\/\/www.facebook.com\/plugins\/video.php?height=476&amp;href=https%3A%2F%2Fwww.facebook.com%2Freel%2F25148755968108439%2F&amp;show_text=false&amp;width=350&amp;t=0\" title=\"Ouvrie le lien\" rel=\"nofollow noopener\" target=\"_blank\">Cliquez ici pour visualiser le contenu<\/a><\/p>\n<p>    <img   decoding=\"async\" loading=\"lazy\" class=\"size-large\" src=\"https:\/\/www.europesays.com\/fr\/wp-content\/uploads\/2025\/11\/49764053ce1961d764053ce19d0864v-960x640.jpg\" alt=\"Ici \u00e0 Bernissart, en Belgique, \u00e0 la fronti\u00e8re avec le Nord.\" width=\"960\" height=\"640\"\/><br \/>\n    Ici \u00e0 Bernissart, en Belgique, \u00e0 la fronti\u00e8re avec le Nord. \u00a9Facebook<br \/>\n    <a href=\"https:\/\/www.facebook.com\/plugins\/video.php?height=476&amp;href=https%3A%2F%2Fwww.facebook.com%2Fnewsperuwelz%2Fvideos%2F1596033738420901%2F&amp;show_text=false&amp;width=350&amp;t=0\" title=\"Ouvrie le lien\" rel=\"nofollow noopener\" target=\"_blank\">Cliquez ici pour visualiser le contenu<\/a><\/p>\n<p class=\" wall-content\">M\u00e9t\u00e9o France pr\u00e9voit de la neige, potentiellement m\u00eal\u00e9e \u00e0 de la pluie, aussi<b> dans les terres du Pas-de-Calais ce matin<\/b>. De Saint-Omer \u00e0 Arras, en passant par B\u00e9thune, Lens, Avesnes-le-Comte\u2026 Prudence.<\/p>\n<p>    <img   decoding=\"async\" loading=\"lazy\" class=\"size-large\" src=\"https:\/\/www.europesays.com\/fr\/wp-content\/uploads\/2025\/11\/45392960ce19639392960ce198d392v-960x640.jpg\" alt=\"M\u00e9t\u00e9o France pr\u00e9voit encore de la neige pour ce jeudi 20 novembre 2025, comme dans les terres du Pas-de-Calais.\" width=\"960\" height=\"640\"\/><br \/>\n    M\u00e9t\u00e9o France pr\u00e9voit encore de la neige pour ce jeudi 20 novembre 2025, comme dans les terres du Pas-de-Calais. \u00a9M\u00e9t\u00e9o France<\/p>\n<p class=\" wall-content\">N\u2019h\u00e9sitez pas \u00e0 nous envoyer vos photos de la neige, si elle pointe le bout de son nez chez vous, sur notre page <a href=\"https:\/\/www.facebook.com\/actufr.lille\" rel=\"nofollow noopener\" target=\"_blank\">Facebook<\/a>, <a href=\"https:\/\/www.instagram.com\/lilleactu\/?hl=fr\" rel=\"nofollow noopener\" target=\"_blank\">Instagram<\/a> ou sur notre bo\u00eete mail : <a href=\"https:\/\/actu.fr\/cdn-cgi\/l\/email-protection\" class=\"__cf_email__\" data-cfemail=\"96e4f3f2f7f5e2fff9f8b8fafffafaf3d6f7f5e2e3b8f0e4\" rel=\"nofollow noopener\" target=\"_blank\">[email\u00a0protected]<\/a><\/p>\n<p class=\" wall-content\">Personnalisez votre actualit\u00e9 en ajoutant vos villes et m\u00e9dias en favori avec <a href=\"https:\/\/moncompte.actu.fr\" title=\"D\u00e9couvez Mon Actu\" rel=\"nofollow noopener\" data-trk=\"{&quot;cta&quot;:{&quot;action&quot;:&quot;https:\\\/\\\/moncompte.actu.fr&quot;,&quot;category&quot;:&quot;mon compte&quot;,&quot;from&quot;:&quot;article footer&quot;,&quot;name&quot;:&quot;Mon actu&quot;,&quot;type&quot;:&quot;cta&quot;}}\" target=\"_blank\">Mon Actu<\/a>.<\/p>\n<p>                    <script async src=\"\/\/www.instagram.com\/embed.js\"><\/script><\/p>\n","protected":false},"excerpt":{"rendered":"Par Margot Nicod\u00e8me Publi\u00e9 le 20 nov. 2025 \u00e0 8h33 ; mis \u00e0 jour le 20 nov. 2025&hellip;\n","protected":false},"author":2,"featured_media":546621,"comment_status":"","ping_status":"","sticky":false,"template":"","format":"standard","meta":{"footnotes":""},"categories":[2815],"tags":[1111,11,1777,674,1011,27,811,1307,2487,2357,10584,12,25],"class_list":{"0":"post-546620","1":"post","2":"type-post","3":"status-publish","4":"format-standard","5":"has-post-thumbnail","7":"category-lille","8":"tag-actu","9":"tag-actualites","10":"tag-eu","11":"tag-europe","12":"tag-fr","13":"tag-france","14":"tag-hauts-de-france","15":"tag-lille","16":"tag-meteo","17":"tag-meteo-france","18":"tag-neige","19":"tag-news","20":"tag-republique-francaise"},"share_on_mastodon":{"url":"https:\/\/pubeurope.com\/@fr\/115581550435835070","error":""},"_links":{"self":[{"href":"https:\/\/www.europesays.com\/fr\/wp-json\/wp\/v2\/posts\/546620","targetHints":{"allow":["GET"]}}],"collection":[{"href":"https:\/\/www.europesays.com\/fr\/wp-json\/wp\/v2\/posts"}],"about":[{"href":"https:\/\/www.europesays.com\/fr\/wp-json\/wp\/v2\/types\/post"}],"author":[{"embeddable":true,"href":"https:\/\/www.europesays.com\/fr\/wp-json\/wp\/v2\/users\/2"}],"replies":[{"embeddable":true,"href":"https:\/\/www.europesays.com\/fr\/wp-json\/wp\/v2\/comments?post=546620"}],"version-history":[{"count":0,"href":"https:\/\/www.europesays.com\/fr\/wp-json\/wp\/v2\/posts\/546620\/revisions"}],"wp:featuredmedia":[{"embeddable":true,"href":"https:\/\/www.europesays.com\/fr\/wp-json\/wp\/v2\/media\/546621"}],"wp:attachment":[{"href":"https:\/\/www.europesays.com\/fr\/wp-json\/wp\/v2\/media?parent=546620"}],"wp:term":[{"taxonomy":"category","embeddable":true,"href":"https:\/\/www.europesays.com\/fr\/wp-json\/wp\/v2\/categories?post=546620"},{"taxonomy":"post_tag","embeddable":true,"href":"https:\/\/www.europesays.com\/fr\/wp-json\/wp\/v2\/tags?post=546620"}],"curies":[{"name":"wp","href":"https:\/\/api.w.org\/{rel}","templated":true}]}}